{"id":156426,"date":"2025-06-23T12:47:26","date_gmt":"2025-06-23T11:47:26","guid":{"rendered":"https:\/\/die-webzeitung.de\/stuttgart\/2025\/06\/23\/menschen-schuetzen-sich-immer-weniger-vor-cyberkriminalitaet\/"},"modified":"2025-06-23T17:41:42","modified_gmt":"2025-06-23T16:41:42","slug":"menschen-schuetzen-sich-immer-weniger-vor-cyberkriminalitaet","status":"publish","type":"post","link":"https:\/\/die-webzeitung.de\/stuttgart\/2025\/06\/23\/menschen-schuetzen-sich-immer-weniger-vor-cyberkriminalitaet\/","title":{"rendered":"Menschen sch\u00fctzen sich immer weniger vor Cyberkriminalit\u00e4t"},"content":{"rendered":"<h3 style=\"text-align: justify;\"><strong>\u00a0Fahrl\u00e4ssigkeit trotz hoher Betroffenheit<\/strong><\/h3>\n<p style=\"text-align: justify;\">Bonn.| Ob starke Passw\u00f6rter, Zwei-Faktor-Authentisierung oder regelm\u00e4\u00dfige Updates: Trotz anhaltend hoher Bedrohungslage verwenden Menschen weniger Ma\u00dfnahmen als noch in den Vorjahren zum Schutz vor Gefahren im Internet, so der Cybersicherheitsmonitor 2025. Die repr\u00e4sentative Dunkelfeldstudie von BSI und Polizei betrachtet das Schutzverhalten der Bev\u00f6lkerung sowie ihre Betroffenheit von Cyberkriminalit\u00e4t.<\/p>\n<p style=\"text-align: justify;\">Eine Mehrheit der Verbraucherinnen und Verbraucher sch\u00fctzt sowohl Benutzerkonten als auch Ger\u00e4te nur unzureichend vor m\u00f6glichen Angriffen. &#8220;Nur 34 Prozent geben etwa an, die Zwei-Faktor-Authentisierung zu verwenden. Im Jahr 2023 lag der Anteil noch bei 42 Prozent der Befragten. Auch automatische Updates hatten 2023 noch 36 Prozent aktiviert, w\u00e4hrend 30 Prozent Updates regelm\u00e4\u00dfig manuell durchf\u00fchrten. 2025 sind beide Anteile gesunken &#8211; auf 27 Prozent bei den automatischen und 24 Prozent bei den manuellen Updates.&#8221;<\/p>\n<p style=\"text-align: justify;\">BSI-Pr\u00e4sidentin Claudia Plattner: \u201eCybersicherheit betrifft uns alle \u2013 privat, beruflich und gesellschaftlich. Gerade in der aktuellen geopolitischen Situation m\u00fcssen wir Cybersicherheit viel ernster nehmen: Das gilt f\u00fcr den Staat, f\u00fcr die Hersteller von IT-Produkten und f\u00fcr jede und jeden Einzelnen von uns!\u201c<\/p>\n<p style=\"text-align: justify;\">Der wachsenden Sorglosigkeit in der Bev\u00f6lkerung steht eine hohe Betroffenheit gegen\u00fcber: Zwar geben mit sieben Prozent etwas weniger als noch in den Vorjahren an, in den letzten zw\u00f6lf Monaten von Cyberkriminalit\u00e4t betroffen gewesen zu sein. Keineswegs r\u00fcckl\u00e4ufig ist jedoch der Anteil von Menschen, die eine Straftat im Internet mit finanziellem Schaden erlebten: Zwei Prozent der Befragten erlitten allein im Vorjahr einen finanziellen Schaden durch Cyberkriminalit\u00e4t.<\/p>\n<p style=\"text-align: justify;\">Dr. Stefanie Hinz, Landespolizeipr\u00e4sidentin und Vorsitzende des ProPK: \u201eCyberkriminalit\u00e4t taucht im Alltag von vielen Menschen auf. Ob als betr\u00fcgerische E-Mail oder als Betrug beim Online-Shopping. Die Polizei hilft durch intensive Pr\u00e4ventionsarbeit dabei, T\u00e4terstrategien \u00f6ffentlich zu machen, damit diese m\u00f6glichst ins Leere laufen. Wenn sie betroffen sind, erstatten Sie Anzeige. Pr\u00e4vention, Aufkl\u00e4rung und konsequente Strafverfolgung tragen entscheidend dazu bei, die digitale Welt sicherer zu machen.\u201c<\/p>\n<p style=\"text-align: justify;\">Wie aber vorgehen im Ernstfall? Mehr als die H\u00e4lfte der Befragten (51 Prozent) w\u00fcnscht sich dazu Informationen. BSI und ProPK ver\u00f6ffentlichen daher gemeinsam zwei neue sowie drei \u00fcberarbeitete \u201eChecklisten f\u00fcr den Ernstfall\u201c mit Handlungsempfehlungen im Falle von u.a. einer Infektion mit einem Schadprogramm oder Betrug beim Onlinebanking. Die Checklisten ebenso wie der Bericht zum Cybersicherheitsmonitor 2025 sind auf den Webseiten von BSI und ProPK abrufbar.<\/p>\n<p style=\"text-align: justify;\">\u00dcber den Cybersicherheitsmonitor: Das Bundesamt f\u00fcr Sicherheit in der Informationstechnik (BSI) und das Programm Polizeiliche Kriminalpr\u00e4vention der L\u00e4nder und des Bundes (ProPK) erheben gemeinsam das Informations- und Schutzverhalten der Bev\u00f6lkerung sowie ihre Betroffenheit von Cyberkriminalit\u00e4t. Die diesj\u00e4hrige Befragung wurde vom 3. &#8211; 7. Februar 2025 durchgef\u00fchrt. Dabei wurden 3.061 Personen ab 16 Jahren bundesweit befragt und die Ergebnisse anhand der Bev\u00f6lkerungsstrukturmerkmale Alter, Geschlecht, Bundesland und Bildung in Deutschland gewichtet.<\/p>\n<hr \/>\n<p style=\"text-align: justify;\">\n","protected":false},"excerpt":{"rendered":"<p>\u00a0Fahrl\u00e4ssigkeit trotz hoher Betroffenheit Bonn.| Ob starke Passw\u00f6rter, Zwei-Faktor-Authentisierung oder regelm\u00e4\u00dfige Updates: Trotz anhaltend hoher Bedrohungslage verwenden Menschen weniger Ma\u00dfnahmen als noch in den Vorjahren zum Schutz vor Gefahren im Internet, so der Cybersicherheitsmonitor 2025. Die repr\u00e4sentative Dunkelfeldstudie von BSI und Polizei betrachtet das Schutzverhalten der Bev\u00f6lkerung sowie ihre Betroffenheit von Cyberkriminalit\u00e4t. Eine Mehrheit der [&hellip;]<\/p>\n","protected":false},"author":4,"featured_media":156427,"comment_status":"closed","ping_status":"open","sticky":false,"template":"","format":"standard","meta":{"inline_featured_image":false,"_exactmetrics_skip_tracking":false,"_exactmetrics_sitenote_active":false,"_exactmetrics_sitenote_note":"","_exactmetrics_sitenote_category":0,"footnotes":""},"categories":[59,2237],"tags":[9518,17533,14857,68,18100,646],"class_list":{"0":"post-156426","1":"post","2":"type-post","3":"status-publish","4":"format-standard","5":"has-post-thumbnail","7":"category-aktuell","8":"category-ratgeber-leben","9":"tag-crime","10":"tag-cyber","11":"tag-die-webzeitung","12":"tag-online-zeitung","13":"tag-passwort","14":"tag-sicherheit"},"image_feature":"https:\/\/die-webzeitung.de\/stuttgart\/wp-content\/uploads\/sites\/4\/2025\/06\/computer-1591018_1280-scaled.jpg","author_name":"Redaktion","pure_taxonomies":{"categories":[{"term_id":59,"name":"Aktuell","slug":"aktuell","term_group":0,"term_taxonomy_id":60,"taxonomy":"category","description":"","parent":0,"count":1017,"filter":"raw","image":""},{"term_id":2237,"name":"Ratgeber","slug":"ratgeber-leben","term_group":0,"term_taxonomy_id":2250,"taxonomy":"category","description":"","parent":482,"count":380,"filter":"raw","image":""}],"tags":[{"term_id":9518,"name":"Crime","slug":"crime","term_group":0,"term_taxonomy_id":9548,"taxonomy":"post_tag","description":"","parent":0,"count":1,"filter":"raw","image":""},{"term_id":17533,"name":"Cyber","slug":"cyber","term_group":0,"term_taxonomy_id":17552,"taxonomy":"post_tag","description":"","parent":0,"count":6,"filter":"raw","image":""},{"term_id":14857,"name":"Die-Webzeitung","slug":"die-webzeitung","term_group":0,"term_taxonomy_id":14876,"taxonomy":"post_tag","description":"","parent":0,"count":3625,"filter":"raw","image":""},{"term_id":68,"name":"Online-Zeitung","slug":"online-zeitung","term_group":0,"term_taxonomy_id":69,"taxonomy":"post_tag","description":"","parent":0,"count":3595,"filter":"raw","image":""},{"term_id":18100,"name":"Passwort","slug":"passwort","term_group":0,"term_taxonomy_id":18119,"taxonomy":"post_tag","description":"","parent":0,"count":1,"filter":"raw","image":""},{"term_id":646,"name":"Sicherheit","slug":"sicherheit","term_group":0,"term_taxonomy_id":654,"taxonomy":"post_tag","description":"","parent":0,"count":17,"filter":"raw","image":""}]},"_links":{"self":[{"href":"https:\/\/die-webzeitung.de\/stuttgart\/wp-json\/wp\/v2\/posts\/156426","targetHints":{"allow":["GET"]}}],"collection":[{"href":"https:\/\/die-webzeitung.de\/stuttgart\/wp-json\/wp\/v2\/posts"}],"about":[{"href":"https:\/\/die-webzeitung.de\/stuttgart\/wp-json\/wp\/v2\/types\/post"}],"author":[{"embeddable":true,"href":"https:\/\/die-webzeitung.de\/stuttgart\/wp-json\/wp\/v2\/users\/4"}],"replies":[{"embeddable":true,"href":"https:\/\/die-webzeitung.de\/stuttgart\/wp-json\/wp\/v2\/comments?post=156426"}],"version-history":[{"count":1,"href":"https:\/\/die-webzeitung.de\/stuttgart\/wp-json\/wp\/v2\/posts\/156426\/revisions"}],"predecessor-version":[{"id":156429,"href":"https:\/\/die-webzeitung.de\/stuttgart\/wp-json\/wp\/v2\/posts\/156426\/revisions\/156429"}],"wp:featuredmedia":[{"embeddable":true,"href":"https:\/\/die-webzeitung.de\/stuttgart\/wp-json\/wp\/v2\/media\/156427"}],"wp:attachment":[{"href":"https:\/\/die-webzeitung.de\/stuttgart\/wp-json\/wp\/v2\/media?parent=156426"}],"wp:term":[{"taxonomy":"category","embeddable":true,"href":"https:\/\/die-webzeitung.de\/stuttgart\/wp-json\/wp\/v2\/categories?post=156426"},{"taxonomy":"post_tag","embeddable":true,"href":"https:\/\/die-webzeitung.de\/stuttgart\/wp-json\/wp\/v2\/tags?post=156426"}],"curies":[{"name":"wp","href":"https:\/\/api.w.org\/{rel}","templated":true}]}}