{"id":156419,"date":"2025-06-23T09:57:29","date_gmt":"2025-06-23T08:57:29","guid":{"rendered":"https:\/\/die-webzeitung.de\/stuttgart\/?p=156419"},"modified":"2025-12-05T12:11:12","modified_gmt":"2025-12-05T11:11:12","slug":"energetische-sanierung","status":"publish","type":"post","link":"https:\/\/die-webzeitung.de\/stuttgart\/2025\/06\/23\/energetische-sanierung\/","title":{"rendered":"Energetische Sanierung"},"content":{"rendered":"<h3 style=\"text-align: justify;\"><strong>Beratungskampagne startet in die n\u00e4chste Runde<\/strong><\/h3>\n<p style=\"text-align: justify;\">Kirchheim unter Teck.|\u00a0Die Stadt Kirchheim unter Teck startet die zweite Runde ihrer Energieberatungskampagne mit dem Fokus auf Jesingen. Nach 62 durchgef\u00fchrten Beratungen im November 2024 werden vom 30. Juni bis Ende Juli 2025 \u00fcber 60 kostenfreie Vor-Ort-Beratungen angeboten. Den Auftakt macht einen Informationsvortrag am 24. Juni 2025 im Evangelischen Gemeindehaus Jesingen.<\/p>\n<p style=\"text-align: justify;\">Neue gesetzliche Regelungen, sich wandelnde F\u00f6rderprogramme und eine rasch entwickelte Heizungstechnik stellen viele Immobilienbesitzerinnen und -besitzer vor gro\u00dfe Herausforderungen bei der energetischen Sanierung ihrer Geb\u00e4ude. Widerspr\u00fcchliche Informationen erschweren die Entscheidungsfindung zus\u00e4tzlich. Mit einer mehrteiligen Beratungskampagne m\u00f6chte die Stadt Kirchheim unter Teck deshalb gezielte Unterst\u00fctzung durch kostenfreie Vor-Ort-Beratungen anbieten.<\/p>\n<p style=\"text-align: justify;\">Der Erfolg der ersten Kampagne best\u00e4tigte den Bedarf: Bereits im November 2024 wurden 62 Vor-Ort-Beratungen in Kirchheim unter Teck durchgef\u00fchrt, mit Schwerpunkt in den Ortsteilen \u00d6tlingen und Lindorf. Nun startet die zweite Runde der Beratungskampagne. Diesmal mit dem Fokus auf den Ortsteil Jesingen.<\/p>\n<p style=\"text-align: justify;\">Den Auftakt zur Beratungskampagne bildet einen Informationsvortrag am Dienstag, 24. Juni 2025, um 18:30 Uhr im Evangelischen Gemeindehaus Jesingen, Reu\u00dfensteinstra\u00dfe 15. Unter dem Titel \u201eIhr Haus zukunftsf\u00e4hig erhalten, sanieren und modernisieren\u201c erl\u00e4utert Energieberater Daniel Reuter die wichtigsten Aspekte zu energetischer Sanierung, Heizungstausch, gesetzlichen Vorgaben und F\u00f6rderm\u00f6glichkeiten. Au\u00dferdem stellt er den Ablauf der individuellen Beratungen vor. Im Anschluss an den Vortrag k\u00f6nnen direkt Beratungstermine gebucht werden.<\/p>\n<p style=\"text-align: justify;\">Die Energieberatung vor Ort bietet die Gelegenheit, sich kostenfrei \u00fcber konkrete Sanierungsm\u00f6glichkeiten durch qualifizierte Energieberater der Verbraucherzentrale Baden-W\u00fcrttemberg e. V. beraten zu lassen. Den \u00fcblicherweise anfallenden Eigenanteil der Beratungskosten in H\u00f6he von 30 Euro \u00fcbernimmt vollst\u00e4ndig die Stadt Kirchheim unter Teck.<\/p>\n<p style=\"text-align: justify;\">Die Erstberatungen sind individuell auf jedes Geb\u00e4ude zugeschnitten und beinhalten einen ausf\u00fchrlichen Hausbesuch. Dabei k\u00f6nnen Fragen zur energetischen Optimierung gestellt oder m\u00f6gliche Modernisierungs- und Sanierungsma\u00dfnahmen besprochen werden. Die Energieberatung informiert au\u00dferdem umfassend \u00fcber entsprechende F\u00f6rderm\u00f6glichkeiten.<\/p>\n<p style=\"text-align: justify;\">Die Beratungskampagne wird in Zusammenarbeit mit der Verbraucherzentrale Baden-W\u00fcrttemberg und der Klimaschutzagentur im Landkreis Esslingen durchgef\u00fchrt.<\/p>\n<p style=\"text-align: justify;\">Eine Anmeldung zu den Beratungsterminen ist bei der Auftaktveranstaltung am 24. Juni sowie ab 25. Juni 2025 online m\u00f6glich unter: <a href=\"http:\/\/www.kirchheim-teck.de\/beratungskampagne\" target=\"_blank\" rel=\"noopener\">www.kirchheim-teck.de\/beratungskampagne<\/a> .<\/p>\n<p style=\"text-align: justify;\">Vorrangig werden Anfragen aus Jesingen ber\u00fccksichtigt, jedoch sind auch Anfragen aus dem gesamten Stadtgebiet willkommen.<\/p>\n<hr \/>\n<p style=\"text-align: justify;\">\n","protected":false},"excerpt":{"rendered":"<p>Beratungskampagne startet in die n\u00e4chste Runde Kirchheim unter Teck.|\u00a0Die Stadt Kirchheim unter Teck startet die zweite Runde ihrer Energieberatungskampagne mit dem Fokus auf Jesingen. Nach 62 durchgef\u00fchrten Beratungen im November 2024 werden vom 30. Juni bis Ende Juli 2025 \u00fcber 60 kostenfreie Vor-Ort-Beratungen angeboten. Den Auftakt macht einen Informationsvortrag am 24. Juni 2025 im Evangelischen [&hellip;]<\/p>\n","protected":false},"author":4,"featured_media":0,"comment_status":"closed","ping_status":"open","sticky":false,"template":"","format":"standard","meta":{"inline_featured_image":false,"_exactmetrics_skip_tracking":false,"_exactmetrics_sitenote_active":false,"_exactmetrics_sitenote_note":"","_exactmetrics_sitenote_category":0,"footnotes":""},"categories":[2247],"tags":[14857,631,68,460],"class_list":{"0":"post-156419","1":"post","2":"type-post","3":"status-publish","4":"format-standard","6":"category-kreis-esslingen","7":"tag-die-webzeitung","8":"tag-energie","9":"tag-online-zeitung","10":"tag-sanierung"},"image_feature":null,"author_name":"Redaktion","pure_taxonomies":{"categories":[{"term_id":2247,"name":"Kreis Esslingen","slug":"kreis-esslingen","term_group":0,"term_taxonomy_id":2260,"taxonomy":"category","description":"Informationen aus dem Landkreis Esslingen","parent":171,"count":214,"filter":"raw","image":""}],"tags":[{"term_id":14857,"name":"Die-Webzeitung","slug":"die-webzeitung","term_group":0,"term_taxonomy_id":14876,"taxonomy":"post_tag","description":"","parent":0,"count":3625,"filter":"raw","image":""},{"term_id":631,"name":"Energie","slug":"energie","term_group":0,"term_taxonomy_id":639,"taxonomy":"post_tag","description":"","parent":0,"count":4,"filter":"raw","image":""},{"term_id":68,"name":"Online-Zeitung","slug":"online-zeitung","term_group":0,"term_taxonomy_id":69,"taxonomy":"post_tag","description":"","parent":0,"count":3595,"filter":"raw","image":""},{"term_id":460,"name":"Sanierung","slug":"sanierung","term_group":0,"term_taxonomy_id":467,"taxonomy":"post_tag","description":"","parent":0,"count":20,"filter":"raw","image":""}]},"_links":{"self":[{"href":"https:\/\/die-webzeitung.de\/stuttgart\/wp-json\/wp\/v2\/posts\/156419","targetHints":{"allow":["GET"]}}],"collection":[{"href":"https:\/\/die-webzeitung.de\/stuttgart\/wp-json\/wp\/v2\/posts"}],"about":[{"href":"https:\/\/die-webzeitung.de\/stuttgart\/wp-json\/wp\/v2\/types\/post"}],"author":[{"embeddable":true,"href":"https:\/\/die-webzeitung.de\/stuttgart\/wp-json\/wp\/v2\/users\/4"}],"replies":[{"embeddable":true,"href":"https:\/\/die-webzeitung.de\/stuttgart\/wp-json\/wp\/v2\/comments?post=156419"}],"version-history":[{"count":1,"href":"https:\/\/die-webzeitung.de\/stuttgart\/wp-json\/wp\/v2\/posts\/156419\/revisions"}],"predecessor-version":[{"id":156420,"href":"https:\/\/die-webzeitung.de\/stuttgart\/wp-json\/wp\/v2\/posts\/156419\/revisions\/156420"}],"wp:attachment":[{"href":"https:\/\/die-webzeitung.de\/stuttgart\/wp-json\/wp\/v2\/media?parent=156419"}],"wp:term":[{"taxonomy":"category","embeddable":true,"href":"https:\/\/die-webzeitung.de\/stuttgart\/wp-json\/wp\/v2\/categories?post=156419"},{"taxonomy":"post_tag","embeddable":true,"href":"https:\/\/die-webzeitung.de\/stuttgart\/wp-json\/wp\/v2\/tags?post=156419"}],"curies":[{"name":"wp","href":"https:\/\/api.w.org\/{rel}","templated":true}]}}