{"id":156350,"date":"2025-06-16T09:17:08","date_gmt":"2025-06-16T08:17:08","guid":{"rendered":"https:\/\/die-webzeitung.de\/stuttgart\/?p=156350"},"modified":"2025-06-22T10:06:55","modified_gmt":"2025-06-22T09:06:55","slug":"polizei-report-kreis-boeblingen-woche-25-5","status":"publish","type":"post","link":"https:\/\/die-webzeitung.de\/stuttgart\/2025\/06\/16\/polizei-report-kreis-boeblingen-woche-25-5\/","title":{"rendered":"Polizei-Report Kreis B\u00f6blingen | Woche 25"},"content":{"rendered":"<p><em>Quelle: ots<\/em><\/p>\n<p style=\"text-align: justify;\"><strong>Sindelfingen: Brand eines Mehrfamilienhauses<\/strong><br \/>\nAm Samstag gegen 11:40 Uhr wurde die Feuerwehr zu einem Balkonbrand in die Kruppstra\u00dfe in Sindelfingen-Darmsheim gerufen. Das Feuer, welches sich mutma\u00dflich auf dem Balkon im Obergeschoss entz\u00fcndete und von dort auf den Dachstuhl des Mehrfamilienhauses ausbreitete, konnte von der Feuerwehr unter Kontrolle gebracht werden. Alle Bewohner konnten das Geb\u00e4ude unverletzt verlassen. Das Wohnhaus war nach dem L\u00f6schangriff nur noch teilweise bewohnbar. Die betroffenen Personen kamen bei Bekannten und Verwandten unter. Die Feuerwehr und der Rettungsdienst waren mit starken Kr\u00e4ften vor Ort. Auch vom Polizeirevier Sindelfingen waren insgesamt sechs Streifenfahrzeuge eingesetzt. Der Sachschaden am Geb\u00e4ude wird auf etwa 200.000 Euro gesch\u00e4tzt.<\/p>\n<p style=\"text-align: justify;\"><strong>Grafenau: Pkw f\u00e4ngt nach Unfall Feuer<\/strong><br \/>\nEin 20 Jahre alter BMW-Lenker fuhr am fr\u00fchen Freitag (20.06.2025), gegen 3.15 Uhr die Landesstra\u00dfe 1182 von Sindelfingen-Darmsheim kommend in Richtung D\u00f6ffingen entlang. Mutma\u00dflich aufgrund von nicht angepasster Geschwindigkeit geriet der BMW in einem Kurvenbereich ins Schleudern und kam von der Fahrbahn ab. Nachdem es einen Baum touchierte, blieb das Fahrzeug in einer B\u00f6schung schlie\u00dflich stehen und begann zu qualmen. Der 20-J\u00e4hrige konnte sich selbstst\u00e4ndig aus dem BMW befreien, ehe dieser Flammen fing. Der Rettungsdienst brachte den jungen Mann mit leichten Verletzungen in ein Krankenhaus. Die H\u00f6he des entstandenen Sachschadens kann derzeit noch nicht genau beziffert werden.<\/p>\n<p style=\"text-align: justify;\"><strong>B\u00f6blingen: Unbekannte versuchen Zigarettenautomaten aufzubrechen<\/strong><br \/>\nAm Freitagmorgen (20.06.2025) gegen 04.25 Uhr alarmierte ein Anwohner der Bussardstra\u00dfe in B\u00f6blingen die Polizei, nachdem er festgestellt hatte, dass drei bislang noch unbekannte Personen versuchten einen Zigarettenautomaten aufzubrechen. Mehrere Streifenwagenbesatzungen fuhren daraufhin den Tatort an. W\u00e4hrenddessen ergriffen die T\u00e4ter die Flucht in Richtung Murkenbachweg. Sofort eingeleitete polizeiliche Fahndungsma\u00dfnahmen verliefen ohne Erfolg. Am Zigarettenautomat, der lediglich besch\u00e4digt, aber nicht aufgebrochen wurde, entstand ein Sachschaden von rund 1.000 Euro. Weitere Zeugen, die sachdienliche Hinweise geben k\u00f6nnen, werden gebeten, sich unter Tel. 07031 13-2500 oder per E-Mail an <a href=\"mailto:boeblingen.prev@polizei.bwl.de\" target=\"_blank\" rel=\"noopener\">boeblingen.prev@polizei.bwl.de<\/a> beim Polizeirevier B\u00f6blingen zu melden.<\/p>\n<p style=\"text-align: justify;\"><strong>Deckenpfronn: Kraftstoffspur f\u00fchrt zu zwei Unf\u00e4llen<\/strong><br \/>\nDas Polizeirevier Herrenberg, Tel. 07032 2708-0 oder E-Mail: <a href=\"mailto:herrenberg.prev@polizei.bwl.de\" target=\"_blank\" rel=\"noopener\">herrenberg.prev@polizei.bwl.de<\/a>, ermittelt derzeit gegen einen noch unbekannten Fahrzeuglenker, der am Dienstagnachmittag (17.06.2025) vermutlich beim Befahren des Kreisverkehrs der Bundesstra\u00dfe 296, der Landesstra\u00dfe 1357 und der Kreisstra\u00dfe 1075 Kraftstoff bei Deckenpfronn verloren hat. Ein 57- und ein 24 -J\u00e4hriger hatten die Spur bemerkt und gegen 16.35 Uhr im Bereich des Kreisverkehrs angehalten, um die Polizei zu informieren. W\u00e4hrend sich die beiden M\u00e4nner vor Ort befanden, kam zun\u00e4chst ein noch unbekannter Radfahrer ins Rutschen und st\u00fcrzte. Der Mann verlie\u00df den Unfallort noch bevor die Polizei eingetroffen war, k\u00f6nnte sich aber Verletzungen zugezogen haben. Kurz darauf wollte eine 61 Jahre alte Roller-Fahrerin den Kreisverkehr befahren. Auch sie st\u00fcrzte, nachdem ihr Zweirad ins Rutschen gekommen war. Die Frau erlitt vermutlich leichte Verletzungen. Der entstandene Sachschaden am Roller wurde auf rund 1.000 Euro gesch\u00e4tzt. W\u00e4hrend der Unfallaufnahme und den Reinigungs- bzw. Streuma\u00dfnahmen musste der Verkehr durch die Polizei geregelt werden. Die Polizei bittet nun zum einen den gest\u00fcrzten Radfahrer sich zu melden und sucht Zeugen, die Hinweise zum Verursacher der Kraftstoffspur geben k\u00f6nnen.<\/p>\n<p style=\"text-align: justify;\"><strong>Weil der Stadt: Zeugen zu Verkehrsunfall mit einer schwer und einer leicht verletzten Person gesucht<\/strong><br \/>\nAm Dienstagabend (17.06.2025) gegen 23:40 Uhr verunfallte ein Leichtkraftrad auf dem S\u00e4gewerk in Weil der Stadt. Das mit zwei Personen besetzte Leichtkraftrad war auf H\u00f6he der Unterf\u00fchrung der Bundesstra\u00dfe 295, aus Richtung Leonberger Stra\u00dfe kommend, in einer Linkskurve aus noch unbekannter Ursache nach rechts von der Fahrbahn abgekommen. Nachdem es \u00fcber einen Bordstein und kurzzeitig \u00fcber den Gehweg fuhr, prallte es gegen eine Betonwand. Anschlie\u00dfend wurde das Leichtkraftrad wieder auf die Fahrbahn abgewiesen und die beiden Personen st\u00fcrzten zu Boden. Hierbei erlitt ein 24-j\u00e4hriger Mann schwere und ein 21-j\u00e4hriger Mann leichte Verletzungen. Beide Personen wurden in Krankenh\u00e4user gebracht. Wer zum Unfall das Leichtkraftrad lenke und wer als Sozius auf dem Zweirad sa\u00df, ist noch Gegenstand der laufenden Ermittlungen. Beide Personen trugen zum Unfallzeitpunkt keinen Helm. Weder der 21-j\u00e4hrige noch der 24-j\u00e4hrigen Mann sind im Besitz einer erforderlichen Fahrerlaubnis, zudem war das Leichtkraftrad nicht zugelassen. Des Weiteren konnte bei beiden Personen Atemalkoholgeruch festgestellt werden. Zur Kl\u00e4rung des Unfallhergangs wurde durch die Staatsanwaltschaft Stuttgart ein Gutachter bestellt. Zeugen, die sachdienliche Hinweise geben k\u00f6nnen, werden gebeten, sich bei der Verkehrspolizeiinspektion Ludwigsburg unter Tel. 0711 6869-0 oder per E-Mail an <a href=\"mailto:stuttgart-vaihingen.vpi@polizei.bwl.de\" target=\"_blank\" rel=\"noopener\">stuttgart-vaihingen.vpi@polizei.bwl.de<\/a> zu melden.<\/p>\n<p style=\"text-align: justify;\"><strong>Renningen: 34-j\u00e4hriger alkoholisiert an Unfallflucht beteiligt<\/strong><br \/>\nAm Mittwochmorgen (18.06.2025) gegen 00:25 Uhr ereignete sich auf der Bundesstra\u00dfe 464 bei Renningen ein Verkehrsunfall. Zeugen meldeten der Polizei, dass auf der B 464 von Magstadt kommend in Richtung Renningen ein Pkw in einem Gr\u00fcnstreifen neben der Fahrbahn stehen soll. Nachdem die Zeugen den Fahrer ansprachen, soll dieser signalisiert haben, dass er unverletzt sei. Kurz danach fl\u00fcchtete er unerkannt zu Fu\u00df \u00fcber die Felder. Eine alarmierte Streifenwagenbesatzung des Polizeireviers Sindelfingen stellte vor Ort fest, dass der zu diesem Zeitpunkt noch unbekannte Fahrer eines Mercedes zun\u00e4chst im Bereich einer Bahnbr\u00fccke mit einem zwischen den beiden Richtungsfahrbahnen installierten Anpralld\u00e4mpfer kollidierte und sein Fahrzeug anschlie\u00dfend nach rechts abgewiesen wurde. Hierbei \u00fcberfuhr der Mercedes folglich einen Bordstein und geriet in eine Senke neben der Fahrbahn. Mutma\u00dflich platze hierbei der hintere rechte Reifen seines Fahrzeugs und die Fahrerseite zersprang. Nach rund 90 Metern endete seine Fahrt im Gr\u00fcnstreifen. Im Rahmen von Fahndungsma\u00dfnahmen stellte eine Streifenwagenbesatzung kurze Zeit sp\u00e4ter den 34-j\u00e4hrigen mutma\u00dflichen Fahrer unweit seiner Wohnanschrift fest. W\u00e4hrend die Beamten den Mann kontrollierten, nahmen sie bei ihm Alkoholgeruch wahr. Ein freiwillig durchgef\u00fchrter Atemalkoholtest ergab einen Wert von rund zwei Promille. Der 34-J\u00e4hrige musste sich in der Folge einer Blutentnahme unterziehen. Sein F\u00fchrerschein wurde dar\u00fcber hinaus beschlagnahmt. Der am PKW entstandene Sachschaden wurde auf etwa 15.000 Euro gesch\u00e4tzt. Das Fahrzeug war nicht mehr fahrbereit und musste abgeschleppt werden.<\/p>\n<p style=\"text-align: justify;\"><strong>Sindelfingen: Pedelec-Fahrer bei Verkehrsunfallflucht schwer verletzt &#8211; Zeugen gesucht<\/strong><br \/>\nZu einem Verkehrsunfall, der bereits am Freitag (13.06.2025) gegen 07:30 Uhr in der Lindenstra\u00dfe in Sindelfingen einen schwerverletzten Zweiradfahrer zur Folge hatte, sucht die Verkehrspolizeiinspektion des Polizeipr\u00e4sidiums Ludwigsburg noch Zeugen. Ein 77-j\u00e4hriger Pedelec-Lenker befuhr aus Richtung Rudolph-Harbig-Stra\u00dfe kommend die Lindenstra\u00dfe in Richtung Fron\u00e4ckerstra\u00dfe. Hier kam ihm in der, durch Verkehrszeichen geregelte, Anliegerstra\u00dfe ein bislang noch unbekannter Fahrzeuglenker entgegen. Im Begegnungsverkehr kam es dann zu einem mutma\u00dflich seitlichen Kontakt zwischen dem Pkw und dem Pedelec, wodurch der 77-J\u00e4hrige von seinem Zweirad zu Boden st\u00fcrzte und schwere Verletzungen erlitt. Der unbekannte Fahrzeuglenker entfernte sich im Anschluss an den Verkehrsunfall unerlaubt vom Unfallort. Ein hinzugerufener Rettungsdienst brachte den gest\u00fcrzten Senior in ein Krankenhaus. Zeugen, die Angaben zu dem verantwortlichen Fahrzeugf\u00fchrer oder zum Unfallhergang machen k\u00f6nnen, werden gebeten sich unter der Tel. 0711 6869-0 zu melden.<\/p>\n<p style=\"text-align: justify;\"><strong>Sindelfingen-Maichingen: ungebetener n\u00e4chtlicher Besuch in der Stuttgarter Stra\u00dfe<\/strong><br \/>\nDer Polizeiposten Maichingen ermittelt derzeit gegen einen noch unbekannten T\u00e4ter, der am Montagnacht (16.06.2025) in einem Garten in der Stuttgarter Stra\u00dfe sein Unwesen trieb. Kurz vor Mitternacht vernahm eine Anwohnerin seltsame Ger\u00e4usche aus ihrem Garten. Vermutlich durchsuchte der Unbekannte gerade einen Schuppen nach Stehlenswertem. Die Frau rief dem Unbekannte zu und drohte ihm die Polizei zu rufen, worauf dieser die Flucht ergriff. Es soll sich um einen etwa 35 Jahre alten Mann gehandelt haben, der circa 175 bis 180 cm gro\u00df und d\u00fcnn ist. Er d\u00fcrfte dunkle Kleidung getragen und einen Rucksack mit auff\u00e4llig breiten Schultergurten mitgef\u00fchrt haben. Zeugen, die weitere Hinweise geben k\u00f6nnen, werden gebeten, sich unter Tel. 07031 20405-0 oder per E-Mail: <a href=\"mailto:sindelfingen.prev@polizei.bwl.de\" target=\"_blank\" rel=\"noopener\">sindelfingen.prev@polizei.bwl.de<\/a> bei der Polizei zu melden.<\/p>\n<p style=\"text-align: justify;\"><strong>Leonberg-Eltingen: Treppenabgang mit Stra\u00dfe verwechselt<\/strong><br \/>\nEine 56 Jahre alte, ortsunkundige Frau war am Montagvormittag (16.06.2025), gegen 11.30 Uhr, im Bereich der Neuk\u00f6llner Stra\u00dfe in Eltingen in einen Unfall verwickelt. Vermutlich verwechselte die Dacia-Fahrerin einen Treppenabgang auf H\u00f6he der Volkshochschule mit einer Stra\u00dfe und fuhr die Treppen hinunter. Der PKW setzte schlie\u00dflich mit dem Unterboden auf, so dass eine Weiterfahrt nicht mehr m\u00f6glich war. Der Dacia, an dem ein Sachschaden in H\u00f6he von etwa 300 Euro entstand, musste abgeschleppt werden.<\/p>\n<p style=\"text-align: justify;\"><strong>A81 Leonberg: Fahrzeugbrand im Engelbergtunnel f\u00fchrt zu Stau<\/strong><br \/>\nAuf den Bundesautobahnen 8 und 81 rund um den Engelbergtunnel kam es am Montagnachmittag (16.06.2025) zu Staus, nachdem ein Fahrzeug zu brennen begonnen hatte, was eine Tunnelsperrung zur Folge hatte. Gegen 15.50 Uhr bemerkten ein 37-j\u00e4hriger VW-Lenker und seine 32 Jahre alte Beifahrerin, die sich gerade im Engelbergtunnel in Fahrtrichtung Stuttgart befanden, dass Rauch aus der L\u00fcftung des PKW hervorquoll. Hierauf stoppten sie den PKW und stiegen aus. Zuf\u00e4llig befanden sich Einsatzkr\u00e4fte des Kampfmittelbeseitigungsdienstes des Landeskriminalamts BW vor Ort, die sofort begannen, mit mitgef\u00fchrten Feuerl\u00f6schern den Fahrzeugbrand zu l\u00f6schen. Gegen 16.15 Uhr war der Brand bereits gel\u00f6scht. Nahezu zeitgleich st\u00fcrzte ein 62 Jahre alter Motorradfahrer, der sich im Stau hinter dem Fahrzeugbrand befand. Vermutlich war ein medizinisches Problem urs\u00e4chlich f\u00fcr diesen Unfall. Nachdem die alarmierte Feuerwehr und die Polizei die jeweiligen \u00dcberpr\u00fcfungen durchgef\u00fchrt hatten, konnte die Tunnelr\u00f6hre in Fahrtrichtung Heilbronn gegen 16.40 Uhr frei gegeben werden. Im Anschluss erfolgte Schritt f\u00fcr Schritt auch die Freigabe der Tunnelr\u00f6hre in Richtung Stuttgart. Der Fahrstreifen, auf dem sich der VW und das Motorrad befanden, mussten noch gesperrt bleiben, bis die Fahrzeuge abgeschleppt worden waren. Gegen 19.30 Uhr war der polizeiliche Einsatz beendet. Verletzte gab es keine. Der Motorradfahrer wurde jedoch vorsorglich vom Rettungsdienst in ein Krankenhaus gebracht. Die durch den Brand und den Unfall entstandenen Sachsch\u00e4den stehen derzeit noch nicht fest.<\/p>\n<p style=\"text-align: justify;\"><strong>B\u00f6blingen: PKW verliert Anh\u00e4nger &#8211; Unfall mit Leichtverletzten<\/strong><br \/>\nAm Samstagnachmittag (14.06.2025) ereignete sich in der Hanns-Klemm-Stra\u00dfe in B\u00f6blingen ein Unfall, bei dem zwei Personen leichte Verletzungen erlitten. Ein 33 Jahre alter Mann befuhr mit einem Peugeot mit Anh\u00e4nger die Hanns-Klemm-Stra\u00dfe aus Richtung Schickardstra\u00dfe kommend. Die Stra\u00dfe f\u00fchrt zun\u00e4chst \u00fcber die Bundesstra\u00dfe 464 und kreuzt dann ein Bahngleis. Im dortigen Bereich l\u00f6ste sich aus bislang unbekannter Ursache der Anh\u00e4nger vom Peugeot und kollidierte mit einem Fiat, der in entgegengesetzte Richtung unterwegs war. Der 66-j\u00e4hrige Fahrer des Fiat und die 44 Jahre alte Beifahrerin erlitten leichte Verletzungen. Der Fiat war nicht mehr fahrbereit und musste abgeschleppt werden. Der entstandene Gesamtsachschaden d\u00fcrfte sich auf rund 6.500 Euro belaufen. Im Zuge der Unfallaufnahme stellte sich heraus, dass der 44-J\u00e4hrige das PKW-Anh\u00e4nger-Gespann gefahren haben d\u00fcrfte, ohne die erforderliche Fahrerlaubnis zu besitzen. Die Ermittlungen dauern an.<\/p>\n<p style=\"text-align: justify;\"><strong>B\u00f6blingen: Verdacht auf illegales Kraftfahrzeugrennen<\/strong><br \/>\nEin 18 Jahre alter Mercedes-Lenker fuhr am Samstag (14.06.2025), gegen 23.00 Uhr die Calwer Stra\u00dfe in Richtung Dagersheim entlang. Mutma\u00dflich, da er mit \u00fcberh\u00f6hter Geschwindigkeit unterwegs war, verlor er beim Versuch, nach links in die Hans-Klemm-Stra\u00dfe abzubiegen die Kontrolle \u00fcber das Fahrzeug. Der 18-J\u00e4hrige kam schlie\u00dflich nach rechts von der Fahrbahn ab und kollidierte mit einer Gartenmauer. Der entstandene Sachschaden d\u00fcrfte sich auf insgesamt etwa 6.000 Euro belaufen.<br \/>\nIm Zuge der Unfallaufnahme erh\u00e4rtete sich der Verdacht, dass der Mercedes-Lenker gemeinsam mit einem weiteren Pkw-Lenker unterwegs gewesen sein k\u00f6nnte. Beide k\u00f6nnten sich ein illegales Kraftfahrzeugrennen geliefert haben.<br \/>\nZeugen, die in diesem Zusammenhang sachdienliche Hinweise geben k\u00f6nnen, werden gebeten, sich unter der Tel. 07031 13-2500 oder per E-Mail an <a href=\"mailto:boeblingen.prev@polizei.bwl.de\" target=\"_blank\" rel=\"noopener\">boeblingen.prev@polizei.bwl.de<\/a> beim Polizeirevier B\u00f6blingen zu melden.<\/p>\n<p style=\"text-align: justify;\"><strong>G\u00e4ufelden-\u00d6schelbronn: weiterer Brand in der M\u00f6tzinger Stra\u00dfe<\/strong><br \/>\nNachdem es bereits am Samstag (14.06.2925) gegen 15.20 Uhr im Bereich eines Sport- und Freizeitgel\u00e4ndes in der M\u00f6tzinger Stra\u00dfe in \u00d6schelbronn gebrannt hat, waren Feuerwehr und Polizei am Sonntag gegen 18.20 Uhr dort erneut im Einsatz. Nahe dem Waldkindergarten hatten zwei Baumst\u00fcmpfe Feuer gefangen, die die Einsatzkr\u00e4fte der Feuerwehr z\u00fcgig l\u00f6schen konnten. Dar\u00fcber hinaus lagen drei Brutk\u00e4sten am Boden. M\u00f6glicherweise haben bislang unbekannte T\u00e4ter auf dem Gel\u00e4nde randaliert und die St\u00fcmpfe angez\u00fcndet. Die Ermittlungen hierzu und auch, ob ein Zusammenhang zwischen den beiden Vorf\u00e4llen vom Wochenende besteht, dauern an. Zeugen, die Hinweise geben k\u00f6nnen, wenden sich an den Polizeiposten G\u00e4u, Tel. 07032 95491-0 oder E-Mail: <a href=\"mailto:herrenberg.prev@polizei.bwl.de\" target=\"_blank\" rel=\"noopener\">herrenberg.prev@polizei.bwl.de<\/a>.<\/p>\n<p style=\"text-align: justify;\"><strong>G\u00e4rtringen: Tatverd\u00e4chtigen nach Einbruch in Wohnhaus auf frischer Tat ertappt<\/strong><br \/>\nDer Anruf eines Anwohner brachte Einsatzkr\u00e4fte des Polizeireviers Herrenberg am fr\u00fchen Sonntagmorgen (03.50 Uhr) auf die Spur von sechs jungen M\u00e4nnern, die verd\u00e4chtigt werden, in ein Wohnhaus in der Wilhelmstra\u00dfe in G\u00e4rtringen eingebrochen zu sein. Dem Anwohner war zun\u00e4chst der Schein von Taschenlampen in einem Haus in der Nachbarschaft aufgefallen, worauf er die Polizei alarmierte. Auf der Anfahrt zum Tatort wurde eine Streifenwagenbesatzung auf zwei PKW und mehrere Personen aufmerksam, die auf einem Parkplatz in unmittelbarer N\u00e4he standen. Eine zweite Besatzung stellten w\u00e4hrenddessen fest, dass an dem betreffenden Wohnhaus ein Fenster offenstand, sich jedoch niemand vor Ort befand. Die sechs jungen M\u00e4nner wurden schlie\u00dflich einer Kontrolle unterzogen, wobei Gegenst\u00e4nde wie Bilder und Porzellan in den Fahrzeugen festgestellt wurden, die vermutlich aus dem Wohnhaus stammen k\u00f6nnten. In der Folge wurden die sechs Tatverd\u00e4chtigen im Alter zwischen 17 und 22 Jahren vorl\u00e4ufig wegen besonders schwerem Fall des Diebstahls festgenommen und zum Polizeirevier Herrenberg gebracht. Dort wurden die polizeilich notwendigen Ma\u00dfnahmen durchgef\u00fchrt und die sechs Personen wieder auf freien Fu\u00df gesetzt. Der Wert des Diebesguts steht derzeit noch nicht fest. Die Ermittlungen dauern an.<\/p>\n<p style=\"text-align: justify;\"><strong>B\u00f6blingen: \u00d6l an Hausw\u00e4nde geschmiert &#8211; Zeugen gesucht<\/strong><br \/>\nDas Polizeirevier B\u00f6blingen ermittelt derzeit wegen Sachbesch\u00e4digung gegen noch unbekannte T\u00e4ter. Mutma\u00dflich Motor\u00f6l schmierten ndie Unbekannten zwischen Freitag (13.06.2025), 22.00 Uhr und Samstag (14.06.2025), 6.00 Uhr, auf Hausfassaden in der Stockholmer Stra\u00dfe in B\u00f6blingen. Auch in einigen Briefk\u00e4sten und Eingangsbereichen verteilten die T\u00e4ter die schmierige Substanz, ebenso wie auf der Fahrbahn einer Wendeplatte. Bereits im April soll es zu einem \u00e4hnlichen Vorfall gekommen sein. F\u00fcr sachdienliche Zeugenhinweise stehen beim Polizeirevier B\u00f6blingen die Tel. 07031 13-2500 sowie die E-Mail-Adresse <a href=\"mailto:boeblingen.prev@polizei.bwl.de\" target=\"_blank\" rel=\"noopener\">boeblingen.prev@polizei.bwl.de<\/a> zur Verf\u00fcgung.<\/p>\n<hr \/>\n<p>&nbsp;<\/p>\n","protected":false},"excerpt":{"rendered":"<p>Quelle: ots Sindelfingen: Brand eines Mehrfamilienhauses Am Samstag gegen 11:40 Uhr wurde die Feuerwehr zu einem Balkonbrand in die Kruppstra\u00dfe in Sindelfingen-Darmsheim gerufen. Das Feuer, welches sich mutma\u00dflich auf dem Balkon im Obergeschoss entz\u00fcndete und von dort auf den Dachstuhl des Mehrfamilienhauses ausbreitete, konnte von der Feuerwehr unter Kontrolle gebracht werden. Alle Bewohner konnten das [&hellip;]<\/p>\n","protected":false},"author":4,"featured_media":152245,"comment_status":"closed","ping_status":"open","sticky":false,"template":"","format":"standard","meta":{"inline_featured_image":false,"_exactmetrics_skip_tracking":false,"_exactmetrics_sitenote_active":false,"_exactmetrics_sitenote_note":"","_exactmetrics_sitenote_category":0,"footnotes":""},"categories":[11239],"tags":[3061,2103,14857,68,205,1625,9],"class_list":{"0":"post-156350","1":"post","2":"type-post","3":"status-publish","4":"format-standard","5":"has-post-thumbnail","7":"category-region-boblingen-leonberg","8":"tag-boblingen","9":"tag-deutschland","10":"tag-die-webzeitung","11":"tag-online-zeitung","12":"tag-polizei","13":"tag-report","14":"tag-schaumedia"},"image_feature":"https:\/\/die-webzeitung.de\/stuttgart\/wp-content\/uploads\/sites\/4\/2024\/02\/Polizei-Pix-scaled.jpg","author_name":"Redaktion","pure_taxonomies":{"categories":[{"term_id":11239,"name":"Polizei-Report B\u00f6blingen","slug":"region-boblingen-leonberg","term_group":0,"term_taxonomy_id":11277,"taxonomy":"category","description":"Polizeiberichte aus der Region des Landkreises B\u00f6blingen","parent":1619,"count":68,"filter":"raw","image":""}],"tags":[{"term_id":3061,"name":"B\u00f6blingen","slug":"boblingen","term_group":0,"term_taxonomy_id":3075,"taxonomy":"post_tag","description":"","parent":0,"count":260,"filter":"raw","image":""},{"term_id":2103,"name":"Deutschland","slug":"deutschland","term_group":0,"term_taxonomy_id":2115,"taxonomy":"post_tag","description":"","parent":0,"count":8,"filter":"raw","image":""},{"term_id":14857,"name":"Die-Webzeitung","slug":"die-webzeitung","term_group":0,"term_taxonomy_id":14876,"taxonomy":"post_tag","description":"","parent":0,"count":3625,"filter":"raw","image":""},{"term_id":68,"name":"Online-Zeitung","slug":"online-zeitung","term_group":0,"term_taxonomy_id":69,"taxonomy":"post_tag","description":"","parent":0,"count":3595,"filter":"raw","image":""},{"term_id":205,"name":"Polizei","slug":"polizei","term_group":0,"term_taxonomy_id":208,"taxonomy":"post_tag","description":"","parent":0,"count":277,"filter":"raw","image":""},{"term_id":1625,"name":"Report","slug":"report","term_group":0,"term_taxonomy_id":1634,"taxonomy":"post_tag","description":"","parent":0,"count":210,"filter":"raw","image":""},{"term_id":9,"name":"SchauMedia","slug":"schaumedia","term_group":0,"term_taxonomy_id":9,"taxonomy":"post_tag","description":"","parent":0,"count":1607,"filter":"raw","image":""}]},"_links":{"self":[{"href":"https:\/\/die-webzeitung.de\/stuttgart\/wp-json\/wp\/v2\/posts\/156350","targetHints":{"allow":["GET"]}}],"collection":[{"href":"https:\/\/die-webzeitung.de\/stuttgart\/wp-json\/wp\/v2\/posts"}],"about":[{"href":"https:\/\/die-webzeitung.de\/stuttgart\/wp-json\/wp\/v2\/types\/post"}],"author":[{"embeddable":true,"href":"https:\/\/die-webzeitung.de\/stuttgart\/wp-json\/wp\/v2\/users\/4"}],"replies":[{"embeddable":true,"href":"https:\/\/die-webzeitung.de\/stuttgart\/wp-json\/wp\/v2\/comments?post=156350"}],"version-history":[{"count":14,"href":"https:\/\/die-webzeitung.de\/stuttgart\/wp-json\/wp\/v2\/posts\/156350\/revisions"}],"predecessor-version":[{"id":156408,"href":"https:\/\/die-webzeitung.de\/stuttgart\/wp-json\/wp\/v2\/posts\/156350\/revisions\/156408"}],"wp:featuredmedia":[{"embeddable":true,"href":"https:\/\/die-webzeitung.de\/stuttgart\/wp-json\/wp\/v2\/media\/152245"}],"wp:attachment":[{"href":"https:\/\/die-webzeitung.de\/stuttgart\/wp-json\/wp\/v2\/media?parent=156350"}],"wp:term":[{"taxonomy":"category","embeddable":true,"href":"https:\/\/die-webzeitung.de\/stuttgart\/wp-json\/wp\/v2\/categories?post=156350"},{"taxonomy":"post_tag","embeddable":true,"href":"https:\/\/die-webzeitung.de\/stuttgart\/wp-json\/wp\/v2\/tags?post=156350"}],"curies":[{"name":"wp","href":"https:\/\/api.w.org\/{rel}","templated":true}]}}