{"id":156325,"date":"2025-06-12T12:13:53","date_gmt":"2025-06-12T11:13:53","guid":{"rendered":"https:\/\/die-webzeitung.de\/stuttgart\/2025\/06\/12\/wueck-gibt-kader-fuer-uefa-womens-euro-in-der-schweiz-bekannt\/"},"modified":"2025-06-12T12:13:53","modified_gmt":"2025-06-12T11:13:53","slug":"wueck-gibt-kader-fuer-uefa-womens-euro-in-der-schweiz-bekannt","status":"publish","type":"post","link":"https:\/\/die-webzeitung.de\/stuttgart\/2025\/06\/12\/wueck-gibt-kader-fuer-uefa-womens-euro-in-der-schweiz-bekannt\/","title":{"rendered":"W\u00fcck gibt Kader f\u00fcr UEFA Women&#8217;s EURO in der Schweiz bekannt"},"content":{"rendered":"<p style=\"text-align: justify;\">Bundestrainer Christian W\u00fcck hat am Donnerstag den Kader f\u00fcr die UEFA Women&#8217;s EURO in der Schweiz bekanntgegeben. Das Aufgebot der Frauen-Nationalmannschaft umfasst 20 Feldspielerinnen und drei Torh\u00fcterinnen. Angef\u00fchrt wird das Team von Kapit\u00e4nin Giulia Gwinn (FC Bayern M\u00fcnchen).<\/p>\n<p style=\"text-align: justify;\">Im Kader findet sich eine Mischung aus Routine und Unbek\u00fcmmertheit. Die erfahrensten Spielerinnen sind Sara D\u00e4britz (Olympique Lyon) mit 108 L\u00e4nderspielen, Kathrin Hendrich (VfL Wolfsburg) mit 83 L\u00e4nderspielen und Lea Sch\u00fcller (FC Bayern M\u00fcnchen), die bisher 75-mal f\u00fcr Deutschland auflief. Insgesamt wurden elf Spielerinnen nominiert, die bei der UEFA Women&#8217;s EURO in England vor drei Jahren das Finale erreichten. Sieben Spielerinnen bestreiten erstmals ein Turnier f\u00fcr die Frauen-Nationalmannschaft, darunter Carlotta Wamser (Eintracht Frankfurt), Franziska Kett (FC Bayern M\u00fcnchen) und Rebecca Knaak (Manchester City), die in diesem Jahr ihr Deb\u00fct f\u00fcr Deutschland gegeben haben.<\/p>\n<p style=\"text-align: justify;\">Christian W\u00fcck sagt: \u201eDie Vorfreude auf das Turnier ist enorm. Die letzten Spiele in der Nations League haben unser Selbstvertrauen noch einmal wachsen lassen, die EM gehen wir gest\u00e4rkt und mit gro\u00dfem Optimismus an und in unseren Entscheidungen und bin mir sicher, dass wir mit diesem Kader eine gute und erfolgreiche Europameisterschaft spielen werden. Wir wollen mit einer Mischung aus Spielfreude, Begeisterung, Willen und \u00dcberzeugung agieren \u2013 daf\u00fcr steht dieser Kader.<\/p>\n<p style=\"text-align: justify;\">Die Frauen-Nationalmannschaft bezieht am 19. Juni ihr Team Base Camp f\u00fcr die Europameisterschaft im HomeGround von adidas in Herzogenaurach. In der EM-Gruppenphase trifft das deutsche Team in St. Gallen auf Polen (4. Juli, 21 Uhr), in Basel auf D\u00e4nemark (8. Juli, 18 Uhr) und in Z\u00fcrich auf Schweden (12. Juli, 21 Uhr).<\/p>\n<p style=\"text-align: justify;\">Kader:<\/p>\n<p style=\"text-align: justify;\">Tor : Ann-Katrin Berger, Stina Johannes, Ena Mahmutovic<\/p>\n<p style=\"text-align: justify;\">Abwehr : Giulia Gwinn, Kathrin Hendrich, Franziska Kett, Sophia Kleinherne, Rebecca Knaak, Sarai Linder, Janina Minge, Carlotta Wamser<\/p>\n<p style=\"text-align: justify;\">Mittelfeld\/Angriff : Jule Brand, Klara B\u00fchl, Selina Cerci, Sara D\u00e4britz, Linda Dallmann, Laura Freigang, Giovanna Hoffmann, Sydney Lohmann, Sjoeke N\u00fcsken, Lea Sch\u00fcller, Elisa Sen\u00df, Cora Zicai<\/p>\n<p style=\"text-align: justify;\">Auf Abruf : Alara, Rafaela Borggr\u00e4fe, Gia Corley, Laura Dick, Vanessa Diehm, Vivien Endemann, Lisanne Gr\u00e4we, Maria Luisa Grohs, Paulina Krumbiegel, Shekiera Martinez, Felicitas Rauch, Pia-Sophie Wolter<\/p>\n<hr \/>\n<p style=\"text-align: justify;\">\n","protected":false},"excerpt":{"rendered":"<p>Bundestrainer Christian W\u00fcck hat am Donnerstag den Kader f\u00fcr die UEFA Women&#8217;s EURO in der Schweiz bekanntgegeben. Das Aufgebot der Frauen-Nationalmannschaft umfasst 20 Feldspielerinnen und drei Torh\u00fcterinnen. Angef\u00fchrt wird das Team von Kapit\u00e4nin Giulia Gwinn (FC Bayern M\u00fcnchen). Im Kader findet sich eine Mischung aus Routine und Unbek\u00fcmmertheit. Die erfahrensten Spielerinnen sind Sara D\u00e4britz (Olympique [&hellip;]<\/p>\n","protected":false},"author":4,"featured_media":0,"comment_status":"closed","ping_status":"open","sticky":false,"template":"","format":"standard","meta":{"inline_featured_image":false,"_exactmetrics_skip_tracking":false,"_exactmetrics_sitenote_active":false,"_exactmetrics_sitenote_note":"","_exactmetrics_sitenote_category":0,"footnotes":""},"categories":[110],"tags":[14857,9736,129,68,9],"class_list":{"0":"post-156325","1":"post","2":"type-post","3":"status-publish","4":"format-standard","6":"category-sport","7":"tag-die-webzeitung","8":"tag-frauen","9":"tag-fusball","10":"tag-online-zeitung","11":"tag-schaumedia"},"image_feature":null,"author_name":"Redaktion","pure_taxonomies":{"categories":[{"term_id":110,"name":"Sport","slug":"sport","term_group":0,"term_taxonomy_id":112,"taxonomy":"category","description":"Sportberichte","parent":0,"count":1043,"filter":"raw","image":""}],"tags":[{"term_id":14857,"name":"Die-Webzeitung","slug":"die-webzeitung","term_group":0,"term_taxonomy_id":14876,"taxonomy":"post_tag","description":"","parent":0,"count":3625,"filter":"raw","image":""},{"term_id":9736,"name":"Frauen","slug":"frauen","term_group":0,"term_taxonomy_id":9767,"taxonomy":"post_tag","description":"","parent":0,"count":20,"filter":"raw","image":""},{"term_id":129,"name":"Fu\u00dfball","slug":"fusball","term_group":0,"term_taxonomy_id":131,"taxonomy":"post_tag","description":"","parent":0,"count":171,"filter":"raw","image":""},{"term_id":68,"name":"Online-Zeitung","slug":"online-zeitung","term_group":0,"term_taxonomy_id":69,"taxonomy":"post_tag","description":"","parent":0,"count":3595,"filter":"raw","image":""},{"term_id":9,"name":"SchauMedia","slug":"schaumedia","term_group":0,"term_taxonomy_id":9,"taxonomy":"post_tag","description":"","parent":0,"count":1607,"filter":"raw","image":""}]},"_links":{"self":[{"href":"https:\/\/die-webzeitung.de\/stuttgart\/wp-json\/wp\/v2\/posts\/156325","targetHints":{"allow":["GET"]}}],"collection":[{"href":"https:\/\/die-webzeitung.de\/stuttgart\/wp-json\/wp\/v2\/posts"}],"about":[{"href":"https:\/\/die-webzeitung.de\/stuttgart\/wp-json\/wp\/v2\/types\/post"}],"author":[{"embeddable":true,"href":"https:\/\/die-webzeitung.de\/stuttgart\/wp-json\/wp\/v2\/users\/4"}],"replies":[{"embeddable":true,"href":"https:\/\/die-webzeitung.de\/stuttgart\/wp-json\/wp\/v2\/comments?post=156325"}],"version-history":[{"count":0,"href":"https:\/\/die-webzeitung.de\/stuttgart\/wp-json\/wp\/v2\/posts\/156325\/revisions"}],"wp:attachment":[{"href":"https:\/\/die-webzeitung.de\/stuttgart\/wp-json\/wp\/v2\/media?parent=156325"}],"wp:term":[{"taxonomy":"category","embeddable":true,"href":"https:\/\/die-webzeitung.de\/stuttgart\/wp-json\/wp\/v2\/categories?post=156325"},{"taxonomy":"post_tag","embeddable":true,"href":"https:\/\/die-webzeitung.de\/stuttgart\/wp-json\/wp\/v2\/tags?post=156325"}],"curies":[{"name":"wp","href":"https:\/\/api.w.org\/{rel}","templated":true}]}}