{"id":156319,"date":"2025-06-11T16:36:53","date_gmt":"2025-06-11T15:36:53","guid":{"rendered":"https:\/\/die-webzeitung.de\/stuttgart\/?p=156319"},"modified":"2025-12-05T12:56:05","modified_gmt":"2025-12-05T11:56:05","slug":"wo-geschichte-lebendig-wird","status":"publish","type":"post","link":"https:\/\/die-webzeitung.de\/stuttgart\/2025\/06\/11\/wo-geschichte-lebendig-wird\/","title":{"rendered":"Wo Geschichte lebendig wird"},"content":{"rendered":"<h3 style=\"text-align: justify;\"><strong>Tagesausflug zum Peter-und-Paul-Fest in Bretten am Samstag, 5. Juli 2025<\/strong><\/h3>\n<p style=\"text-align: justify;\">Kirchheim\/Teck.| \u00a0Im Rahmen der Veranstaltungsreihe \u201eZeiten des Wandels\u201c l\u00e4dt der Literaturbeirat der Stadt Kirchheim unter Teck am Samstag, 5. Juli 2025 zu einem Tagesausflug ein. Ziel ist das traditionsreiche Peter-und-Paul-Fest in Bretten, eines der \u00e4ltesten und bedeutendsten Heimatfeste Europas.<\/p>\n<p style=\"text-align: justify;\">Das Peter-und-Paul-Fest steht unter dem Motto \u201eEine Stadt lebt ihre Geschichte\u201c. Mehr als 3.000 Mitwirkende in historischen Geb\u00e4uden sowie zahlreiche Gastgruppen aus ganz Europa lassen die Stadtgeschichte um das Jahr 1504 lebendig werden. Im Mittelpunkt steht die Belagerung Brettens w\u00e4hrend des Landshuter Erbfolgekriegs: Herzog Ulrich von W\u00fcrttemberg scheiterte damals mit dem Versuch, die Stadt einzunehmen. Dieser historische Sieg wird bis heute jedes Jahr am Festwochenende mit Lagerleben, Paraden, Musik und szenischen Darstellungen gefeiert.<\/p>\n<p style=\"text-align: justify;\">Der Ausflug beginnt um 10:00 Uhr am Kirchheimer Ziegelwasen, wo der Reisebus startet. Um 12:00 Uhr besucht die Gruppe das Melanchthonhaus, das Geburtshaus des Humanisten und Reformatoren Philipp Melanchthon. Im Anschluss besteht die M\u00f6glichkeit zum gemeinsamen Mittagessen auf Selbstzahlerbasis im historischen Bauernlager. Nach dem Mittagessen steht Zeit zur freien Verf\u00fcgung, um das Fest, die Stadt und das kulinarische Angebot individuell zu entdecken. Ein besonderes Highlight ist die nachgestellte \u201eSchlacht um Brettheim\u201c am Abend gegen 19:00 Uhr. Der Eintritt wird zus\u00e4tzlich berechnet. Es handelt sich um eine Stehplatzveranstaltung mit lauter Ger\u00e4uschkulisse, da mehrere Kanonen abgefeuert werden. Die R\u00fcckfahrt erfolgt um ca. 21:00 Uhr, die Ankunft in Kirchheim ist gegen 22:30 Uhr geplant.<\/p>\n<p style=\"text-align: justify;\">Die Gesamtkosten f\u00fcr die Hin- und R\u00fcckfahrt mit dem Bus, den Eintritt zum Peter-und-Paul-Fest sowie zum Melanchthonhaus betragen 47,00 Euro pro Person. Der optionale Eintritt zur abendlichen Schlacht betr\u00e4gt weitere 3,00 Euro. Bei der Anmeldung ist bereits anzugeben, ob die Teilnahme am gemeinsamen Mittagessen im Bauernlager (Selbstzahlerbasis) und der abendlichen Schlacht gew\u00fcnscht wird. Eine Anmeldung bis sp\u00e4testens Mittwoch, 20. Juni 2025 per E-Mail an <a href=\"mailto:museen@kirchheim-teck.de\" target=\"_blank\" rel=\"noopener\">museen@kirchheim-teck.de<\/a> oder telefonisch unter 07021 502-377 ist zwingend erforderlich.<\/p>\n<hr \/>\n<p style=\"text-align: justify;\">\n","protected":false},"excerpt":{"rendered":"<p>Tagesausflug zum Peter-und-Paul-Fest in Bretten am Samstag, 5. Juli 2025 Kirchheim\/Teck.| \u00a0Im Rahmen der Veranstaltungsreihe \u201eZeiten des Wandels\u201c l\u00e4dt der Literaturbeirat der Stadt Kirchheim unter Teck am Samstag, 5. Juli 2025 zu einem Tagesausflug ein. Ziel ist das traditionsreiche Peter-und-Paul-Fest in Bretten, eines der \u00e4ltesten und bedeutendsten Heimatfeste Europas. Das Peter-und-Paul-Fest steht unter dem Motto [&hellip;]<\/p>\n","protected":false},"author":4,"featured_media":156320,"comment_status":"closed","ping_status":"open","sticky":false,"template":"","format":"standard","meta":{"inline_featured_image":false,"_exactmetrics_skip_tracking":false,"_exactmetrics_sitenote_active":false,"_exactmetrics_sitenote_note":"","_exactmetrics_sitenote_category":0,"footnotes":""},"categories":[2247],"tags":[18096,14857,2090,68,18095,11702,9],"class_list":{"0":"post-156319","1":"post","2":"type-post","3":"status-publish","4":"format-standard","5":"has-post-thumbnail","7":"category-kreis-esslingen","8":"tag-bretten","9":"tag-die-webzeitung","10":"tag-fest","11":"tag-online-zeitung","12":"tag-paul","13":"tag-peter","14":"tag-schaumedia"},"image_feature":"https:\/\/die-webzeitung.de\/stuttgart\/wp-content\/uploads\/sites\/4\/2025\/06\/Bild-1-Thomas-Rebel-Peter-und-Paul-Fest-in-Bretten-scaled.jpg","author_name":"Redaktion","pure_taxonomies":{"categories":[{"term_id":2247,"name":"Kreis Esslingen","slug":"kreis-esslingen","term_group":0,"term_taxonomy_id":2260,"taxonomy":"category","description":"Informationen aus dem Landkreis Esslingen","parent":171,"count":214,"filter":"raw","image":""}],"tags":[{"term_id":18096,"name":"Bretten","slug":"bretten","term_group":0,"term_taxonomy_id":18115,"taxonomy":"post_tag","description":"","parent":0,"count":2,"filter":"raw","image":""},{"term_id":14857,"name":"Die-Webzeitung","slug":"die-webzeitung","term_group":0,"term_taxonomy_id":14876,"taxonomy":"post_tag","description":"","parent":0,"count":3625,"filter":"raw","image":""},{"term_id":2090,"name":"Fest","slug":"fest","term_group":0,"term_taxonomy_id":2102,"taxonomy":"post_tag","description":"","parent":0,"count":1,"filter":"raw","image":""},{"term_id":68,"name":"Online-Zeitung","slug":"online-zeitung","term_group":0,"term_taxonomy_id":69,"taxonomy":"post_tag","description":"","parent":0,"count":3595,"filter":"raw","image":""},{"term_id":18095,"name":"Paul","slug":"paul","term_group":0,"term_taxonomy_id":18114,"taxonomy":"post_tag","description":"","parent":0,"count":1,"filter":"raw","image":""},{"term_id":11702,"name":"Peter","slug":"peter","term_group":0,"term_taxonomy_id":11740,"taxonomy":"post_tag","description":"","parent":0,"count":1,"filter":"raw","image":""},{"term_id":9,"name":"SchauMedia","slug":"schaumedia","term_group":0,"term_taxonomy_id":9,"taxonomy":"post_tag","description":"","parent":0,"count":1607,"filter":"raw","image":""}]},"_links":{"self":[{"href":"https:\/\/die-webzeitung.de\/stuttgart\/wp-json\/wp\/v2\/posts\/156319","targetHints":{"allow":["GET"]}}],"collection":[{"href":"https:\/\/die-webzeitung.de\/stuttgart\/wp-json\/wp\/v2\/posts"}],"about":[{"href":"https:\/\/die-webzeitung.de\/stuttgart\/wp-json\/wp\/v2\/types\/post"}],"author":[{"embeddable":true,"href":"https:\/\/die-webzeitung.de\/stuttgart\/wp-json\/wp\/v2\/users\/4"}],"replies":[{"embeddable":true,"href":"https:\/\/die-webzeitung.de\/stuttgart\/wp-json\/wp\/v2\/comments?post=156319"}],"version-history":[{"count":1,"href":"https:\/\/die-webzeitung.de\/stuttgart\/wp-json\/wp\/v2\/posts\/156319\/revisions"}],"predecessor-version":[{"id":156321,"href":"https:\/\/die-webzeitung.de\/stuttgart\/wp-json\/wp\/v2\/posts\/156319\/revisions\/156321"}],"wp:featuredmedia":[{"embeddable":true,"href":"https:\/\/die-webzeitung.de\/stuttgart\/wp-json\/wp\/v2\/media\/156320"}],"wp:attachment":[{"href":"https:\/\/die-webzeitung.de\/stuttgart\/wp-json\/wp\/v2\/media?parent=156319"}],"wp:term":[{"taxonomy":"category","embeddable":true,"href":"https:\/\/die-webzeitung.de\/stuttgart\/wp-json\/wp\/v2\/categories?post=156319"},{"taxonomy":"post_tag","embeddable":true,"href":"https:\/\/die-webzeitung.de\/stuttgart\/wp-json\/wp\/v2\/tags?post=156319"}],"curies":[{"name":"wp","href":"https:\/\/api.w.org\/{rel}","templated":true}]}}