{"id":156315,"date":"2025-06-11T16:24:51","date_gmt":"2025-06-11T15:24:51","guid":{"rendered":"https:\/\/die-webzeitung.de\/stuttgart\/2025\/06\/11\/polizei-entschlossen-gegen-menschenhandel-und-zwangsprostitution\/"},"modified":"2025-06-11T16:25:14","modified_gmt":"2025-06-11T15:25:14","slug":"polizei-entschlossen-gegen-menschenhandel-und-zwangsprostitution","status":"publish","type":"post","link":"https:\/\/die-webzeitung.de\/stuttgart\/2025\/06\/11\/polizei-entschlossen-gegen-menschenhandel-und-zwangsprostitution\/","title":{"rendered":"Polizei entschlossen gegen Menschenhandel und Zwangsprostitution"},"content":{"rendered":"<p style=\"text-align: justify;\">Stuttgart.|\u00a0Im Rahmen einer europaweiten Aktionswoche vom 1. bis 6. Juni 2025 hat die Polizei Baden-W\u00fcrttemberg mit Unterst\u00fctzung weiterer Beh\u00f6rden gezielte Ma\u00dfnahmen zur Bek\u00e4mpfung der schweren Form der sexuellen Ausbeutung durchgef\u00fchrt. Ziel war es, Menschenhandel effektiv zu bek\u00e4mpfen, T\u00e4ter zu identifizieren sowie potenzielle Opfer \u00fcber bestehende Hilfsangebote zu informieren.<\/p>\n<p style=\"text-align: justify;\">Kriminelle Netzwerke nutzen gezielt die Lebensumst\u00e4nde junger Frauen in wirtschaftlich benachteiligten Regionen aus, um sie unter Vorspiegelung falscher Tatsachen nach Deutschland zu bringen. Dort angekommen, sehen sich viele nicht den versprochenen Arbeitsm\u00f6glichkeiten gegen\u00fcber, sondern werden zur Prostitution gezwungen. Die T\u00e4ter setzen auf Kontrolle durch Gewalt, Einsch\u00fcchterung und Isolation. Die Frauen werden systematisch von der Au\u00dfenwelt abgeschottet, wodurch sie kaum Zugang zu Hilfe finden. Sprachliche Barrieren und ein starkes Abh\u00e4ngigkeitsverh\u00e4ltnis zu den T\u00e4tern versch\u00e4rfen ihre Lage zus\u00e4tzlich.<\/p>\n<p style=\"text-align: justify;\">Die Ma\u00dfnahmen in Baden-W\u00fcrttemberg wurden durch das LKA BW koordiniert. Landesweit fanden dabei intensive Kontrollen statt &#8211; unter anderem in Wohnungen, die f\u00fcr sexuelle Dienstleistungen genutzt werden. Auch im \u00f6ffentlichen Verkehrsraum, insbesondere auf Fernstra\u00dfen, wurden Kontrollstellen eingerichtet, um Hinweise auf Menschenhandelsstrukturen zu gewinnen und T\u00e4ter zu \u00fcberf\u00fchren. An den Eins\u00e4tzen beteiligt waren neben der Landespolizei auch Kr\u00e4fte der Bundespolizei, des Zolls, der Stadt-\/ Gemeindeverwaltung und der Ausl\u00e4nder\u00e4mter.<\/p>\n<p style=\"text-align: justify;\">Neben der strafrechtlichen Verfolgung der T\u00e4ter steht der Zugang der Opfer zu Unterst\u00fctzungs- und Schutzangeboten im Mittelpunkt des polizeilichen Vorgehens. Gleichzeitig soll durch die Kontrollma\u00dfnahmen das Dunkelfeld in diesem sensiblen Bereich der Kriminalit\u00e4t weiter aufgehellt und der Druck auf die T\u00e4ter erh\u00f6ht werden.<\/p>\n<p style=\"text-align: justify;\">&#8220;Mit unserem landesweiten Einsatz wollen wir nicht nur das kriminelle Umfeld aufdecken, sondern auch ein deutliches Signal senden: Menschenhandel und Zwangsprostitution werden entschieden bek\u00e4mpft. Wir haben ein klares Ziel. Wir wollen das Leid der oft schwer traumatisierten Opfer beenden und die Verantwortlichen zur Rechenschaft ziehen&#8221;, so Andreas Stenger, Pr\u00e4sident des Landeskriminalamts Baden-W\u00fcrttemberg.<\/p>\n<p style=\"text-align: justify;\">Im Rahmen des Aktionstags wurden landesweit zahlreiche Einsatzorte \u00fcberpr\u00fcft &#8211; darunter sogenannte Terminwohnungen sowie Ferien- und Privatunterk\u00fcnfte, in denen sowohl erlaubte als auch unerlaubte Formen der Prostitution stattfinden. Die Einsatzkr\u00e4fte kontrollierten dabei mehrere Hundert Personen und Fahrzeuge sowie eine hohe Anzahl an Identit\u00e4ts- und Aufenthaltsdokumenten. Insgesamt waren \u00fcber 200 Beamtinnen und Beamte im Einsatz, die eine Vielzahl an straf- und ordnungsrechtlichen Verst\u00f6\u00dfen feststellten &#8211; der Schwerpunkt lag dabei auf Verst\u00f6\u00dfen gegen das Prostituiertenschutzgesetz. In mehreren F\u00e4llen kam es zu vorl\u00e4ufigen Festnahmen, unter anderem wegen des Verdachts des unerlaubten Aufenthaltes.<\/p>\n<hr \/>\n<p style=\"text-align: justify;\">\n","protected":false},"excerpt":{"rendered":"<p>Stuttgart.|\u00a0Im Rahmen einer europaweiten Aktionswoche vom 1. bis 6. Juni 2025 hat die Polizei Baden-W\u00fcrttemberg mit Unterst\u00fctzung weiterer Beh\u00f6rden gezielte Ma\u00dfnahmen zur Bek\u00e4mpfung der schweren Form der sexuellen Ausbeutung durchgef\u00fchrt. Ziel war es, Menschenhandel effektiv zu bek\u00e4mpfen, T\u00e4ter zu identifizieren sowie potenzielle Opfer \u00fcber bestehende Hilfsangebote zu informieren. Kriminelle Netzwerke nutzen gezielt die Lebensumst\u00e4nde junger [&hellip;]<\/p>\n","protected":false},"author":4,"featured_media":156316,"comment_status":"closed","ping_status":"open","sticky":false,"template":"","format":"standard","meta":{"inline_featured_image":false,"_exactmetrics_skip_tracking":false,"_exactmetrics_sitenote_active":false,"_exactmetrics_sitenote_note":"","_exactmetrics_sitenote_category":0,"footnotes":""},"categories":[59,9098],"tags":[14857,6,17545,68,205,9,18094],"class_list":{"0":"post-156315","1":"post","2":"type-post","3":"status-publish","4":"format-standard","5":"has-post-thumbnail","7":"category-aktuell","8":"category-baden-wuerttemberg","9":"tag-die-webzeitung","10":"tag-ludwigsburg","11":"tag-menschenhandel","12":"tag-online-zeitung","13":"tag-polizei","14":"tag-schaumedia","15":"tag-zwangsprostitution"},"image_feature":"https:\/\/die-webzeitung.de\/stuttgart\/wp-content\/uploads\/sites\/4\/2025\/06\/PMAktionstagZP-scaled.jpg","author_name":"Redaktion","pure_taxonomies":{"categories":[{"term_id":59,"name":"Aktuell","slug":"aktuell","term_group":0,"term_taxonomy_id":60,"taxonomy":"category","description":"","parent":0,"count":1017,"filter":"raw","image":""},{"term_id":9098,"name":"Baden-W\u00fcrttemberg","slug":"baden-wuerttemberg","term_group":0,"term_taxonomy_id":9124,"taxonomy":"category","description":"","parent":171,"count":238,"filter":"raw","image":""}],"tags":[{"term_id":14857,"name":"Die-Webzeitung","slug":"die-webzeitung","term_group":0,"term_taxonomy_id":14876,"taxonomy":"post_tag","description":"","parent":0,"count":3625,"filter":"raw","image":""},{"term_id":6,"name":"Ludwigsburg","slug":"ludwigsburg","term_group":0,"term_taxonomy_id":6,"taxonomy":"post_tag","description":"","parent":0,"count":180,"filter":"raw","image":""},{"term_id":17545,"name":"Menschenhandel","slug":"menschenhandel","term_group":0,"term_taxonomy_id":17564,"taxonomy":"post_tag","description":"","parent":0,"count":1,"filter":"raw","image":""},{"term_id":68,"name":"Online-Zeitung","slug":"online-zeitung","term_group":0,"term_taxonomy_id":69,"taxonomy":"post_tag","description":"","parent":0,"count":3595,"filter":"raw","image":""},{"term_id":205,"name":"Polizei","slug":"polizei","term_group":0,"term_taxonomy_id":208,"taxonomy":"post_tag","description":"","parent":0,"count":277,"filter":"raw","image":""},{"term_id":9,"name":"SchauMedia","slug":"schaumedia","term_group":0,"term_taxonomy_id":9,"taxonomy":"post_tag","description":"","parent":0,"count":1607,"filter":"raw","image":""},{"term_id":18094,"name":"Zwangsprostitution","slug":"zwangsprostitution","term_group":0,"term_taxonomy_id":18113,"taxonomy":"post_tag","description":"","parent":0,"count":1,"filter":"raw","image":""}]},"_links":{"self":[{"href":"https:\/\/die-webzeitung.de\/stuttgart\/wp-json\/wp\/v2\/posts\/156315","targetHints":{"allow":["GET"]}}],"collection":[{"href":"https:\/\/die-webzeitung.de\/stuttgart\/wp-json\/wp\/v2\/posts"}],"about":[{"href":"https:\/\/die-webzeitung.de\/stuttgart\/wp-json\/wp\/v2\/types\/post"}],"author":[{"embeddable":true,"href":"https:\/\/die-webzeitung.de\/stuttgart\/wp-json\/wp\/v2\/users\/4"}],"replies":[{"embeddable":true,"href":"https:\/\/die-webzeitung.de\/stuttgart\/wp-json\/wp\/v2\/comments?post=156315"}],"version-history":[{"count":1,"href":"https:\/\/die-webzeitung.de\/stuttgart\/wp-json\/wp\/v2\/posts\/156315\/revisions"}],"predecessor-version":[{"id":156317,"href":"https:\/\/die-webzeitung.de\/stuttgart\/wp-json\/wp\/v2\/posts\/156315\/revisions\/156317"}],"wp:featuredmedia":[{"embeddable":true,"href":"https:\/\/die-webzeitung.de\/stuttgart\/wp-json\/wp\/v2\/media\/156316"}],"wp:attachment":[{"href":"https:\/\/die-webzeitung.de\/stuttgart\/wp-json\/wp\/v2\/media?parent=156315"}],"wp:term":[{"taxonomy":"category","embeddable":true,"href":"https:\/\/die-webzeitung.de\/stuttgart\/wp-json\/wp\/v2\/categories?post=156315"},{"taxonomy":"post_tag","embeddable":true,"href":"https:\/\/die-webzeitung.de\/stuttgart\/wp-json\/wp\/v2\/tags?post=156315"}],"curies":[{"name":"wp","href":"https:\/\/api.w.org\/{rel}","templated":true}]}}