{"id":156279,"date":"2025-06-14T19:41:55","date_gmt":"2025-06-14T18:41:55","guid":{"rendered":"https:\/\/die-webzeitung.de\/stuttgart\/?p=156279"},"modified":"2025-06-15T09:36:33","modified_gmt":"2025-06-15T08:36:33","slug":"stuttgart-bringt-sparprogramm-auf-den-weg","status":"publish","type":"post","link":"https:\/\/die-webzeitung.de\/stuttgart\/2025\/06\/14\/stuttgart-bringt-sparprogramm-auf-den-weg\/","title":{"rendered":"Stuttgart bringt Sparprogramm auf den Weg"},"content":{"rendered":"<h3 style=\"text-align: justify;\"><strong>Haushaltssicherungskonzept soll der Landeshauptstadt sp\u00e4testens 2030\/31 wieder \u00dcbersch\u00fcsse einbringen<\/strong><\/h3>\n<p style=\"text-align: justify;\">Stuttgart.| Mit einem Sparprogramm will die Landeshauptstadt Stuttgart ihre Finanzen konsolidieren. Diese haben sich zuletzt massiv verschlechtert und der Stadt 2025 im Ergebnishaushalt ein geplantes Defizit von 889 Millionen Euro eingetragen. Der Gemeinderat hat jetzt die Verwaltung in seiner Sitzung am Donnerstag, 5. Juni, beauftragt, ein Sparkonzept zu erarbeiten. Kurzfristig soll dies angesichts der sich weiterhin abzeichnenden Fehlbetr\u00e4ge einen genehmigungsf\u00e4higen Haushaltsplan 2026\/27 erm\u00f6glichen. Mittelfristig ist das Ziel des\u00a0Haushaltssicherungskonzepts, eine Wende zu erreichen und sp\u00e4testens mit dem Doppelhaushalt 2030\/31 ein strukturell positives ordentliches Ergebnis von plus 200 Millionen Euro j\u00e4hrlich zu erzielen.<\/p>\n<p style=\"text-align: justify;\">Die Haushaltslage leidet zum einen unter drastisch gesunkenen Einnahmen aus der Gewerbesteuer und nicht ausk\u00f6mmlichen Erstattungen des Landes f\u00fcr durch die Kommune erbrachte Leistungen. Zum anderen kommt sie zunehmend unter Druck durch wachsende Sozialausgaben, Tariferh\u00f6hungen und strukturell gestiegene Personalkosten.<\/p>\n<h4 style=\"text-align: justify;\"><strong>Konkrete Einsparungen bereits f\u00fcr 2026<\/strong><\/h4>\n<p style=\"text-align: justify;\">Finanzb\u00fcrgermeister Thomas Fuhrmann unterstreicht die Notwendigkeit eines\u00a0Haushaltssicherungskonzepts: \u201eF\u00fcr das Sparkonzept sind bis zur Beratung des\u00a0Haushaltsplans 2026\/27 konkrete Ma\u00dfnahmen zu entwickeln, die bereits 2026 zu ersten Einsparungen f\u00fchren. Denn R\u00fccklagen aus fr\u00fcheren Jahren gibt es nicht mehr. Die Stadt braucht schon ab 2026 deutliche Verbesserungen, um einen genehmigungsf\u00e4higen Haushalt aufstellen zu k\u00f6nnen.\u201c<\/p>\n<p style=\"text-align: justify;\">Um die notwendige Summe konkreter zu berechnen, bedarf es noch der Verarbeitung der regionalisierten Daten aus der neuesten Steuersch\u00e4tzung. Auch ohne die\u00a0Budgetanmeldungen der st\u00e4dtischen \u00c4mter f\u00fcr eventuellen Mehrbedarf ist bereits ersichtlich, dass der Sparbedarf schon im ersten Schritt bei voraussichtlich mehr als 200 Millionen Euro pro Jahr liegen wird, teilt die K\u00e4mmerei mit. Unausweichliche Ausgabensteigerungen erh\u00f6hen den Druck zu konsolidieren zudem.<\/p>\n<hr \/>\n<p style=\"text-align: justify;\">\n","protected":false},"excerpt":{"rendered":"<p>Haushaltssicherungskonzept soll der Landeshauptstadt sp\u00e4testens 2030\/31 wieder \u00dcbersch\u00fcsse einbringen Stuttgart.| Mit einem Sparprogramm will die Landeshauptstadt Stuttgart ihre Finanzen konsolidieren. Diese haben sich zuletzt massiv verschlechtert und der Stadt 2025 im Ergebnishaushalt ein geplantes Defizit von 889 Millionen Euro eingetragen. Der Gemeinderat hat jetzt die Verwaltung in seiner Sitzung am Donnerstag, 5. Juni, beauftragt, ein [&hellip;]<\/p>\n","protected":false},"author":4,"featured_media":0,"comment_status":"closed","ping_status":"open","sticky":false,"template":"","format":"standard","meta":{"inline_featured_image":false,"_exactmetrics_skip_tracking":false,"_exactmetrics_sitenote_active":false,"_exactmetrics_sitenote_note":"","_exactmetrics_sitenote_category":0,"footnotes":""},"categories":[2239],"tags":[14857,18092,18091,197,68,9,275],"class_list":{"0":"post-156279","1":"post","2":"type-post","3":"status-publish","4":"format-standard","6":"category-stuttgart-lokal","7":"tag-die-webzeitung","8":"tag-einnhamen","9":"tag-finanzlage","10":"tag-haushalt","11":"tag-online-zeitung","12":"tag-schaumedia","13":"tag-stuttgart"},"image_feature":null,"author_name":"Redaktion","pure_taxonomies":{"categories":[{"term_id":2239,"name":"Stuttgart","slug":"stuttgart-lokal","term_group":0,"term_taxonomy_id":2252,"taxonomy":"category","description":"Berichte und Informationen aus Stuttgart","parent":1433,"count":942,"filter":"raw","image":""}],"tags":[{"term_id":14857,"name":"Die-Webzeitung","slug":"die-webzeitung","term_group":0,"term_taxonomy_id":14876,"taxonomy":"post_tag","description":"","parent":0,"count":3625,"filter":"raw","image":""},{"term_id":18092,"name":"Einnhamen","slug":"einnhamen","term_group":0,"term_taxonomy_id":18111,"taxonomy":"post_tag","description":"","parent":0,"count":1,"filter":"raw","image":""},{"term_id":18091,"name":"Finanzlage","slug":"finanzlage","term_group":0,"term_taxonomy_id":18110,"taxonomy":"post_tag","description":"","parent":0,"count":2,"filter":"raw","image":""},{"term_id":197,"name":"Haushalt","slug":"haushalt","term_group":0,"term_taxonomy_id":199,"taxonomy":"post_tag","description":"","parent":0,"count":16,"filter":"raw","image":""},{"term_id":68,"name":"Online-Zeitung","slug":"online-zeitung","term_group":0,"term_taxonomy_id":69,"taxonomy":"post_tag","description":"","parent":0,"count":3595,"filter":"raw","image":""},{"term_id":9,"name":"SchauMedia","slug":"schaumedia","term_group":0,"term_taxonomy_id":9,"taxonomy":"post_tag","description":"","parent":0,"count":1607,"filter":"raw","image":""},{"term_id":275,"name":"Stuttgart","slug":"stuttgart","term_group":0,"term_taxonomy_id":281,"taxonomy":"post_tag","description":"","parent":0,"count":1195,"filter":"raw","image":""}]},"_links":{"self":[{"href":"https:\/\/die-webzeitung.de\/stuttgart\/wp-json\/wp\/v2\/posts\/156279","targetHints":{"allow":["GET"]}}],"collection":[{"href":"https:\/\/die-webzeitung.de\/stuttgart\/wp-json\/wp\/v2\/posts"}],"about":[{"href":"https:\/\/die-webzeitung.de\/stuttgart\/wp-json\/wp\/v2\/types\/post"}],"author":[{"embeddable":true,"href":"https:\/\/die-webzeitung.de\/stuttgart\/wp-json\/wp\/v2\/users\/4"}],"replies":[{"embeddable":true,"href":"https:\/\/die-webzeitung.de\/stuttgart\/wp-json\/wp\/v2\/comments?post=156279"}],"version-history":[{"count":1,"href":"https:\/\/die-webzeitung.de\/stuttgart\/wp-json\/wp\/v2\/posts\/156279\/revisions"}],"predecessor-version":[{"id":156280,"href":"https:\/\/die-webzeitung.de\/stuttgart\/wp-json\/wp\/v2\/posts\/156279\/revisions\/156280"}],"wp:attachment":[{"href":"https:\/\/die-webzeitung.de\/stuttgart\/wp-json\/wp\/v2\/media?parent=156279"}],"wp:term":[{"taxonomy":"category","embeddable":true,"href":"https:\/\/die-webzeitung.de\/stuttgart\/wp-json\/wp\/v2\/categories?post=156279"},{"taxonomy":"post_tag","embeddable":true,"href":"https:\/\/die-webzeitung.de\/stuttgart\/wp-json\/wp\/v2\/tags?post=156279"}],"curies":[{"name":"wp","href":"https:\/\/api.w.org\/{rel}","templated":true}]}}