{"id":156246,"date":"2025-06-01T09:26:48","date_gmt":"2025-06-01T08:26:48","guid":{"rendered":"https:\/\/die-webzeitung.de\/stuttgart\/2025\/06\/01\/380-millionen-euro-fuer-teilhabe-und-krankenhaeuser\/"},"modified":"2025-06-01T09:26:48","modified_gmt":"2025-06-01T08:26:48","slug":"380-millionen-euro-fuer-teilhabe-und-krankenhaeuser","status":"publish","type":"post","link":"https:\/\/die-webzeitung.de\/stuttgart\/2025\/06\/01\/380-millionen-euro-fuer-teilhabe-und-krankenhaeuser\/","title":{"rendered":"380 Millionen Euro f\u00fcr Teilhabe und Krankenh\u00e4user"},"content":{"rendered":"<h3 style=\"text-align: justify;\"><strong>Der Ministerrat hat eine kurzfristige finanzielle Unterst\u00fctzung der Krankenh\u00e4user und der Kommunen f\u00fcr die Leistungen f\u00fcr die Menschen mit Behinderungen beschlossen.<\/strong><\/h3>\n<p style=\"text-align: justify;\">Sozialminister Manne Lucha begr\u00fc\u00dft den aktuellen Beschluss des Ministerrats zur kurzfristigen finanziellen Unterst\u00fctzung der Extern: Krankenh\u00e4user (\u00d6ffnet in neuem Fenster) und der Kommunen f\u00fcr die Leistungen f\u00fcr die Extern: Menschen mit Behinderungen (\u00d6ffnet in neuem Fenster).<\/p>\n<h4 style=\"text-align: justify;\"><strong>Land steht zu seiner Verantwortung<\/strong><\/h4>\n<p style=\"text-align: justify;\">\u201eWir lassen die Kommunen nicht im Regen stehen. Das Land \u00fcbernimmt Verantwortung \u2013 gerade dort, wo es um vulnerable Menschen geht\u201c, sagte Lucha am Freitag, 30. Mai 2025, in Stuttgart. 230 Millionen Euro stelle das Land kurzfristig als erh\u00f6hten Abschlag zur Verf\u00fcgung, um die Kommunen bei den steigenden Kosten durch das Extern: Bundesteilhabegesetz (BTHG) (\u00d6ffnet in neuem Fenster) finanziell unter die Arme zu greifen. Damit werde sichergestellt, dass Menschen mit Behinderungen die Unterst\u00fctzung bekommen, die sie brauchen \u2013 schnell, verl\u00e4sslich und wohnortnah. Zudem w\u00fcrden 150 Millionen Euro vorzeitig an die Krankenh\u00e4user im Land ausgezahlt. Mit dieser Soforthilfe unterst\u00fctze die Landesregierung die Krankenh\u00e4user, die derzeit in einer wirtschaftlich besonders herausfordernden Lage sind.<\/p>\n<h4 style=\"text-align: justify;\"><strong>Hilfen sind keine Einmalaktion<\/strong><\/h4>\n<p style=\"text-align: justify;\">\u201eTeilhabe und Gesundheitsversorgung d\u00fcrfen nicht am Geld scheitern. Wir handeln jetzt unverz\u00fcglich, damit die Hilfe dort ankommt, wo sie besonders dringend gebraucht wird\u201c, betonte der Minister. Lucha wies dar\u00fcber hinaus darauf hin, dass diese Hilfen keine Einmalaktion seien: \u201eSchon 2023 und 2024 haben wir als gr\u00fcn-schwarze Landesregierung unsere Zusagen eingehalten. Jetzt legen wir noch einmal nach \u2013 aus \u00dcberzeugung und im Sinne einer solidarischen Gesellschaft.\u201c<\/p>\n<p style=\"text-align: justify;\">Der Minister appellierte noch einmal eindringlich an die neue Bundesregierung, dauerhafte L\u00f6sungen zu schaffen: \u201eGute soziale Infrastruktur ist eine Gemeinschaftsaufgabe. Daf\u00fcr brauchen wir die volle Unterst\u00fctzung aus Berlin.\u201c<\/p>\n<hr \/>\n<p style=\"text-align: justify;\">\n","protected":false},"excerpt":{"rendered":"<p>Der Ministerrat hat eine kurzfristige finanzielle Unterst\u00fctzung der Krankenh\u00e4user und der Kommunen f\u00fcr die Leistungen f\u00fcr die Menschen mit Behinderungen beschlossen. Sozialminister Manne Lucha begr\u00fc\u00dft den aktuellen Beschluss des Ministerrats zur kurzfristigen finanziellen Unterst\u00fctzung der Extern: Krankenh\u00e4user (\u00d6ffnet in neuem Fenster) und der Kommunen f\u00fcr die Leistungen f\u00fcr die Extern: Menschen mit Behinderungen (\u00d6ffnet in [&hellip;]<\/p>\n","protected":false},"author":4,"featured_media":0,"comment_status":"closed","ping_status":"open","sticky":false,"template":"","format":"standard","meta":{"inline_featured_image":false,"_exactmetrics_skip_tracking":false,"_exactmetrics_sitenote_active":false,"_exactmetrics_sitenote_note":"","_exactmetrics_sitenote_category":0,"footnotes":""},"categories":[9098],"tags":[4,14857,18088,68,9,13441],"class_list":{"0":"post-156246","1":"post","2":"type-post","3":"status-publish","4":"format-standard","6":"category-baden-wuerttemberg","7":"tag-baden-wurttemberg","8":"tag-die-webzeitung","9":"tag-krankenhaeuser","10":"tag-online-zeitung","11":"tag-schaumedia","12":"tag-teilhabe"},"image_feature":null,"author_name":"Redaktion","pure_taxonomies":{"categories":[{"term_id":9098,"name":"Baden-W\u00fcrttemberg","slug":"baden-wuerttemberg","term_group":0,"term_taxonomy_id":9124,"taxonomy":"category","description":"","parent":171,"count":238,"filter":"raw","image":""}],"tags":[{"term_id":4,"name":"Baden-W\u00fcrttemberg","slug":"baden-wurttemberg","term_group":0,"term_taxonomy_id":4,"taxonomy":"post_tag","description":"","parent":0,"count":136,"filter":"raw","image":""},{"term_id":14857,"name":"Die-Webzeitung","slug":"die-webzeitung","term_group":0,"term_taxonomy_id":14876,"taxonomy":"post_tag","description":"","parent":0,"count":3625,"filter":"raw","image":""},{"term_id":18088,"name":"Krankenh\u00e4user","slug":"krankenhaeuser","term_group":0,"term_taxonomy_id":18107,"taxonomy":"post_tag","description":"","parent":0,"count":1,"filter":"raw","image":""},{"term_id":68,"name":"Online-Zeitung","slug":"online-zeitung","term_group":0,"term_taxonomy_id":69,"taxonomy":"post_tag","description":"","parent":0,"count":3595,"filter":"raw","image":""},{"term_id":9,"name":"SchauMedia","slug":"schaumedia","term_group":0,"term_taxonomy_id":9,"taxonomy":"post_tag","description":"","parent":0,"count":1607,"filter":"raw","image":""},{"term_id":13441,"name":"Teilhabe","slug":"teilhabe","term_group":0,"term_taxonomy_id":13482,"taxonomy":"post_tag","description":"","parent":0,"count":2,"filter":"raw","image":""}]},"_links":{"self":[{"href":"https:\/\/die-webzeitung.de\/stuttgart\/wp-json\/wp\/v2\/posts\/156246","targetHints":{"allow":["GET"]}}],"collection":[{"href":"https:\/\/die-webzeitung.de\/stuttgart\/wp-json\/wp\/v2\/posts"}],"about":[{"href":"https:\/\/die-webzeitung.de\/stuttgart\/wp-json\/wp\/v2\/types\/post"}],"author":[{"embeddable":true,"href":"https:\/\/die-webzeitung.de\/stuttgart\/wp-json\/wp\/v2\/users\/4"}],"replies":[{"embeddable":true,"href":"https:\/\/die-webzeitung.de\/stuttgart\/wp-json\/wp\/v2\/comments?post=156246"}],"version-history":[{"count":0,"href":"https:\/\/die-webzeitung.de\/stuttgart\/wp-json\/wp\/v2\/posts\/156246\/revisions"}],"wp:attachment":[{"href":"https:\/\/die-webzeitung.de\/stuttgart\/wp-json\/wp\/v2\/media?parent=156246"}],"wp:term":[{"taxonomy":"category","embeddable":true,"href":"https:\/\/die-webzeitung.de\/stuttgart\/wp-json\/wp\/v2\/categories?post=156246"},{"taxonomy":"post_tag","embeddable":true,"href":"https:\/\/die-webzeitung.de\/stuttgart\/wp-json\/wp\/v2\/tags?post=156246"}],"curies":[{"name":"wp","href":"https:\/\/api.w.org\/{rel}","templated":true}]}}