{"id":156244,"date":"2025-06-02T18:35:14","date_gmt":"2025-06-02T17:35:14","guid":{"rendered":"https:\/\/die-webzeitung.de\/stuttgart\/?p=156244"},"modified":"2025-06-08T10:48:18","modified_gmt":"2025-06-08T09:48:18","slug":"polizei-report-stuttgart-woche-23-5","status":"publish","type":"post","link":"https:\/\/die-webzeitung.de\/stuttgart\/2025\/06\/02\/polizei-report-stuttgart-woche-23-5\/","title":{"rendered":"Polizei-Report Stuttgart | Woche 23"},"content":{"rendered":"<p><em>Quelle: ots<\/em><\/p>\n<p style=\"text-align: justify;\"><strong>Stuttgart-Bad Cannstatt: Einbrecher \u00fcberrascht &#8211; Zeugen gesucht<\/strong><br \/>\nEin unbekannter Mann ist am Samstagnachmittag (07.06.2025) in ein Mehrfamilienhaus an der Wilhelmstra\u00dfe eingebrochen und fl\u00fcchtete anschlie\u00dfend in unbekannte Richtung. Eine 35-j\u00e4hrige Bewohnerin des Hauses bemerkte gegen 15.00 Uhr L\u00e4rm aus ihrer Wohnung, als sie sich gerade in einer Nachbarwohnung befand. Bei einer Nachschau stellte sie fest, dass ihre Wohnungst\u00fcr offenstand. Als sie sich bemerkbar machte, kam ein unbekannter Mann aus ihrem Wohnzimmer und gab auf Nachfrage an, dass er von einer kirchlichen Einrichtung sei und sich vermutlich in der Wohnung geirrt habe. Ohne weiteren Kommentar verlie\u00df der Unbekannte nun das Haus und entfernte sich. Die Frau stellte anschlie\u00dfend fest, dass mehrere Zimmer in ihrer Wohnung durchw\u00fchlt waren, ihre Wohnungst\u00fcr aufgehebelt wurde und ein geringer Bargeldbetrag und pers\u00f6nliche Gegenst\u00e4nde fehlen. Eine sofort eingeleitete Fahndung nach dem Einbrecher verlief erfolglos. Die 35-J\u00e4hrige beschrieb den Mann als zwischen 16 und 20 Jahre alt und zirka 175 Zentimeter gro\u00df. Er soll dunkelh\u00e4utig gewesen sein und soll akzentfrei Deutsch gesprochen haben. Zur Tatzeit war er mit einer dunklen Jeanshose und einem grauen Pullover bekleidet. Zeugen werden gebeten, sich bei den Kolleginnen und Kollegen des Polizeireviers 6 Martin-Luther-Stra\u00dfe unter der Rufnummer +4971189903600 zu melden.<\/p>\n<p style=\"text-align: justify;\"><strong>Stuttgart-Ost: Tankstelle \u00fcberfallen &#8211; Zeugen gesucht<\/strong><br \/>\nEin unbekannter Mann hat am Donnerstagnachmittag (05.06.2025) eine Tankstelle an der Schwarenbergstra\u00dfe ausgeraubt. Der T\u00e4ter betrat gegen 16.30 Uhr den Verkaufsraum der Tankstelle. Unter dem Vorhalt einer Schusswaffe forderte er Bargeld von dem 33 Jahre alten Tankstellenmitarbeiter. Dieser h\u00e4ndigte ihm mehrere hundert Euro aus, mit denen der T\u00e4ter die Tankstelle wieder verlie\u00df und in Richtung Hau\u00dfmannstra\u00dfe fl\u00fcchtete. Eine sofort eingeleitete Fahndung nach dem Mann verlief ohne Erfolg. Der T\u00e4ter war etwa 190 Zentimeter gro\u00df und zwischen 30 und 40 Jahre alt. Er hatte einen Vollbart und trug neben einer gr\u00fcnen Wollm\u00fctze auch eine dunkle Sonnenbrille. Er war au\u00dferdem mit einer gr\u00fcnlichen Strickjacke, schwarzen Handschuhen, einer blauen Jeans und schwarzen Sportschuhen bekleidet und hatte eine gr\u00fcne Einkaufst\u00fcte dabei. Zeugen werden gebeten, sich unter der Rufnummer +4971189905778 beim Raubdezernat zu melden.<\/p>\n<p style=\"text-align: justify;\"><strong>Stuttgart-Mitte: 19-J\u00e4hrige sexuell bel\u00e4stigt &#8211; Zeugen gesucht<\/strong><br \/>\nBeamte der Bundespolizei haben am fr\u00fchen Mittwochmorgen (04.06.2025) einen 58 Jahre alten Mann vorl\u00e4ufig festgenommen, der im Verdacht steht, in der K\u00f6nigstra\u00dfe eine 19-J\u00e4hrige sexuell bel\u00e4stigt zu haben. Die junge Frau hielt sich kurz nach 03.00 Uhr in der K\u00f6nigstra\u00dfe auf H\u00f6he der Theaterpassage auf, als der Tatverd\u00e4chtige sie ansprach. Dann setzte er sich auf den Boden, zog seine Hose etwas herunter und manipulierte an seinem Glied. Alarmierte Beamte der Bundespolizei nahmen ihn vorl\u00e4ufig fest. Er wurde nach Abschluss der polizeilichen Ma\u00dfnahmen wieder auf freien Fu\u00df gesetzt. Zeugen werden gebeten, sich unter der Rufnummer +4971189905778 bei der Kriminalpolizei zu melden.<\/p>\n<p style=\"text-align: justify;\"><strong>Stuttgart-Mitte: Bedroht und Geld gefordert &#8211; Zeugen gesucht<\/strong><br \/>\nVier Unbekannte haben in der Nacht zum Mittwoch (04.06.2025) in einem Parkhaus an der Lazarettstra\u00dfe einen 45 Jahre alten Mann bedroht und Geld gefordert. Der Mann war gegen 02.50 Uhr mit einer unbekannten Frau im Untergeschoss des Parkhauses. Es kamen vier M\u00e4nner hinzu, die dem 45-J\u00e4hrigen Schl\u00e4ge androhten und Geld forderten, weshalb der Mann den Unbekannten 50 Euro \u00fcbergab. Anschlie\u00dfend fl\u00fcchteten alle in unbekannte Richtungen, die Frau war bereits schon gegangen. Sie hatte schwarze, lockige Haare, trug eine Jeansjacke und eine Jeanshose. Die M\u00e4nner waren alle zirka 175 Zentimeter gro\u00df. Zeugen werden gebeten, sich unter der Rufnummer +4971189905778 bei der Kriminalpolizei zu melden.<\/p>\n<p style=\"text-align: justify;\"><strong>Stuttgart-Untert\u00fcrkheim: Motorradfahrer schwer verletzt<\/strong><br \/>\nBei einem Unfall am Dienstagabend (03.06.2025) in der Augsburger Stra\u00dfe hat sich ein 32 Jahre alter Motorradfahrer schwere Verletzungen zugezogen. Der junge Mann war gegen 18.15 Uhr mit seinem Motorrad der Marke Kymco Richtung Bad Cannstatt unterwegs. Ein entgegenkommender 45 Jahre alter Ford-Fahrer bog nach links in die Hindelanger Stra\u00dfe ab und \u00fcbersah hierbei offenbar den 32-J\u00e4hrigen. Durch den Zusammensto\u00df st\u00fcrzte der Motorradfahrer und verletzte sich schwer. Rettungskr\u00e4fte k\u00fcmmerten sich um ihn und brachten ihn zur weiteren Versorgung in ein Krankenhaus.<\/p>\n<p style=\"text-align: justify;\"><strong>Stuttgart-Vaihingen: Mutma\u00dflich Gas und Bremse verwechselt und Unfall verursacht<\/strong><br \/>\nEin 90 Jahre alter Mann hat am Dienstag (03.06.2025) einen Unfall mit rund 50.000 Euro Schaden an der Stra\u00dfe Kelterberg verursacht. Der Senior wollte gegen 10.35 Uhr mit seinem Mercedes von einem Parkplatz nach links in die Stra\u00dfe Kelterberg abbiegen. Um einem von links kommenden Auto Platz zu machen, setzte der 90-J\u00e4hrige sein Fahrzeug zur\u00fcck und stie\u00df hierbei gegen einen geparkten Ford. Anschlie\u00dfend verwechselte er ersten Erkenntnissen zufolge das Gas- mit dem Bremspedal und fuhr gegen einen geparkten BMW. Bei dem Unfall verletzte sich niemand. Der Mercedes war nicht mehr fahrbereit und musste abgeschleppt werden.<\/p>\n<p style=\"text-align: justify;\"><strong>Stuttgart-Vaihingen: Peugeot in Brand geraten &#8211; Zeugen gesucht<\/strong><br \/>\nAus bislang ungekl\u00e4rter Ursache ist am Montagmittag (02.06.2025) in einer Tiefgarage an der Mezgerstra\u00dfe ein Peugeot in Brand geraten. Gegen 13.55 Uhr bemerkte ein Zeuge das brennende Fahrzeug und alarmierte die Rettungskr\u00e4fte. Ersten Erkenntnissen zufolge wurde niemand verletzt. Die Kriminalpolizei hat die Ermittlungen zur Brandursache aufgenommen. Zeugen werden gebeten, sich unter der Rufnummer +4971189905778 bei der Kriminalpolizei zu melden.<\/p>\n<p style=\"text-align: justify;\"><strong>Stuttgart-Weilimdorf: Passant ausgeraubt &#8211; Tatverd\u00e4chtige vorl\u00e4ufig festgenommen &#8211; Zeugen gesucht<\/strong><br \/>\nPolizeibeamte haben am Freitagabend (30.05.2025) drei Jugendliche im Alter von 16, 17 und 17 Jahren vorl\u00e4ufig festgenommen, die im Verdacht stehen, einen 37 Jahre alten Spazierg\u00e4nger in einer Gr\u00fcnanlage am Hausenring ausgeraubt zu haben. Der 37-J\u00e4hrige ging gegen 22.10 Uhr am Bachspielplatz spazieren und bemerkte eine dunkel gekleidete Person, die maskiert auf einer Parkbank sa\u00df. Als der Spazierg\u00e4nger fl\u00fcchten wollte, rannte die vermummte Person auf ihn zu und schlug ihn zu Boden. Dann kamen weitere Personen hinzu, die auch auf den 37-J\u00e4hrigen einschlugen. Dem Spazierg\u00e4nger gelang es, sich zu befreien und zu zwei Zeugen, die sich in der N\u00e4he befanden, zu fl\u00fcchten. Dort bemerkte er, dass sein iPhone, seine Autoschl\u00fcssel und eine Brille der Marke Hugo Boss fehlten. Das iPhone sowie die Autoschl\u00fcssel fanden die Beamten wenig sp\u00e4ter in einem Bach in der N\u00e4he des Tatortes. Die Polizisten nahmen die drei Tatverd\u00e4chtigen w\u00e4hrend der Fahndung vorl\u00e4ufig fest und \u00fcbergaben sie nach Abschluss der polizeilichen Ma\u00dfnahmen den Erziehungsberechtigten. Die Ermittlungen zu m\u00f6glichen weiteren Tatverd\u00e4chtigen dauern an. Zeugen werden gebeten, sich unter der Rufnummer +4971189905778 bei der Kriminalpolizei zu melden.<\/p>\n<hr \/>\n<p>&nbsp;<\/p>\n","protected":false},"excerpt":{"rendered":"<p>Quelle: ots Stuttgart-Bad Cannstatt: Einbrecher \u00fcberrascht &#8211; Zeugen gesucht Ein unbekannter Mann ist am Samstagnachmittag (07.06.2025) in ein Mehrfamilienhaus an der Wilhelmstra\u00dfe eingebrochen und fl\u00fcchtete anschlie\u00dfend in unbekannte Richtung. Eine 35-j\u00e4hrige Bewohnerin des Hauses bemerkte gegen 15.00 Uhr L\u00e4rm aus ihrer Wohnung, als sie sich gerade in einer Nachbarwohnung befand. Bei einer Nachschau stellte sie [&hellip;]<\/p>\n","protected":false},"author":4,"featured_media":152245,"comment_status":"closed","ping_status":"open","sticky":false,"template":"","format":"standard","meta":{"inline_featured_image":false,"_exactmetrics_skip_tracking":false,"_exactmetrics_sitenote_active":false,"_exactmetrics_sitenote_note":"","_exactmetrics_sitenote_category":0,"footnotes":""},"categories":[11241],"tags":[14857,68,205,1625,9,275],"class_list":{"0":"post-156244","1":"post","2":"type-post","3":"status-publish","4":"format-standard","5":"has-post-thumbnail","7":"category-region-stuttgart","8":"tag-die-webzeitung","9":"tag-online-zeitung","10":"tag-polizei","11":"tag-report","12":"tag-schaumedia","13":"tag-stuttgart"},"image_feature":"https:\/\/die-webzeitung.de\/stuttgart\/wp-content\/uploads\/sites\/4\/2024\/02\/Polizei-Pix-scaled.jpg","author_name":"Redaktion","pure_taxonomies":{"categories":[{"term_id":11241,"name":"Polizei-Report Stuttgart","slug":"region-stuttgart","term_group":0,"term_taxonomy_id":11279,"taxonomy":"category","description":"Polizeiberichte aus der Region Stuttgart","parent":1619,"count":68,"filter":"raw","image":""}],"tags":[{"term_id":14857,"name":"Die-Webzeitung","slug":"die-webzeitung","term_group":0,"term_taxonomy_id":14876,"taxonomy":"post_tag","description":"","parent":0,"count":3625,"filter":"raw","image":""},{"term_id":68,"name":"Online-Zeitung","slug":"online-zeitung","term_group":0,"term_taxonomy_id":69,"taxonomy":"post_tag","description":"","parent":0,"count":3595,"filter":"raw","image":""},{"term_id":205,"name":"Polizei","slug":"polizei","term_group":0,"term_taxonomy_id":208,"taxonomy":"post_tag","description":"","parent":0,"count":277,"filter":"raw","image":""},{"term_id":1625,"name":"Report","slug":"report","term_group":0,"term_taxonomy_id":1634,"taxonomy":"post_tag","description":"","parent":0,"count":210,"filter":"raw","image":""},{"term_id":9,"name":"SchauMedia","slug":"schaumedia","term_group":0,"term_taxonomy_id":9,"taxonomy":"post_tag","description":"","parent":0,"count":1607,"filter":"raw","image":""},{"term_id":275,"name":"Stuttgart","slug":"stuttgart","term_group":0,"term_taxonomy_id":281,"taxonomy":"post_tag","description":"","parent":0,"count":1195,"filter":"raw","image":""}]},"_links":{"self":[{"href":"https:\/\/die-webzeitung.de\/stuttgart\/wp-json\/wp\/v2\/posts\/156244","targetHints":{"allow":["GET"]}}],"collection":[{"href":"https:\/\/die-webzeitung.de\/stuttgart\/wp-json\/wp\/v2\/posts"}],"about":[{"href":"https:\/\/die-webzeitung.de\/stuttgart\/wp-json\/wp\/v2\/types\/post"}],"author":[{"embeddable":true,"href":"https:\/\/die-webzeitung.de\/stuttgart\/wp-json\/wp\/v2\/users\/4"}],"replies":[{"embeddable":true,"href":"https:\/\/die-webzeitung.de\/stuttgart\/wp-json\/wp\/v2\/comments?post=156244"}],"version-history":[{"count":7,"href":"https:\/\/die-webzeitung.de\/stuttgart\/wp-json\/wp\/v2\/posts\/156244\/revisions"}],"predecessor-version":[{"id":156287,"href":"https:\/\/die-webzeitung.de\/stuttgart\/wp-json\/wp\/v2\/posts\/156244\/revisions\/156287"}],"wp:featuredmedia":[{"embeddable":true,"href":"https:\/\/die-webzeitung.de\/stuttgart\/wp-json\/wp\/v2\/media\/152245"}],"wp:attachment":[{"href":"https:\/\/die-webzeitung.de\/stuttgart\/wp-json\/wp\/v2\/media?parent=156244"}],"wp:term":[{"taxonomy":"category","embeddable":true,"href":"https:\/\/die-webzeitung.de\/stuttgart\/wp-json\/wp\/v2\/categories?post=156244"},{"taxonomy":"post_tag","embeddable":true,"href":"https:\/\/die-webzeitung.de\/stuttgart\/wp-json\/wp\/v2\/tags?post=156244"}],"curies":[{"name":"wp","href":"https:\/\/api.w.org\/{rel}","templated":true}]}}