{"id":156242,"date":"2025-06-02T18:33:45","date_gmt":"2025-06-02T17:33:45","guid":{"rendered":"https:\/\/die-webzeitung.de\/stuttgart\/?p=156242"},"modified":"2025-06-08T10:59:38","modified_gmt":"2025-06-08T09:59:38","slug":"polizei-report-kreis-esslingen-woche-23-5","status":"publish","type":"post","link":"https:\/\/die-webzeitung.de\/stuttgart\/2025\/06\/02\/polizei-report-kreis-esslingen-woche-23-5\/","title":{"rendered":"Polizei-Report Kreis Esslingen | Woche 23"},"content":{"rendered":"<p><em>Quelle: ots<\/em><\/p>\n<p style=\"text-align: justify;\"><strong>Filderstadt: Raub\u00fcberfall (Zeugenaufruf)<br \/>\n<\/strong>Bei einem Raub\u00fcberfall auf ein Sonnenstudio in der Aicher Stra\u00dfe hat ein bislang unbekannter T\u00e4ter am Sonntagmorgen Bargeld erbeutet. Nach derzeitigem Stand der Ermittlungen betrat der T\u00e4ter gegen 09.10 Uhr das Sonnenstudio, in welchem auch Gold angekauft wird. Unter Vorhalt eines Messers forderte der Unbekannte vom 75 Jahre alten Gesch\u00e4ftsinhaber Geld und raubte schlie\u00dflich einen geringen Bargeldbetrag. Mit diesem fl\u00fcchtete er auf einem Herrenrad \u00fcber die Eisenbahnstra\u00dfe in Richtung Echterdingen. Eine sofort eingeleitete Fahndung mit mehreren Streifenwagenbesatzungen und eines Polizeihubschraubers f\u00fchrte nicht zur Ergreifung des T\u00e4ters. Bei diesem soll es sich um einen etwa 185-190cm gro\u00dfen, schlanken Mann gehandelt haben, der mit einem wei\u00df\/grauen Pullover mit Kapuze und einer grauen Jogginghose bekleidet war. Zudem f\u00fchrte er einen schwarzen Rucksack bei sich. Die Kriminalpolizeidirektion Esslingen hat die Ermittlungen aufgenommen und bittet Zeugen, sich unter Telefon 0711\/3990-0 zu melden.<\/p>\n<p style=\"text-align: justify;\"><strong>Filderstadt: Mit Messer verletzt<br \/>\n<\/strong>Am Samstagabend ist es zu einer Auseinandersetzung zwischen zwei Bewohnern einer Gemeinschaftsunterkunft in der Richthofenstra\u00dfe gekommen. Ersten Erkenntnissen zufolge gerieten die beiden 36 und 38 Jahre alten M\u00e4nner gegen 19.50 Uhr aufgrund der gemeinsam genutzten R\u00e4umlichkeiten aneinander. Dabei soll der J\u00fcngere den \u00c4lteren in einen W\u00fcrgegriff genommen und ihn anschlie\u00dfend leicht mit einem Messer verletzt haben. Des Weiteren wurde das Mobiltelefon des 38-J\u00e4hrigen besch\u00e4digt. Die Hinzuziehung eines Rettungsdienstes war nicht notwendig. Nach Durchf\u00fchrung der erforderlichen Ma\u00dfnahmen wurde der 36-J\u00e4hrige wieder auf freien Fu\u00df gesetzt. Das Polizeirevier Filderstadt hat die weiteren Ermittlungen aufgenommen.<\/p>\n<p style=\"text-align: justify;\"><strong>Filderstadt: Geb\u00e4udebrand<br \/>\n<\/strong>Einsatzkr\u00e4fte von Feuerwehr, Rettungsdienst und Polizei sind am Samstagnachmittag zu einem Brand in die Heu\u00dfstra\u00dfe im Stadtteil Sielmingen ausger\u00fcckt. Gegen 16.30 Uhr teilten mehrere Anrufer \u00fcber Notruf mit, dass in einer Scheune mit angrenzendem, leerstehenden Wohngeb\u00e4ude ein Feuer ausgebrochen sei. Beim Eintreffen der ersten Streifenwagenbesatzung schlugen bereits Flammen und Rauch aus dem Dachstuhl des Geb\u00e4udes. Durch das rasche Eingreifen der Feuerwehr, welche mit 13 Fahrzeugen und 63 Einsatzkr\u00e4ften t\u00e4tig war, konnte eine weitere Brandausbreitung verhindert und der Brand gel\u00f6scht werden. Verletzt wurde nach derzeitigem Kenntnisstand niemand. Aufgrund der Rauchentwicklung wurden umliegende Anwohner angehalten, Fenster und T\u00fcren geschlossen zu halten. Das Geb\u00e4ude ist bis auf Weiteres nicht mehr bewohnbar und in Teilen einsturzgef\u00e4hrdet, weshalb ein Baufachberater des THW verst\u00e4ndigt wurde. Der entstandene Sachschaden betr\u00e4gt nach ersten Sch\u00e4tzungen mehrere hunderttausend Euro. Die umfangreichen Nachl\u00f6scharbeiten der Feuerwehr dauern Stand 19.00 Uhr weiter an. Durch den verst\u00e4ndigten Energieversorger wurde vor\u00fcbergehend der Strom im Bereich des Brandorts abgeschaltet, wovon mehrere Geb\u00e4ude der Heu\u00dfstra\u00dfe betroffen sind. Die Verkehrssperrung der Sielminger Hauptstra\u00dfe zwischen den Kreuzungen Reutlinger Stra\u00dfe und Lange Stra\u00dfe konnte gegen 18.45 Uhr aufgehoben werden. Die polizeilichen Ermittlungen zur bislang ungekl\u00e4rten Brandursache dauern an.<\/p>\n<p style=\"text-align: justify;\"><strong>N\u00fcrtingen: Bus bei Gro\u00dfkontrolle aus dem Verkehr gezogen<br \/>\n<\/strong>Ein sogenannter Stretch-Bus musste am Mittwochmittag von der Polizei in N\u00fcrtingen aus dem Verkehr gezogen werden. Beamte der Verkehrspolizei hatten zusammen mit dem Zoll und der Unterst\u00fctzung durch Mitarbeiter des Technischen Hilfswerks eine Kontrollstelle auf dem Festplatz in Oberensingen eingerichtet. In der Zeit von zehn Uhr bis 15.15 Uhr hielten die Beamten 28 Fahrzeuge an und kontrollierten insgesamt 95 Personen. Hierbei stellten sie an sieben Fahrzeugen technische M\u00e4ngel fest, von denen drei aus dem Verkehr gezogen werden mussten. Weiterhin konnten bei den Fahrern sieben Verst\u00f6\u00dfe gegen die Lenk- und Ruhezeiten festgestellt und zur Anzeige gebracht werden. Am gravierendsten waren die Verst\u00f6\u00dfe gegen die Sozialvorschriften bei zwei Fahrern eines aus der Ukraine kommenden Stretch-Busses. Der mit 18 Fahrg\u00e4sten besetzte Mercedes-Benz Sprinter war seit Beginn der Tour in die Region Freiburg etwa 30 Stunden ohne gr\u00f6\u00dfere Pausen unterwegs. Zudem stellte sich bei einer \u00dcberpr\u00fcfung des Fahrzeugs heraus, dass der Geschwindigkeitsbegrenzer au\u00dfer Funktion gesetzt wurde. So konnte die maximal vorgeschriebene H\u00f6chstgeschwindigkeit von 100 Stundenkilometern \u00fcberschritten werden und der Bus war streckenweise mit Geschwindigkeiten von 115 km\/h bis 120 km\/h unterwegs. Das Fahrzeug wurde zur weiteren \u00dcberpr\u00fcfung einer Firma zugef\u00fchrt und bis zur Einstellung des Geschwindigkeitsbegrenzers aus dem Verkehr gezogen. Gegen die beiden Fahrer sowie den Halter wurden Sicherheitsleistungen in einer Gesamth\u00f6he von 5.000 Euro festgesetzt. Die Fahrg\u00e4ste durften nach der Kontrolle in einem Ersatzbus mit anderen Fahrern ihre Reise fortsetzen.<\/p>\n<p style=\"text-align: justify;\"><strong>Filderstadt: Hoher Sachschaden nach Alkoholfahrt<br \/>\n<\/strong>Das Polizeirevier Filderstadt ermittelt seit dem sp\u00e4ten Montagabend gegen eine 53- J\u00e4hrige wegen des Verdachts der Stra\u00dfenverkehrsgef\u00e4hrdung. Die Frau war kurz nach 22 Uhr mit ihrem KIA Sportage auf der Metzinger Stra\u00dfe unterwegs. Mutma\u00dflich aufgrund des Konsums von Alkohol prallte sie mit ihrem Wagen auf einen geparkten BMW X3, der anschlie\u00dfend gegen einen VW Amarok geschoben wurde. Die Unfallverursacherin wurde vorsorglich mit einem Rettungswagen zur Untersuchung in eine Klinik gebracht. W\u00e4hrend der Unfallaufnahme stellten die Polizeibeamten bei der Fahrerin deutlichen Alkoholgeruch fest, weshalb die 53-J\u00e4hrige eine Blutprobe abgeben musste. Ihr F\u00fchrerschein wurde beschlagnahmt und der nicht mehr fahrbereiter KIA abgeschleppt. Die Polizei beziffert den verursachten Sachschaden auf rund 30.000 Euro.<\/p>\n<p style=\"text-align: justify;\"><strong>Esslingen: Unfall mit schwerverletztem Kind<br \/>\n<\/strong>Schwere Verletzungen hat ein Kind bei einem Verkehrsunfall am Montagabend in der Plochinger Stra\u00dfe erlitten. Das zw\u00f6lf Jahre alte M\u00e4dchen stand kurz nach 18.30 Uhr auf einer Sperrfl\u00e4che am Stra\u00dfenrand auf H\u00f6he der Bismarckstra\u00dfe. Unmittelbar vor dem Peugeot einer 27 Jahre alten Frau, die in Richtung Stadtmitte fuhr, lief die Zw\u00f6lfj\u00e4hrige unvermittelt \u00fcber die Fahrbahn. Trotz einer Vollbremsung konnte die Pkw-Lenkerin einen Aufprall nicht verhindern. Nach einer not\u00e4rztlichen Versorgung an der Unfallstelle wurde das M\u00e4chen mit einem Rettungswagen in eine Klinik eingeliefert. Der Schaden an dem Auto bel\u00e4uft sich auf zirka 4.000 Euro.<\/p>\n<p style=\"text-align: justify;\"><strong>Reichenbach: Kompletter Zigarettenautomat gestohlen (Zeugenaufruf)<br \/>\n<\/strong>Unbekannte haben in der Zeit von Freitag bis Sonntag einen kompletten Zigarettenautomaten in der Kanalstra\u00dfe gestohlen. Nach bisherigen Erkenntnissen gruben die unbekannten T\u00e4ter den auf einem Sportgel\u00e4nde angebrachten Automaten samt dem Standpfosten aus und entwendeten diesen. Hierzu d\u00fcrften die Diebe mindestens einen gr\u00f6\u00dferen Pkw oder einen Anh\u00e4nger benutzt haben. Der Schaden betr\u00e4gt mehrere tausend Euro. Der Polizeiposten Reichenbach hat die Ermittlungen aufgenommen und bittet um Hinweise zu verd\u00e4chtigen Personen oder Fahrzeugen unter Telefon 07153\/9551-0.<\/p>\n<hr \/>\n<p>&nbsp;<\/p>\n","protected":false},"excerpt":{"rendered":"<p>Quelle: ots Filderstadt: Raub\u00fcberfall (Zeugenaufruf) Bei einem Raub\u00fcberfall auf ein Sonnenstudio in der Aicher Stra\u00dfe hat ein bislang unbekannter T\u00e4ter am Sonntagmorgen Bargeld erbeutet. Nach derzeitigem Stand der Ermittlungen betrat der T\u00e4ter gegen 09.10 Uhr das Sonnenstudio, in welchem auch Gold angekauft wird. Unter Vorhalt eines Messers forderte der Unbekannte vom 75 Jahre alten Gesch\u00e4ftsinhaber [&hellip;]<\/p>\n","protected":false},"author":4,"featured_media":152245,"comment_status":"closed","ping_status":"open","sticky":false,"template":"","format":"standard","meta":{"inline_featured_image":false,"_exactmetrics_skip_tracking":false,"_exactmetrics_sitenote_active":false,"_exactmetrics_sitenote_note":"","_exactmetrics_sitenote_category":0,"footnotes":""},"categories":[11240],"tags":[14857,14440,68,205,1625,9],"class_list":{"0":"post-156242","1":"post","2":"type-post","3":"status-publish","4":"format-standard","5":"has-post-thumbnail","7":"category-region-esslingen","8":"tag-die-webzeitung","9":"tag-esslingen","10":"tag-online-zeitung","11":"tag-polizei","12":"tag-report","13":"tag-schaumedia"},"image_feature":"https:\/\/die-webzeitung.de\/stuttgart\/wp-content\/uploads\/sites\/4\/2024\/02\/Polizei-Pix-scaled.jpg","author_name":"Redaktion","pure_taxonomies":{"categories":[{"term_id":11240,"name":"Polizei-Report Esslingen","slug":"region-esslingen","term_group":0,"term_taxonomy_id":11278,"taxonomy":"category","description":"Polizeiberichte aus der Region des Landkreises Esslingen","parent":1619,"count":69,"filter":"raw","image":""}],"tags":[{"term_id":14857,"name":"Die-Webzeitung","slug":"die-webzeitung","term_group":0,"term_taxonomy_id":14876,"taxonomy":"post_tag","description":"","parent":0,"count":3625,"filter":"raw","image":""},{"term_id":14440,"name":"Esslingen","slug":"esslingen","term_group":0,"term_taxonomy_id":3885,"taxonomy":"post_tag","description":"","parent":0,"count":202,"filter":"raw","image":""},{"term_id":68,"name":"Online-Zeitung","slug":"online-zeitung","term_group":0,"term_taxonomy_id":69,"taxonomy":"post_tag","description":"","parent":0,"count":3595,"filter":"raw","image":""},{"term_id":205,"name":"Polizei","slug":"polizei","term_group":0,"term_taxonomy_id":208,"taxonomy":"post_tag","description":"","parent":0,"count":277,"filter":"raw","image":""},{"term_id":1625,"name":"Report","slug":"report","term_group":0,"term_taxonomy_id":1634,"taxonomy":"post_tag","description":"","parent":0,"count":210,"filter":"raw","image":""},{"term_id":9,"name":"SchauMedia","slug":"schaumedia","term_group":0,"term_taxonomy_id":9,"taxonomy":"post_tag","description":"","parent":0,"count":1607,"filter":"raw","image":""}]},"_links":{"self":[{"href":"https:\/\/die-webzeitung.de\/stuttgart\/wp-json\/wp\/v2\/posts\/156242","targetHints":{"allow":["GET"]}}],"collection":[{"href":"https:\/\/die-webzeitung.de\/stuttgart\/wp-json\/wp\/v2\/posts"}],"about":[{"href":"https:\/\/die-webzeitung.de\/stuttgart\/wp-json\/wp\/v2\/types\/post"}],"author":[{"embeddable":true,"href":"https:\/\/die-webzeitung.de\/stuttgart\/wp-json\/wp\/v2\/users\/4"}],"replies":[{"embeddable":true,"href":"https:\/\/die-webzeitung.de\/stuttgart\/wp-json\/wp\/v2\/comments?post=156242"}],"version-history":[{"count":7,"href":"https:\/\/die-webzeitung.de\/stuttgart\/wp-json\/wp\/v2\/posts\/156242\/revisions"}],"predecessor-version":[{"id":156289,"href":"https:\/\/die-webzeitung.de\/stuttgart\/wp-json\/wp\/v2\/posts\/156242\/revisions\/156289"}],"wp:featuredmedia":[{"embeddable":true,"href":"https:\/\/die-webzeitung.de\/stuttgart\/wp-json\/wp\/v2\/media\/152245"}],"wp:attachment":[{"href":"https:\/\/die-webzeitung.de\/stuttgart\/wp-json\/wp\/v2\/media?parent=156242"}],"wp:term":[{"taxonomy":"category","embeddable":true,"href":"https:\/\/die-webzeitung.de\/stuttgart\/wp-json\/wp\/v2\/categories?post=156242"},{"taxonomy":"post_tag","embeddable":true,"href":"https:\/\/die-webzeitung.de\/stuttgart\/wp-json\/wp\/v2\/tags?post=156242"}],"curies":[{"name":"wp","href":"https:\/\/api.w.org\/{rel}","templated":true}]}}