{"id":156240,"date":"2025-06-02T18:32:40","date_gmt":"2025-06-02T17:32:40","guid":{"rendered":"https:\/\/die-webzeitung.de\/stuttgart\/?p=156240"},"modified":"2025-06-08T10:49:57","modified_gmt":"2025-06-08T09:49:57","slug":"polizei-report-kreis-boeblingen-woche-23-5","status":"publish","type":"post","link":"https:\/\/die-webzeitung.de\/stuttgart\/2025\/06\/02\/polizei-report-kreis-boeblingen-woche-23-5\/","title":{"rendered":"Polizei-Report Kreis B\u00f6blingen | Woche 23"},"content":{"rendered":"<p><em>Quelle: ots<\/em><\/p>\n<p style=\"text-align: justify;\"><strong>A81 Gemarkung Leonberg: Verkehrsunfall mit drei verletzten Personen<\/strong><br \/>\nAm Samstag gegen 14:38 Uhr ereignete sich auf der A8, Karlsruhe in Richtung M\u00fcnchen, kurz vor der Anschlussstelle und Leonberg-West ein Verkehrsunfall. Die 70-j\u00e4hrige Fahrerin eines Pkw VW befuhr die mittlere Fahrspur. Aus bislang unbekannter Ursache geriet sie zun\u00e4chst nach rechts und versuchte deshalb, entgegen zu lenken. Hierbei \u00fcbersteuerte das Fahrzeug und geriet ins Schleudern. Der VW prallte in der Folge zwei Mal in die linke Betonleitwand und kam auf dem linken Fahrstreifen zum Stehen. Durch umherfliegende Fahrzeugteile wurden der auf der linken Fahrspur nachfolgende Pkw Mercedes Benz eines 24-j\u00e4hrigen Fahrers, sowie der auf der rechten Fahrspur der Gegenfahrbahn fahrende Pkw Mercedes Benz eines 48-j\u00e4hrigen Fahrers besch\u00e4digt. Bei dem Unfall wurden im VW die 70-j\u00e4hrige Fahrerin, die 31-j\u00e4hrige Beifahrerin und ein 66-j\u00e4hriger Mitfahrer leicht verletzt, diese mussten durch den Rettungsdienst in ein Krankenhaus transportiert und dort ambulant behandelt werden. Der Gesamtsachschaden betr\u00e4gt ca. 25.500 Euro. Vor Ort waren zwei Streifen der Verkehrspolizei Ludwigsburg, drei Rettungswagen, ein Notarzt sowie die Feuerwehr Leonberg in gro\u00dfer Anzahl eingesetzt. F\u00fcr die Dauer der Unfallaufnahme und die Bergung des verunfallten VW wurde die mittlere und linke Fahrspur bis 16:49 Uhr gesperrt. Es bildete sich ein R\u00fcckstau von zwei Kilometern L\u00e4nge.<\/p>\n<p style=\"text-align: justify;\"><strong>Leonberg: Brand in Mehrfamilienhaus mit zwei leichtverletzten Personen<\/strong><br \/>\nAm Donnerstag, den 05.06.2025, kam es gegen 15:15 Uhr zur einem Brand in einem Mehrfamilienhaus. Der Brand brach aus bislang ungekl\u00e4rter Ursache in einer Sauna in einer Wohnung aus. Das Geb\u00e4ude musste f\u00fcr den Zeitraum der L\u00f6scharbeiten vollst\u00e4ndig ger\u00e4umt werden. Die Brandwohnung ist nicht mehr bewohnbar, die weiteren Wohnungen im Haus sind nicht betroffen. Insgesamt entstand Sachschaden in H\u00f6he von ca. 200.000 Euro. Die 80 und 55 Jahre alten Bewohner der Wohnung, in welcher der Brand ausgebrochen war, wurden mit leichten Verletzungen in ein Krankenhaus zur weiteren Versorgung verbracht. F\u00fcr die Dauer des Einsatzes musste die Stra\u00dfe komplett gesperrt werden. Es kam zu keinen gr\u00f6\u00dferen Verkehrsbeeintr\u00e4chtigungen. Die Feuerwehr, der Rettungsdienst und das Polizeirevier Leonberg waren mit starken Kr\u00e4ften vor Ort.<\/p>\n<p style=\"text-align: justify;\"><strong>B\u00f6blingen: Kellerbrand &#8211; zwei Personen leicht verletzt &#8211; Tatverd\u00e4chtiger festgenommen<\/strong><br \/>\nAm Dienstag (03.06.2025) kam es gegen 10:00 Uhr zu einem Kellerbrand mit zwei leichtverletzten Personen in einem Mehrfamilienhaus in der Lauchstra\u00dfe in B\u00f6blingen (wir berichteten).<br \/>\nBei den leicht verletzten Personen handelte es sich um eine 22-j\u00e4hrige Bewohnerin und ihr knapp ein Jahr altes Kind. Im Zuge der Ermittlungen der Kriminalpolizei des Polizeipr\u00e4sidiums Ludwigsburg ergaben sich konkrete Hinweise, dass ein 38-j\u00e4hriger Mann f\u00fcr die Brandlegung verantwortlich sein k\u00f6nnte. Er wurde noch am Dienstag vorl\u00e4ufig festgenommen und am Mittwoch (04.06.2025) auf Antrag der Staatsanwaltschaft Stuttgart einer Haftrichterin des Amtsgerichts B\u00f6blingen vorgef\u00fchrt. Dieser erlie\u00df wegen des bestehenden Verdachts der schweren Brandstiftung einen Haftbefehl gegen den Tatverd\u00e4chtigen, setzte diesen in Vollzug und wies den 38-j\u00e4hrigen kosovarischen Staatsb\u00fcrger in eine Justizvollzugsanstalt ein. Das Geb\u00e4ude darf bis auf weiteres nicht betreten werden. Die Staatsanwaltschaft Stuttgart hat einen Gutachter bestellt. Zeugen, die verd\u00e4chtige Wahrnehmungen gemacht haben, werden gebeten, sich mit der Kriminalpolizei des Polizeipr\u00e4sidiums Ludwigsburg unter Tel. 0800 1100225 oder per E-Mail an <a href=\"mailto:hinweise.kripo.boeblingen@polizei.bwl.de\" target=\"_blank\" rel=\"noopener\">hinweise.kripo.boeblingen@polizei.bwl.de<\/a> in Verbindung zu setzen.<\/p>\n<p style=\"text-align: justify;\"><strong>A8 Gemarkung Sindelfingen: Vollbrand eines Lkw-Transporters<\/strong><br \/>\nAm heutigen Mittwoch, gegen 18:15 Uhr, gingen bei der integrierten Leitstelle des Landkreises B\u00f6blingen mehrere Notrufe \u00fcber einen brennenden Lkw-Transporter ein. Nach bisherigen Ermittlungen befuhr ein 44-j\u00e4riger Fahrer eines Iveco Daily Transporter mit Planenaufbau und einer zul\u00e4ssigen Gesamtmasse von 3.5 t die Bundesautobahn 8 von Leonberg kommend in Richtung M\u00fcnchen. Kurz vor der Rastanlage Sindelfinger Wald geriet zun\u00e4chst der Ladeaufbau aus bislang unbekannter Ursache in Brand. Der Fahrer wurde von vorbeifahrenden Verkehrsteilnehmern auf das Feuer aufmerksam gemacht und konnte das Fahrzeug noch auf den Standsteifen lenken und abstellen. Beim Eintreffen der Rettungskr\u00e4fte stand der Lkw, welcher mit Styropor beladen war, bereits in Vollbrand und brannte vollst\u00e4ndig aus. Durch umherfliegende brennende Teile wurde ein nachfolgender Opel Corsa einer 39-j\u00e4hrigen Fahrerin besch\u00e4digt, das Fahrzeug bleib fahrbereit. F\u00fcr die L\u00f6scharbeiten musste zun\u00e4chst die Richtungsfahrbahn M\u00fcnchen komplett gesperrt werden. Um 19:20 Uhr konnten der linke und mittlere Fahrstreifen der Richtungsfahrbahn M\u00fcnchen wieder freigegeben werden. Sowohl der 44-J\u00e4hrige als auch die 39-J\u00e4hrige wurden nicht verletzt. Durch das Feuer wurden zwei Fahrstreifen nicht unerheblich besch\u00e4digt. Zudem wurden eine Notrufs\u00e4ule und zwei Elemente Distanzschutzplanken besch\u00e4digt. Der Gesamtschaden bel\u00e4uft sich auf 90.000 Euro. Die Feuerwehren aus Sindelfingen und Leonberg waren mit starken Kr\u00e4ften vor Ort. Vom Rettungsdienst war vorsorglich ein Rettungswagen im Einsatz. Derzeit ist die Autobahnmeisterei Herrenberg mit Absperrma\u00dfnahmen, Aufr\u00e4umarbeiten und Begutachtung der Fahrstreifen besch\u00e4ftigt, die Bergung des Klein-Lkw dauert noch an. Hierzu sind der Standstreifen und der rechte Fahrstreifen gesperrt.<\/p>\n<p style=\"text-align: justify;\"><strong>Holzgerlingen: Falsche Bankmitarbeiter am Werk<\/strong><br \/>\nEinen Anruf einer angeblichen Sicherheitsmitarbeiterin einer Bank erhielt eine 31 Jahre alte Holzgerlingerin am Mittwochabend (04.06.2025). Die Anruferin machte der Frau durch geschickte Gespr\u00e4chsf\u00fchrung glaubhaft, dass es auf ihrem Konto zu Auff\u00e4lligkeiten gekommen sei. Dies deute darauf hin, dass Betr\u00fcger versuchen, Geld abzubuchen. Parallel zu dem Telefonat erhielt die 31-J\u00e4hrige SMS-Nachrichten, bei welchem als Absender die Notfall-Hotline ihrer Bank angezeigt wurde. Im weiteren Verlauf \u00fcberwies die Frau mehrere Tausend Euro auf ein von der Anruferin genanntes, angeblich sicheres Konto, um das Geld vor den Betr\u00fcgern zu sch\u00fctzen. Erst sp\u00e4ter fiel der 31-J\u00e4hrigen der eigentliche Betrug auf und sie erstattete Anzeige bei der Polizei.<\/p>\n<p style=\"text-align: justify;\"><strong>B\u00f6blingen: Polizei ermittelt wegen illegalem Kraftfahrzeugrennen<\/strong><br \/>\nMit der Beschlagnahme seines F\u00fchrerscheins endete die Fahrt eines 50 Jahre alten Mercedes-Lenkers am Freitag (30.05.2025) bei B\u00f6blingen.<br \/>\nDer 50-J\u00e4hrige war einer Polizeistreife gegen 23.15 Uhr in der Flugfeld-Allee aufgefallen. Der Fahrer des hochmotorisierten Mercedes war von dort in die Heinkelstra\u00dfe abgebogen und hatte dabei durch starkes Beschleunigen unn\u00f6tigen L\u00e4rm verursacht. Anschlie\u00dfend drehte der 50-J\u00e4hrige eine Runde auf einem Supermarkt-Parkplatz, ehe er in die Calwer Stra\u00dfe und schlie\u00dflich in Richtung Bundesstra\u00dfe 464 (B 464) fuhr. Dabei beschleunigte der Mercedes-Lenker abermals sehr stark, sodass es der Streifenbesatzung erst auf der B464 gelang, zu dem 50-J\u00e4hrigen aufzuschlie\u00dfen und ihn einer Verkehrskontrolle zu unterziehen. Er muss nun mit einer Anzeige wegen verbotenem Kraftfahrzeugrennen rechnen.<\/p>\n<p style=\"text-align: justify;\"><strong>B\u00f6blingen-Dagersheim: 81-J\u00e4hriger verliert Kontrolle \u00fcber Pkw und erfasst Fu\u00dfg\u00e4nger<\/strong><br \/>\nZwei leicht verletzte Personen und ein Sachschaden in H\u00f6he von insgesamt rund 60.000 Euro sind die Bilanz Verkehrsunfalls, der sich am Montag (02.06.2025) gegen 14.25 Uhr in B\u00f6blingen-Dagersheim ereignete.<br \/>\nEin 81 Jahre alter VW-Lenker fuhr die Hauptstra\u00dfe in Richtung B\u00f6blingen entlang, als er aus noch ungekl\u00e4rter Ursache von der Fahrbahn abkam und auf einen Gehweg geriet. Dort fuhr der 81-J\u00e4hrige zwischen geparkten Fahrzeugen und H\u00e4usern entlang. Auf H\u00f6he einer B\u00e4ckerei erfasste er einen 36 Jahre alten Mann, der mit Arbeiten an einer dortigen Gr\u00fcnfl\u00e4che besch\u00e4ftigt war. Der 36-J\u00e4hrige wurde durch die Kollision gegen einen geparkten Mercedes geschleudert, mindestens eine Person konnte sich durch einen Sprung zur Seite vor einem Zusammensto\u00df retten.<br \/>\nIm weiteren Verlauf touchierte der VW eine Stra\u00dfenlaterne sowie eine Schiebet\u00fcr der B\u00e4ckerei, ehe er schlie\u00dflich mit einem geparkten Volvo kollidierte und zum Stehen kam. Sowohl der 36-J\u00e4hrige als auch der 81 Jahre alte VW-Lenker wurden mit leichten Verletzungen vom Rettungsdienst in Krankenh\u00e4user gebracht. Der VW war nicht mehr fahrbereit und musste abgeschleppt werden.<br \/>\nNeben Polizei und Rettungsdienst war auch die Feuerwehr im Einsatz. Die Hauptstra\u00dfe musste im Zuge der Unfallaufnahme f\u00fcr etwa 30 Minuten voll gesperrt werden.<\/p>\n<p style=\"text-align: justify;\"><strong>Sindelfingen: 43-J\u00e4hriger leistet Widerstand gegen die Polizei<\/strong><br \/>\nMehrere Streifenwagenbesatzungen waren erforderlich, um am Sonntag (01.06.2025) kurz vor Mitternacht einen widersetzlichen 43-J\u00e4hrigen vor einer Gastst\u00e4tte in der Mercedesstra\u00dfe in Sindelfingen festnehmen zu k\u00f6nnen. Der Mann hatte zun\u00e4chst gegen\u00fcber einem Zeugen erkl\u00e4rt, er f\u00fchre eine Schusswaffe mit sich und habe den Auftrag, jemanden zu erschie\u00dfen. Nachdem die Polizei verst\u00e4ndigt worden war, sollte der 43-J\u00e4hrige kontrolliert und durchsucht werden. Da er dabei den Anweisungen der Einsatzkr\u00e4fte nicht Folge leistete, wurde nach mehrfacher Androhung zun\u00e4chst Pfefferspray und schlie\u00dflich auch ein Diensthund eingesetzt, um den aggressiven 43-J\u00e4hrigen \u00fcberw\u00e4ltigen zu k\u00f6nnen. Dabei zog er sich leichte Verletzungen zu, weshalb er nach Abschluss der polizeilichen Ma\u00dfnahmen vom Rettungsdienst in ein Krankenhaus gebracht wurde. Eine Schusswaffe konnte nicht aufgefunden werden. Das Polizeirevier Sindelfingen (Tel. 07031 697-0 oder sindelfingen.prev@polizei.bwl.de) ermittelt nun gegen den 43-J\u00e4hrigen wegen Widerstands gegen Vollstreckungsbeamte.<\/p>\n<p style=\"text-align: justify;\"><strong>A8 Sindelfingen: randalierende Fu\u00dfballfans w\u00fcten in Tank- und Rastanlage auf der Autobahn<\/strong><br \/>\nRandalierende Fu\u00dfballfans w\u00fcteten am vergangenen Samstag (31.05.2025) auf der Tank- und Rastanlage &#8220;Sindelfinger Wald&#8221; an der Bundesautobahn 8 bei Sindelfingen. Insgesamt sechs Reisebusse mit 300 bis 350 Fu\u00dfballfans, die auf dem Weg zum UEFA-Champions-League-Finale nach M\u00fcnchen waren, stoppten gegen 09:30 Uhr an der Tank- und Rastanlage, um eine Pause einzulegen. Die Fu\u00dfballfans verteilten sich daraufhin auf dem Gel\u00e4nde und brachten an W\u00e4nden, Fensterscheiben und Schildern des Geb\u00e4udes der Rastanlage Aufkleber und Graffitis an. Aus dem Verkaufsraum entwendeten sie Getr\u00e4nke, Snacks, Sonnenbrillen und Souvenirs in noch unbekanntem Wert. Die alarmierte Polizei verhinderte zun\u00e4chst die Abfahrt der Fanbusse und nahm Kontakt mit Fahrern und Verantwortlichen der Fangruppierung auf. Es konnte erreicht werden, dass zumindest ein Teil der entwendeten Gegenst\u00e4nde herausgegeben wurde und die \u00fcberall verteilten Aufkleber teilweise wieder entfernt wurden. Eine Zuordnung der Taten zu einzelnen Personen war aufgrund der Personenvielzahl jedoch nicht m\u00f6glich. Durch einen Verantwortlichen der Fangruppierung wurde signalisiert, man werde die Regulierung des Sachschadens \u00fcbernehmen. Im Anschluss an die polizeilichen Ma\u00dfnahmen wurden die sechs Reisebusse sicherheitshalber von zwei Streifenwagenbesatzungen begleitet und im Bereich Wendlingen an Streifen des Polizeipr\u00e4sidiums Ulm zur Weiterfahrt in Richtung M\u00fcnchen \u00fcbergeben. Insgesamt waren rund zwei Dutzend Streifenwagenbesatzungen im Einsatz, um den Sachverhalt aufzukl\u00e4ren. Der Wert des Diebesguts sowie die H\u00f6he der hinterlassenen Sachsch\u00e4den sind noch nicht n\u00e4her bekannt.<\/p>\n<hr \/>\n<p>&nbsp;<\/p>\n","protected":false},"excerpt":{"rendered":"<p>Quelle: ots A81 Gemarkung Leonberg: Verkehrsunfall mit drei verletzten Personen Am Samstag gegen 14:38 Uhr ereignete sich auf der A8, Karlsruhe in Richtung M\u00fcnchen, kurz vor der Anschlussstelle und Leonberg-West ein Verkehrsunfall. Die 70-j\u00e4hrige Fahrerin eines Pkw VW befuhr die mittlere Fahrspur. Aus bislang unbekannter Ursache geriet sie zun\u00e4chst nach rechts und versuchte deshalb, entgegen [&hellip;]<\/p>\n","protected":false},"author":4,"featured_media":152245,"comment_status":"closed","ping_status":"open","sticky":false,"template":"","format":"standard","meta":{"inline_featured_image":false,"_exactmetrics_skip_tracking":false,"_exactmetrics_sitenote_active":false,"_exactmetrics_sitenote_note":"","_exactmetrics_sitenote_category":0,"footnotes":""},"categories":[11239],"tags":[3061,14857,68,205,1625,9],"class_list":{"0":"post-156240","1":"post","2":"type-post","3":"status-publish","4":"format-standard","5":"has-post-thumbnail","7":"category-region-boblingen-leonberg","8":"tag-boblingen","9":"tag-die-webzeitung","10":"tag-online-zeitung","11":"tag-polizei","12":"tag-report","13":"tag-schaumedia"},"image_feature":"https:\/\/die-webzeitung.de\/stuttgart\/wp-content\/uploads\/sites\/4\/2024\/02\/Polizei-Pix-scaled.jpg","author_name":"Redaktion","pure_taxonomies":{"categories":[{"term_id":11239,"name":"Polizei-Report B\u00f6blingen","slug":"region-boblingen-leonberg","term_group":0,"term_taxonomy_id":11277,"taxonomy":"category","description":"Polizeiberichte aus der Region des Landkreises B\u00f6blingen","parent":1619,"count":68,"filter":"raw","image":""}],"tags":[{"term_id":3061,"name":"B\u00f6blingen","slug":"boblingen","term_group":0,"term_taxonomy_id":3075,"taxonomy":"post_tag","description":"","parent":0,"count":260,"filter":"raw","image":""},{"term_id":14857,"name":"Die-Webzeitung","slug":"die-webzeitung","term_group":0,"term_taxonomy_id":14876,"taxonomy":"post_tag","description":"","parent":0,"count":3625,"filter":"raw","image":""},{"term_id":68,"name":"Online-Zeitung","slug":"online-zeitung","term_group":0,"term_taxonomy_id":69,"taxonomy":"post_tag","description":"","parent":0,"count":3595,"filter":"raw","image":""},{"term_id":205,"name":"Polizei","slug":"polizei","term_group":0,"term_taxonomy_id":208,"taxonomy":"post_tag","description":"","parent":0,"count":277,"filter":"raw","image":""},{"term_id":1625,"name":"Report","slug":"report","term_group":0,"term_taxonomy_id":1634,"taxonomy":"post_tag","description":"","parent":0,"count":210,"filter":"raw","image":""},{"term_id":9,"name":"SchauMedia","slug":"schaumedia","term_group":0,"term_taxonomy_id":9,"taxonomy":"post_tag","description":"","parent":0,"count":1607,"filter":"raw","image":""}]},"_links":{"self":[{"href":"https:\/\/die-webzeitung.de\/stuttgart\/wp-json\/wp\/v2\/posts\/156240","targetHints":{"allow":["GET"]}}],"collection":[{"href":"https:\/\/die-webzeitung.de\/stuttgart\/wp-json\/wp\/v2\/posts"}],"about":[{"href":"https:\/\/die-webzeitung.de\/stuttgart\/wp-json\/wp\/v2\/types\/post"}],"author":[{"embeddable":true,"href":"https:\/\/die-webzeitung.de\/stuttgart\/wp-json\/wp\/v2\/users\/4"}],"replies":[{"embeddable":true,"href":"https:\/\/die-webzeitung.de\/stuttgart\/wp-json\/wp\/v2\/comments?post=156240"}],"version-history":[{"count":8,"href":"https:\/\/die-webzeitung.de\/stuttgart\/wp-json\/wp\/v2\/posts\/156240\/revisions"}],"predecessor-version":[{"id":156288,"href":"https:\/\/die-webzeitung.de\/stuttgart\/wp-json\/wp\/v2\/posts\/156240\/revisions\/156288"}],"wp:featuredmedia":[{"embeddable":true,"href":"https:\/\/die-webzeitung.de\/stuttgart\/wp-json\/wp\/v2\/media\/152245"}],"wp:attachment":[{"href":"https:\/\/die-webzeitung.de\/stuttgart\/wp-json\/wp\/v2\/media?parent=156240"}],"wp:term":[{"taxonomy":"category","embeddable":true,"href":"https:\/\/die-webzeitung.de\/stuttgart\/wp-json\/wp\/v2\/categories?post=156240"},{"taxonomy":"post_tag","embeddable":true,"href":"https:\/\/die-webzeitung.de\/stuttgart\/wp-json\/wp\/v2\/tags?post=156240"}],"curies":[{"name":"wp","href":"https:\/\/api.w.org\/{rel}","templated":true}]}}