{"id":156202,"date":"2025-05-26T16:31:42","date_gmt":"2025-05-26T15:31:42","guid":{"rendered":"https:\/\/die-webzeitung.de\/stuttgart\/?p=156202"},"modified":"2025-06-01T11:48:04","modified_gmt":"2025-06-01T10:48:04","slug":"polizei-report-stuttgart-woche-22-5","status":"publish","type":"post","link":"https:\/\/die-webzeitung.de\/stuttgart\/2025\/05\/26\/polizei-report-stuttgart-woche-22-5\/","title":{"rendered":"Polizei-Report Stuttgart | Woche 22"},"content":{"rendered":"<p><em>Quelle: ots<\/em><\/p>\n<p style=\"text-align: justify;\"><strong>Stuttgart-S\u00fcd: Verkehrsunfall mit sechs Leichtverletzten<\/strong><br \/>\nSechs Leichtverletzte und etwa 60.000 Euro Sachschaden sind die Folgen eines Verkehrsunfalls, der sich Samstagnacht (31.05.2025) in Stuttgart-S\u00fcd ereignet hat. Ein 56 Jahre alter Mann fuhr mit seinem Peugeot gegen 23.35 Uhr im Heslacher Tunnel in stadtausw\u00e4rtiger Richtung und geriet in den Gegenverkehr. Dort kollidierte er mit dem Renault einer 38-j\u00e4hrigen Frau und anschlie\u00dfend mit dem Audi eines 38-j\u00e4hrigen Mannes. Im Renault sa\u00dfen neben der Fahrerin noch zwei 35 und 36 Jahre alte Frauen, im Audi noch eine 79-j\u00e4hrige Mitfahrerin. Alle sechs Personen wurden bei dem Unfall leicht verletzt, drei wurden vorsorglich durch den Rettungsdienst in Stuttgarter Krankenh\u00e4user gebracht. Ersten Ermittlungen zu Folge k\u00f6nnte bei dem 56-J\u00e4hrigen ein medizinischer Notfall vorgelegen haben.<\/p>\n<p style=\"text-align: justify;\"><strong>Stuttgart-West: Fahrzeuge besch\u00e4digt und Polizeibeamte angegriffen &#8211; Zwei Beamte verletzt<\/strong><br \/>\nEin 20 Jahre alter Mann hat am Freitagnachmittag (30.05.2025) in der Schlo\u00dfstra\u00dfe randaliert und bei seiner vorl\u00e4ufigen Festnahme eine 32 Jahre alte Polizeibeamtin und einen 27 Jahre alten Beamten verletzt. Mehrere Zeugen meldeten gegen 15.30 Uhr einen Streit in einer Wohnung an der Schlo\u00dfstra\u00dfe, bei dem bereits Gegenst\u00e4nde auf die Stra\u00dfe geworfen wurden. Als die Beamten an der Schlo\u00dfstra\u00dfe eintrafen, beobachteten sie, wie der 20-J\u00e4hrige einen geparkten Mercedes besch\u00e4digte, bevor er die Beamten angriff. Bei der anschlie\u00dfenden vorl\u00e4ufigen Festnahme leistete er Widerstand, schlug nach der Beamtin und dem Beamten und verletzte beide. W\u00e4hrend der vorl\u00e4ufigen Festnahme des 20-J\u00e4hrigen kam ein 21-J\u00e4hriger hinzu, mit dem sich der 20-J\u00e4hrige zuvor offenbar gestritten hatte. Auch er leistete bei seiner vorl\u00e4ufigen Festnahme Widerstand. Der 27-J\u00e4hrige Polizist und die 32 Jahre alte Polizistin mussten in einem Krankenhaus behandelt werden und konnten ihren Dienst nicht fortsetzen. W\u00e4hrend der 20-J\u00e4hrige nach Abschluss der polizeilichen Ma\u00dfnahmen wieder auf freien Fu\u00df gesetzt wurde, brachten Polizisten den 21-J\u00e4hrigen in eine psychiatrische Einrichtung. Die Ermittlungen zum genauen Tatablauf dauern an.<\/p>\n<p style=\"text-align: justify;\"><strong>Stuttgart-Ost: 45-J\u00e4hrige bei Wohnungsbrand verletzt<\/strong><br \/>\nEine 45 Jahre alte Frau hat sich am Donnerstag (29.05.2025) beim Brand in einer Wohnung an der Klingenstra\u00dfe Verletzungen zugezogen. Ein Zeuge bemerkte den Brand gegen 16.00 Uhr und alarmierte die Feuerwehr. Rettungskr\u00e4fte brachten die Frau zur weiteren Versorgung in ein Krankenhaus. Der Schaden betr\u00e4gt nach ersten Sch\u00e4tzungen rund 100.000 Euro. Die Kriminalpolizei hat die Ermittlungen zur Brandursache aufgenommen.<\/p>\n<p style=\"text-align: justify;\"><strong>Stuttgart-Nord: Fahrzeug in Brand gesetzt &#8211; Zeugen gesucht<\/strong><br \/>\nUnbekannte haben am Donnerstag (29.05.2025) einen Audi in einer Tiefgarage an der Wolframstra\u00dfe in Brand gesetzt. Ein Zeuge entdeckte gegen 20.00 Uhr das Feuer und w\u00e4hlte den Notruf. Bewohner des angrenzenden Geb\u00e4udes mussten ihre Wohnungen kurzzeitig verlassen, verletzt wurde niemand. Der entstandene Schaden wird auf zirka 5.000 Euro gesch\u00e4tzt. Zeugen werden gebeten, sich unter der Rufnummer +4971189905778 bei der Kriminalpolizei zu melden.<\/p>\n<p style=\"text-align: justify;\"><strong>Stuttgart-M\u00f6hringen: Nach gef\u00e4hrlicher K\u00f6rperverletzung &#8211; Tatverd\u00e4chtige vorl\u00e4ufig festgenommen<\/strong><br \/>\nPolizeibeamte haben am sp\u00e4ten Mittwochabend (28.05.2025) zwei Jugendliche im Alter von 16 und 17 Jahren vorl\u00e4ufig festgenommen, die im Verdacht stehen, am 02.05.2025 zwei 17-J\u00e4hrige geschlagen und bestohlen zu haben. (Siehe Pressemitteilung des PP Stuttgart vom 03.05.2025 unter https:\/\/t1p.de\/2g9gy) Ein Polizeibeamter erkannte die beiden Tatverd\u00e4chtigen gegen 23.40 Uhr in der Stadtbahn der Linie U15 Fahrtrichtung Stammheim wieder. Bei der anschlie\u00dfenden Durchsuchung der beiden jungen M\u00e4nner beschlagnahmten die Beamten Beweismaterial, das nun ausgewertet werden muss. Die Ermittlungen zu m\u00f6glichen Komplizen der Jugendlichen dauern an. Nach Durchf\u00fchrung der polizeilichen Ma\u00dfnahmen \u00fcbergaben die Beamten die beiden Jungen ihren Erziehungsberechtigten.<\/p>\n<p style=\"text-align: justify;\"><strong>Stuttgart-Mitte: 19-J\u00e4hrigen ausgeraubt &#8211; Zeugen gesucht<\/strong><br \/>\nUnbekannte haben am Mittwoch (28.05.2025) einen 19-J\u00e4hrigen in einem Parkhaus an der Lazarettstra\u00dfe mit einem Messer bedroht und ausgeraubt. Der junge Mann befand sich gegen 23.00 Uhr im Treppenhaus, als ihn ein Unbekannter, der in Begleitung einer Frau war, ansprach und unter Vorhalt eines Messers seine Halskette forderte. Als der 19-J\u00e4hrige der Aufforderung nicht nachkam, riss der unbekannte Mann ihm seine Halskette vom Hals. Der Mann und die Frau fl\u00fcchteten daraufhin in Richtung Leonhardstra\u00dfe. Alarmierte Polizeibeamte fahndeten nach den beiden, trafen sie aber nicht mehr an. Der T\u00e4ter war zirka 25 bis 30 Jahre alt, zirka 180 Zentimeter gro\u00df und hatte schwarze Haare. Er war bekleidet mit einer schwarzen Jeans, einer schwarzen Jacke und einer schwarzen Schildm\u00fctze. Seine Begleiterin war ebenfalls schwarz bekleidet und soll ebenfalls 25 bis 30 Jahre alt sein. Zeugen werden gebeten, sich unter der Rufnummer +4971189905778 beim Raubdezernat zu melden.<\/p>\n<p style=\"text-align: justify;\"><strong>Stuttgart-Ost: Fahrgast nach Sturz in der Stadtbahn verstorben &#8211; Zeugen gesucht<\/strong><br \/>\nBereits am 23.05.2025 stieg ein 78-j\u00e4hriger Mann gegen 12.50 Uhr an der SSB-Haltestelle &#8220;St\u00f6ckach&#8221; in die Stadtbahn der Linie U2 in Richtung Bad Cannstatt. Beim Anfahren der Stadtbahn soll der Senior zu Boden gest\u00fcrzt sein. Hierbei zog er sich vermutlich eine schwere Beinverletzung zu, die er zun\u00e4chst gar nicht bemerkte. Als er dann kurze Zeit sp\u00e4ter in Bad Cannstatt an der Haltestelle &#8220;Daimlerplatz&#8221; ausgestiegen war, versp\u00fcrte er starke Schmerzen. Da der Mann nicht mehr selbst\u00e4ndig gehen konnte, wurde er von einem unbekannten Fahrgast unterst\u00fctzt. Zudem wurde durch einen weiteren unbekannten Zeugen der Rettungsdienst informiert, der den Verletzten anschlie\u00dfend in ein Stuttgarter Krankenhaus transportierte. In der Nacht vom 27.\/28.05.2025 verstarb der 78-J\u00e4hrige im Krankenhaus aufgrund seiner schweren Oberschenkelverletzung und weiteren medizinischen Komplikationen. Die Polizei sucht nun Zeugen, die Angaben zu dem Sturz in der Stadtbahn machen k\u00f6nnen. Zudem werden insbesondere die beiden Zeugen gesucht, die dem Mann an der Haltestelle &#8220;Daimlerplatz&#8221; zu Hilfe kamen. Hinweise nehmen die Kolleginnen und Kollegen der Verkehrspolizei unter der Rufnummer +4971189904100 entgegen.<\/p>\n<p style=\"text-align: justify;\"><strong>Stuttgart-Bad Cannstatt: Nach Fahrstreifenwechsel &#8211; VW prallt gegen Tunnelwand<\/strong><br \/>\nBei einem Verkehrsunfall ist am Dienstagvormittag (27.05.2025) auf der Bundesstra\u00dfe 10 ein Schaden von rund 40.000 Euro entstanden. Ein 44 Jahre alter Lastwagenfahrer war gegen 09.10 Uhr mit seinem Mercedes Actros auf der Bundesstra\u00dfe 10 Richtung Pragsattel unterwegs. Kurz vor der Einfahrt in den Rosensteintunnel wechselte der 44-J\u00e4hrige von der linken auf die rechte Fahrspur. Dabei \u00fcbersah er den VW Polo einer 24 Jahre alten Frau, die auf dem rechten Fahrstreifen unterwegs war. Der Lastwagen schob den Polo einige Meter vor sich her, bevor der Polo dann frontal gegen die Tunnelwand prallte. Verletzt wurde niemand. W\u00e4hrend der Unfallaufnahme kam es zu Verkehrsbehinderungen.<\/p>\n<p style=\"text-align: justify;\"><strong>Stuttgart-Degerloch: Gegen Ampelmast geprallt &#8211; Zeugen gesucht<\/strong><br \/>\nBei einem Unfall am Montagvormittag (26.05.2025) in der L\u00f6ffelstra\u00dfe hat sich eine 66 Jahre alte Frau schwere Verletzungen zugezogen. Ein 23 Jahre alter Mann war mit seinem Mercedes gegen 11.30 Uhr in der L\u00f6ffelstra\u00dfe in Richtung Bundesstra\u00dfe unterwegs, als er auf H\u00f6he der Rubensstra\u00dfe aus bislang ungekl\u00e4rter Ursache nach rechts von der Fahrbahn abkam und gegen einen Ampelmasten sowie zwei Stra\u00dfenpoller stie\u00df. Der Ampelmast knickte um und fiel auf die 66-J\u00e4hrige, die dadurch schwere Verletzungen erlitt. Rettungskr\u00e4fte k\u00fcmmerten sich um die Frau und brachten sie zur weiteren Versorgung in ein Krankenhaus. W\u00e4hrend der Unfallaufnahme war die L\u00f6ffelstra\u00dfe zeitweise in beide Richtungen gesperrt, weshalb es zu erheblichen Verkehrsbeeintr\u00e4chtigungen kam. Der entstandene Schaden betr\u00e4gt rund 20.000 Euro.<\/p>\n<p style=\"text-align: justify;\"><strong>Stuttgart-Birkach: Fahrzeuge zerkratzt &#8211; Tatverd\u00e4chtige vorl\u00e4ufig festgenommen<\/strong><br \/>\nPolizeibeamte haben am sp\u00e4ten Samstagabend (24.05.2025) eine 42 Jahre alte Frau festgenommen, die im Verdacht steht, mehrere Fahrzeuge an der Birkheckenstra\u00dfe zerkratzt zu haben. Ein 28 Jahre alter Anwohner bemerkte die Frau, als sie gegen 23.15 Uhr einen BMW zerkratzt haben soll und alarmierte die Polizei. Die Beamten entdeckten vier weitere Fahrzeuge, die im Bereich der Motorhaube und der rechten Fahrzeugseite erheblich besch\u00e4digt waren. Der Schaden bel\u00e4uft sich auf rund 20.000 Euro. Kurze Zeit sp\u00e4ter trafen die Beamten die Tatverd\u00e4chtige in der T\u00f6rles\u00e4ckerstra\u00dfe an und nahmen die vorl\u00e4ufig fest. Sie brachten die 42-J\u00e4hrige nach Abschluss der polizeilichen Ma\u00dfnahmen in ein psychiatrisches Krankenhaus.<\/p>\n<p style=\"text-align: justify;\"><strong>Stuttgart-Mitte: 20-J\u00e4hrigen ausgeraubt &#8211; Zeugen gesucht<\/strong><br \/>\nZwei unbekannte M\u00e4nner haben in der Nacht zum Montag (26.05.2025) einen 20-J\u00e4hrigen an der Stauffenbergstra\u00dfe ausgeraubt. Der 20-J\u00e4hrige sa\u00df gegen Mitternacht auf einer Parkbank am John-Cranko-Weg, als die beiden M\u00e4nner hinzukamen und gemeinsam mit ihm etwas tranken. Wenig sp\u00e4ter sind dann alle drei gemeinsam Richtung Stauffenbergstra\u00dfe gegangen. Dort schlugen und traten die beiden Unbekannten pl\u00f6tzlich auf den 20-J\u00e4hrigen ein und raubten ihm 150 Euro. Anschlie\u00dfend fl\u00fcchteten sie in unbekannte Richtung. Eine Beschreibung der T\u00e4ter konnte der Ausgeraubte nicht abgeben, eine Fahndung verlief ohne Ergebnis. Zeugen werden gebeten, sich unter der Rufnummer +4971189905778 beim Raubdezernat zu melden.<\/p>\n<hr \/>\n<p style=\"text-align: justify;\">\n","protected":false},"excerpt":{"rendered":"<p>Quelle: ots Stuttgart-S\u00fcd: Verkehrsunfall mit sechs Leichtverletzten Sechs Leichtverletzte und etwa 60.000 Euro Sachschaden sind die Folgen eines Verkehrsunfalls, der sich Samstagnacht (31.05.2025) in Stuttgart-S\u00fcd ereignet hat. Ein 56 Jahre alter Mann fuhr mit seinem Peugeot gegen 23.35 Uhr im Heslacher Tunnel in stadtausw\u00e4rtiger Richtung und geriet in den Gegenverkehr. Dort kollidierte er mit dem [&hellip;]<\/p>\n","protected":false},"author":4,"featured_media":152245,"comment_status":"closed","ping_status":"open","sticky":false,"template":"","format":"standard","meta":{"inline_featured_image":false,"_exactmetrics_skip_tracking":false,"_exactmetrics_sitenote_active":false,"_exactmetrics_sitenote_note":"","_exactmetrics_sitenote_category":0,"footnotes":""},"categories":[11241],"tags":[14857,68,205,1625,9,275],"class_list":{"0":"post-156202","1":"post","2":"type-post","3":"status-publish","4":"format-standard","5":"has-post-thumbnail","7":"category-region-stuttgart","8":"tag-die-webzeitung","9":"tag-online-zeitung","10":"tag-polizei","11":"tag-report","12":"tag-schaumedia","13":"tag-stuttgart"},"image_feature":"https:\/\/die-webzeitung.de\/stuttgart\/wp-content\/uploads\/sites\/4\/2024\/02\/Polizei-Pix-scaled.jpg","author_name":"Redaktion","pure_taxonomies":{"categories":[{"term_id":11241,"name":"Polizei-Report Stuttgart","slug":"region-stuttgart","term_group":0,"term_taxonomy_id":11279,"taxonomy":"category","description":"Polizeiberichte aus der Region Stuttgart","parent":1619,"count":68,"filter":"raw","image":""}],"tags":[{"term_id":14857,"name":"Die-Webzeitung","slug":"die-webzeitung","term_group":0,"term_taxonomy_id":14876,"taxonomy":"post_tag","description":"","parent":0,"count":3625,"filter":"raw","image":""},{"term_id":68,"name":"Online-Zeitung","slug":"online-zeitung","term_group":0,"term_taxonomy_id":69,"taxonomy":"post_tag","description":"","parent":0,"count":3595,"filter":"raw","image":""},{"term_id":205,"name":"Polizei","slug":"polizei","term_group":0,"term_taxonomy_id":208,"taxonomy":"post_tag","description":"","parent":0,"count":277,"filter":"raw","image":""},{"term_id":1625,"name":"Report","slug":"report","term_group":0,"term_taxonomy_id":1634,"taxonomy":"post_tag","description":"","parent":0,"count":210,"filter":"raw","image":""},{"term_id":9,"name":"SchauMedia","slug":"schaumedia","term_group":0,"term_taxonomy_id":9,"taxonomy":"post_tag","description":"","parent":0,"count":1607,"filter":"raw","image":""},{"term_id":275,"name":"Stuttgart","slug":"stuttgart","term_group":0,"term_taxonomy_id":281,"taxonomy":"post_tag","description":"","parent":0,"count":1195,"filter":"raw","image":""}]},"_links":{"self":[{"href":"https:\/\/die-webzeitung.de\/stuttgart\/wp-json\/wp\/v2\/posts\/156202","targetHints":{"allow":["GET"]}}],"collection":[{"href":"https:\/\/die-webzeitung.de\/stuttgart\/wp-json\/wp\/v2\/posts"}],"about":[{"href":"https:\/\/die-webzeitung.de\/stuttgart\/wp-json\/wp\/v2\/types\/post"}],"author":[{"embeddable":true,"href":"https:\/\/die-webzeitung.de\/stuttgart\/wp-json\/wp\/v2\/users\/4"}],"replies":[{"embeddable":true,"href":"https:\/\/die-webzeitung.de\/stuttgart\/wp-json\/wp\/v2\/comments?post=156202"}],"version-history":[{"count":9,"href":"https:\/\/die-webzeitung.de\/stuttgart\/wp-json\/wp\/v2\/posts\/156202\/revisions"}],"predecessor-version":[{"id":156247,"href":"https:\/\/die-webzeitung.de\/stuttgart\/wp-json\/wp\/v2\/posts\/156202\/revisions\/156247"}],"wp:featuredmedia":[{"embeddable":true,"href":"https:\/\/die-webzeitung.de\/stuttgart\/wp-json\/wp\/v2\/media\/152245"}],"wp:attachment":[{"href":"https:\/\/die-webzeitung.de\/stuttgart\/wp-json\/wp\/v2\/media?parent=156202"}],"wp:term":[{"taxonomy":"category","embeddable":true,"href":"https:\/\/die-webzeitung.de\/stuttgart\/wp-json\/wp\/v2\/categories?post=156202"},{"taxonomy":"post_tag","embeddable":true,"href":"https:\/\/die-webzeitung.de\/stuttgart\/wp-json\/wp\/v2\/tags?post=156202"}],"curies":[{"name":"wp","href":"https:\/\/api.w.org\/{rel}","templated":true}]}}