{"id":156176,"date":"2025-05-23T17:14:28","date_gmt":"2025-05-23T16:14:28","guid":{"rendered":"https:\/\/die-webzeitung.de\/stuttgart\/2025\/05\/23\/naturpark-vespertour\/"},"modified":"2025-05-23T17:14:28","modified_gmt":"2025-05-23T16:14:28","slug":"naturpark-vespertour","status":"publish","type":"post","link":"https:\/\/die-webzeitung.de\/stuttgart\/2025\/05\/23\/naturpark-vespertour\/","title":{"rendered":"Naturpark-Vespertour"},"content":{"rendered":"<h3 style=\"text-align: justify;\"><strong>Am 15. Juni l\u00e4sst es sich bei den Naturpark-Vespertouren wunderbar wandern oder radeln und lecker schmausen<\/strong><\/h3>\n<p style=\"text-align: justify;\">Bei den Vespertouren k\u00f6nnen die Teilnehmenden die Vielfalt des Naturparks Schw\u00e4bisch-Fr\u00e4nkischer Wald entdecken und die regional erzeugten K\u00f6stlichkeiten schmecken. Dieses Jahr nehmen sieben verschiedene H\u00f6fe und Betriebe aus dem Naturpark teil. Sie stellen ein Angebot aus eigenen und regionalen Produkten zusammen. Vom selbstgebackenen Brot \u00fcber Wurst und verschiedene K\u00e4sesorten, Gem\u00fcse, Obst, Limonaden und mehr. F\u00fcr jeden Geschmack ist etwas dabei. Einige Betriebe bieten ein vegetarisches Vesper oder Kindervesper an.<\/p>\n<p style=\"text-align: justify;\">\u201eMit den Vespertouren werden im Naturpark wirtschaftende Betriebe direkt unterst\u00fctzt\u201c, so Projektmanagerin Sabine R\u00fccker von der Naturpark-Gesch\u00e4ftsstelle. \u201eAuf diese Weise entstehen regionale Wertsch\u00f6pfungsketten und die Teilnehmer tragen zum Erhalt der b\u00e4uerlichen Strukturen bei. So wird die regionale Erzeugung von Lebensmitteln und die damit verbundene Landschaftspflege unmittelbar und schmackhaft vermittelt. Durch \u00f6rtliche Vermarktung und kurze Transportwege werden ausserdem das Klima und die Umwelt geschont.\u201c<\/p>\n<p style=\"text-align: justify;\">Am Sonntag, 15. Juni 2025 bieten folgende H\u00f6fe ein Naturpark-Vesper an:<\/p>\n<ul>\n<li style=\"text-align: justify;\">Gs\u00e4lzladen Fleisch, Pfedelbach-Buchhorn, Telefon: 07941 98098 oder <a href=\"mailto:info@gsaelz-laden-fleisch.de\" target=\"_blank\" rel=\"noopener\">info@gsaelz-laden-fleisch.de<\/a><\/li>\n<li style=\"text-align: justify;\">Weingut Koppenh\u00f6fer, L\u00f6wenstein-Rittelhof, Telefon: 07130 4053480, <a href=\"mailto:karl@vinorant-karl.de\" target=\"_blank\" rel=\"noopener\">karl@vinorant-karl.de<\/a><\/li>\n<li style=\"text-align: justify;\">L\u00e4dle im Riegenhof, Mainhardt-Riegenhof, Telefon: 07903 2782, <a href=\"mailto:doris@biolaedle.de\" target=\"_blank\" rel=\"noopener\">doris@biolaedle.de<\/a><\/li>\n<li style=\"text-align: justify;\">Demeterhof Vogel, Welzheim-Eberhardsweiler, Telefon: 07182 7882 oder <a href=\"mailto:hofladen@biohof-vogel.de\" target=\"_blank\" rel=\"noopener\">hofladen@biohof-vogel.de<\/a><\/li>\n<\/ul>\n<p style=\"text-align: justify;\">Jedem Vesper liegt ein Wandervorschlag bei. Die Touren starten am jeweiligen Betrieb oder in der n\u00e4heren Umgebung. Wander- und Radtouren-Vorschl\u00e4ge, barrierefreie Touren aus dem Projekt \u201eInklusive Wanderbotschafter\u201c und Familientouren gibt es auch online. Alle Touren k\u00f6nnen \u00fcber das Tourenportal \u201eQ-vadis\u201c auf das Mobilger\u00e4t heruntergeladen werden. Nat\u00fcrlich kann das Vesper auch einfach bei einem \u201ePicknick im Gr\u00fcnen\u201c genossen werden. Bei einigen Betrieben k\u00f6nnen Vesper-Gutscheine werden. Der Programmflyer \u201eNaturpark-Vespertouren 2025\u201c und die Tourenvorschl\u00e4ge sind auf der Naturpark-Homepage per Download zu bekommen.<\/p>\n<p style=\"text-align: justify;\">Die n\u00e4chsten Naturpark-Vespertouren finden an folgenden Sonntagen statt:\u00a014. September 2025, 19. Oktober 2025.<\/p>\n<hr \/>\n<p style=\"text-align: justify;\">\n","protected":false},"excerpt":{"rendered":"<p>Am 15. Juni l\u00e4sst es sich bei den Naturpark-Vespertouren wunderbar wandern oder radeln und lecker schmausen Bei den Vespertouren k\u00f6nnen die Teilnehmenden die Vielfalt des Naturparks Schw\u00e4bisch-Fr\u00e4nkischer Wald entdecken und die regional erzeugten K\u00f6stlichkeiten schmecken. Dieses Jahr nehmen sieben verschiedene H\u00f6fe und Betriebe aus dem Naturpark teil. Sie stellen ein Angebot aus eigenen und regionalen [&hellip;]<\/p>\n","protected":false},"author":4,"featured_media":156177,"comment_status":"closed","ping_status":"open","sticky":false,"template":"","format":"standard","meta":{"inline_featured_image":false,"_exactmetrics_skip_tracking":false,"_exactmetrics_sitenote_active":false,"_exactmetrics_sitenote_note":"","_exactmetrics_sitenote_category":0,"footnotes":""},"categories":[89],"tags":[14857,68,9,18022,18085],"class_list":{"0":"post-156176","1":"post","2":"type-post","3":"status-publish","4":"format-standard","5":"has-post-thumbnail","7":"category-reisezeit","8":"tag-die-webzeitung","9":"tag-online-zeitung","10":"tag-schaumedia","11":"tag-schwaebisch-fraenkischer-wald","12":"tag-vespertour"},"image_feature":"https:\/\/die-webzeitung.de\/stuttgart\/wp-content\/uploads\/sites\/4\/2025\/05\/Vespertour-Monika-Sanwald-scaled.jpg","author_name":"Redaktion","pure_taxonomies":{"categories":[{"term_id":89,"name":"Freizeit &amp; Reise","slug":"reisezeit","term_group":0,"term_taxonomy_id":90,"taxonomy":"category","description":"","parent":482,"count":34,"filter":"raw","image":""}],"tags":[{"term_id":14857,"name":"Die-Webzeitung","slug":"die-webzeitung","term_group":0,"term_taxonomy_id":14876,"taxonomy":"post_tag","description":"","parent":0,"count":3625,"filter":"raw","image":""},{"term_id":68,"name":"Online-Zeitung","slug":"online-zeitung","term_group":0,"term_taxonomy_id":69,"taxonomy":"post_tag","description":"","parent":0,"count":3595,"filter":"raw","image":""},{"term_id":9,"name":"SchauMedia","slug":"schaumedia","term_group":0,"term_taxonomy_id":9,"taxonomy":"post_tag","description":"","parent":0,"count":1607,"filter":"raw","image":""},{"term_id":18022,"name":"schw\u00e4bisch-fr\u00e4nkischer-Wald","slug":"schwaebisch-fraenkischer-wald","term_group":0,"term_taxonomy_id":18041,"taxonomy":"post_tag","description":"","parent":0,"count":2,"filter":"raw","image":""},{"term_id":18085,"name":"Vespertour","slug":"vespertour","term_group":0,"term_taxonomy_id":18104,"taxonomy":"post_tag","description":"","parent":0,"count":1,"filter":"raw","image":""}]},"_links":{"self":[{"href":"https:\/\/die-webzeitung.de\/stuttgart\/wp-json\/wp\/v2\/posts\/156176","targetHints":{"allow":["GET"]}}],"collection":[{"href":"https:\/\/die-webzeitung.de\/stuttgart\/wp-json\/wp\/v2\/posts"}],"about":[{"href":"https:\/\/die-webzeitung.de\/stuttgart\/wp-json\/wp\/v2\/types\/post"}],"author":[{"embeddable":true,"href":"https:\/\/die-webzeitung.de\/stuttgart\/wp-json\/wp\/v2\/users\/4"}],"replies":[{"embeddable":true,"href":"https:\/\/die-webzeitung.de\/stuttgart\/wp-json\/wp\/v2\/comments?post=156176"}],"version-history":[{"count":0,"href":"https:\/\/die-webzeitung.de\/stuttgart\/wp-json\/wp\/v2\/posts\/156176\/revisions"}],"wp:featuredmedia":[{"embeddable":true,"href":"https:\/\/die-webzeitung.de\/stuttgart\/wp-json\/wp\/v2\/media\/156177"}],"wp:attachment":[{"href":"https:\/\/die-webzeitung.de\/stuttgart\/wp-json\/wp\/v2\/media?parent=156176"}],"wp:term":[{"taxonomy":"category","embeddable":true,"href":"https:\/\/die-webzeitung.de\/stuttgart\/wp-json\/wp\/v2\/categories?post=156176"},{"taxonomy":"post_tag","embeddable":true,"href":"https:\/\/die-webzeitung.de\/stuttgart\/wp-json\/wp\/v2\/tags?post=156176"}],"curies":[{"name":"wp","href":"https:\/\/api.w.org\/{rel}","templated":true}]}}