{"id":156133,"date":"2025-05-16T16:13:41","date_gmt":"2025-05-16T15:13:41","guid":{"rendered":"https:\/\/die-webzeitung.de\/stuttgart\/2025\/05\/16\/duerr-hauptversammlung-beschliesst-konstante-dividende\/"},"modified":"2025-05-16T16:13:41","modified_gmt":"2025-05-16T15:13:41","slug":"duerr-hauptversammlung-beschliesst-konstante-dividende","status":"publish","type":"post","link":"https:\/\/die-webzeitung.de\/stuttgart\/2025\/05\/16\/duerr-hauptversammlung-beschliesst-konstante-dividende\/","title":{"rendered":"D\u00fcrr-Hauptversammlung beschlie\u00dft konstante  Dividende"},"content":{"rendered":"<h3 style=\"text-align: justify;\"><strong>Gerhard Federer erneut\u00a0Aufsichtsratsvorsitzender<\/strong><\/h3>\n<p style=\"text-align: justify;\">Bietigheim-Bissingen, 16. Mai 2025.| Die D\u00fcrr AG sch\u00fcttet eine Dividende\u00a0von 0,70 \u20ac je Aktie f\u00fcr das Gesch\u00e4ftsjahr 2024 aus. Dies haben die Aktion\u00e4rinnen und Aktion\u00e4re auf der heutigen Hauptversammlung auf Vorschlag des Unternehmens beschlossen. Die Dividende bleibt damit gegen\u00fcber dem Vorjahr konstant. Im Rahmen der turnusgem\u00e4\u00dfen Neuwahlen\u00a0der Anteilseignervertreter im Aufsichtsrat wurden alle sechs bisherigen\u00a0Mitglieder von den Aktion\u00e4ren in ihren \u00c4mtern best\u00e4tigt. In der konstituierenden Sitzung im Anschluss an die Hauptversammlung w\u00e4hlte der\u00a0Aufsichtsrat Gerhard Federer erneut zu seinem Vorsitzenden.<\/p>\n<p style=\"text-align: justify;\">Die Dividende von 0,70 \u20ac je Aktie bleibt gegen\u00fcber dem Vorjahr konstant.\u00a0Ausschlaggebend daf\u00fcr ist der hohe Free Cashflow von 156,9 Mio. \u20ac im\u00a0Gesch\u00e4ftsjahr 2024, der ausreichend Spielraum f\u00fcr eine gleichbleibende\u00a0Aussch\u00fcttung bietet. Die Aussch\u00fcttungssumme bel\u00e4uft sich unver\u00e4ndert auf\u00a048,4 Mio. \u20ac und entspricht 47,4 % am Ergebnis nach Steuern (2023: 44,0 %).\u00a0Die Aussch\u00fcttungsquote liegt damit \u00fcber der Bandbreite von 30 bis 40 % des\u00a0Nachsteuerergebnisses, die die Dividendenpolitik des Unternehmens\u00a0grunds\u00e4tzlich vorsieht.<\/p>\n<p style=\"text-align: justify;\">\u201eDamit bleiben wir dem Grundsatz treu, unsere Aktion\u00e4re angemessen am\u00a0Erfolg des Unternehmens teilhaben zu lassen\u201c, sagte Dr. Jochen Weyrauch,\u00a0Vorstandsvorsitzender der D\u00fcrr AG. Zudem dankte er allen Mitarbeitenden\u00a0weltweit und hob das hohe Engagement der gesamten Belegschaft in\u00a0wirtschaftlich herausfordernden Zeiten hervor.<\/p>\n<p style=\"text-align: justify;\">In seiner Rede vor rund 400 Anteilseignern blickte Konzernchef Weyrauch\u00a0zun\u00e4chst auf das vergangene Gesch\u00e4ftsjahr zur\u00fcck und stellte anschlie\u00dfend\u00a0auf das neue strategische Leitmotiv des Unternehmens ab: \u201eUnser Ziel ist ein\u00a0schlanker Konzern unter dem Motto \u201aSustainable Automation\u2018. In unseren\u00a0M\u00e4rkten, aber auch bei Investoren wollen wir als erste Adresse f\u00fcr hochautomatisierte und nachhaltige Produktionsprozesse gelten. Damit adressieren wir\u00a0zwei der wichtigsten Trends bei unseren Kunden: n\u00e4mlich einerseits die\u00a0Transformation zu einer energieeffizienten und weitgehend dekarbonisierten\u00a0Fertigung und andererseits die optimale Automatisierung, um Spitzenqualit\u00e4t in\u00a0Gro\u00dfserie und unabh\u00e4ngig von Arbeitskr\u00e4ftemangel und Standort herzustellen.\u201c<\/p>\n<h4 style=\"text-align: justify;\"><strong>Neuwahlen im Aufsichtsrat \u2013 Gerhard Federer zum Vorsitzenden bestellt<\/strong><\/h4>\n<p style=\"text-align: justify;\">Bei einer Pr\u00e4senz von 76 % des Grundkapitals entlastete die Hauptversammlung den Vorstand mit 99 % und den Aufsichtsrat mit 93 % der Stimmen. Bei\u00a0den turnusgem\u00e4\u00dfen Wahlen der Aufsichtsratsmitglieder auf der Anteilseignerseite wurden alle bisherigen Mitglieder \u2013 Dr. Rolf Breidenbach, Prof. Dr. Dr.\u00a0Alexandra D\u00fcrr, Gerhard Federer, Dr. Markus Kerber, Dr. Anja Schuler und\u00a0Arnd Zinnhardt \u2013 f\u00fcr eine Dauer von vier Jahren in ihren \u00c4mtern best\u00e4tigt. Alle\u00a0weiteren Beschlussvorschl\u00e4ge der Tagesordnung wurden ebenfalls mit gro\u00dfer\u00a0Mehrheit genehmigt.<\/p>\n<p style=\"text-align: justify;\">In der konstituierenden Sitzung nach der Hauptversammlung w\u00e4hlte der\u00a0Aufsichtsrat Gerhard Federer erneut zu seinem Vorsitzenden. Der studierte\u00a0Wirtschaftsingenieur geh\u00f6rt seit 2016 dem Aufsichtsrat der D\u00fcrr AG an, 2020\u00a0wurde er erstmals zum Aufsichtsratsvorsitzenden gew\u00e4hlt.<\/p>\n<hr \/>\n<p style=\"text-align: justify;\">\n","protected":false},"excerpt":{"rendered":"<p>Gerhard Federer erneut\u00a0Aufsichtsratsvorsitzender Bietigheim-Bissingen, 16. Mai 2025.| Die D\u00fcrr AG sch\u00fcttet eine Dividende\u00a0von 0,70 \u20ac je Aktie f\u00fcr das Gesch\u00e4ftsjahr 2024 aus. Dies haben die Aktion\u00e4rinnen und Aktion\u00e4re auf der heutigen Hauptversammlung auf Vorschlag des Unternehmens beschlossen. Die Dividende bleibt damit gegen\u00fcber dem Vorjahr konstant. Im Rahmen der turnusgem\u00e4\u00dfen Neuwahlen\u00a0der Anteilseignervertreter im Aufsichtsrat wurden alle [&hellip;]<\/p>\n","protected":false},"author":4,"featured_media":156134,"comment_status":"closed","ping_status":"open","sticky":false,"template":"","format":"standard","meta":{"inline_featured_image":false,"_exactmetrics_skip_tracking":false,"_exactmetrics_sitenote_active":false,"_exactmetrics_sitenote_note":"","_exactmetrics_sitenote_category":0,"footnotes":""},"categories":[479],"tags":[9121,14857,17956,68,9],"class_list":{"0":"post-156133","1":"post","2":"type-post","3":"status-publish","4":"format-standard","5":"has-post-thumbnail","7":"category-wirtschaft","8":"tag-bietigheim-bissingen","9":"tag-die-webzeitung","10":"tag-duerr-ag","11":"tag-online-zeitung","12":"tag-schaumedia"},"image_feature":"https:\/\/die-webzeitung.de\/stuttgart\/wp-content\/uploads\/sites\/4\/2025\/05\/250516-duerr-jochen-weyrauch-scaled.jpg","author_name":"Redaktion","pure_taxonomies":{"categories":[{"term_id":479,"name":"Wirtschaft","slug":"wirtschaft","term_group":0,"term_taxonomy_id":1941,"taxonomy":"category","description":"","parent":0,"count":282,"filter":"raw","image":""}],"tags":[{"term_id":9121,"name":"Bietigheim-Bissingen","slug":"bietigheim-bissingen","term_group":0,"term_taxonomy_id":9147,"taxonomy":"post_tag","description":"","parent":0,"count":291,"filter":"raw","image":""},{"term_id":14857,"name":"Die-Webzeitung","slug":"die-webzeitung","term_group":0,"term_taxonomy_id":14876,"taxonomy":"post_tag","description":"","parent":0,"count":3625,"filter":"raw","image":""},{"term_id":17956,"name":"D\u00fcrr AG","slug":"duerr-ag","term_group":0,"term_taxonomy_id":17975,"taxonomy":"post_tag","description":"","parent":0,"count":3,"filter":"raw","image":""},{"term_id":68,"name":"Online-Zeitung","slug":"online-zeitung","term_group":0,"term_taxonomy_id":69,"taxonomy":"post_tag","description":"","parent":0,"count":3595,"filter":"raw","image":""},{"term_id":9,"name":"SchauMedia","slug":"schaumedia","term_group":0,"term_taxonomy_id":9,"taxonomy":"post_tag","description":"","parent":0,"count":1607,"filter":"raw","image":""}]},"_links":{"self":[{"href":"https:\/\/die-webzeitung.de\/stuttgart\/wp-json\/wp\/v2\/posts\/156133","targetHints":{"allow":["GET"]}}],"collection":[{"href":"https:\/\/die-webzeitung.de\/stuttgart\/wp-json\/wp\/v2\/posts"}],"about":[{"href":"https:\/\/die-webzeitung.de\/stuttgart\/wp-json\/wp\/v2\/types\/post"}],"author":[{"embeddable":true,"href":"https:\/\/die-webzeitung.de\/stuttgart\/wp-json\/wp\/v2\/users\/4"}],"replies":[{"embeddable":true,"href":"https:\/\/die-webzeitung.de\/stuttgart\/wp-json\/wp\/v2\/comments?post=156133"}],"version-history":[{"count":0,"href":"https:\/\/die-webzeitung.de\/stuttgart\/wp-json\/wp\/v2\/posts\/156133\/revisions"}],"wp:featuredmedia":[{"embeddable":true,"href":"https:\/\/die-webzeitung.de\/stuttgart\/wp-json\/wp\/v2\/media\/156134"}],"wp:attachment":[{"href":"https:\/\/die-webzeitung.de\/stuttgart\/wp-json\/wp\/v2\/media?parent=156133"}],"wp:term":[{"taxonomy":"category","embeddable":true,"href":"https:\/\/die-webzeitung.de\/stuttgart\/wp-json\/wp\/v2\/categories?post=156133"},{"taxonomy":"post_tag","embeddable":true,"href":"https:\/\/die-webzeitung.de\/stuttgart\/wp-json\/wp\/v2\/tags?post=156133"}],"curies":[{"name":"wp","href":"https:\/\/api.w.org\/{rel}","templated":true}]}}