{"id":156127,"date":"2025-05-17T19:51:35","date_gmt":"2025-05-17T18:51:35","guid":{"rendered":"https:\/\/die-webzeitung.de\/stuttgart\/?p=156127"},"modified":"2025-05-18T09:52:43","modified_gmt":"2025-05-18T08:52:43","slug":"mit-dem-roten-doppeldeckerbus-auf-iba27-rundfahrt","status":"publish","type":"post","link":"https:\/\/die-webzeitung.de\/stuttgart\/2025\/05\/17\/mit-dem-roten-doppeldeckerbus-auf-iba27-rundfahrt\/","title":{"rendered":"Mit dem roten Doppeldeckerbus auf IBA\u201927-  Rundfahrt"},"content":{"rendered":"<h3 class=\"p1\" style=\"text-align: justify;\"><b>Citytour in die Zukunft<\/b><\/h3>\n<p class=\"p1\" style=\"text-align: justify;\">Stuttgart.| Der auff\u00e4llige rote Bus der Stuttgarter Citytour fuhr gestern eine ungew\u00f6hnliche\u00a0Route: Eine Rundfahrt entlang mehrerer IBA\u201927-Projekte in Stuttgart. Am gestrigen\u00a0Donnerstag, 15. Mai, waren rund 60 G\u00e4ste quer durch die Stadt zu den Schaupl\u00e4tzen\u00a0des zweiten Festivals der Internationalen Bauausstellung StadtRegion Stuttgart\u00a0(IBA\u201927) unterwegs.<\/p>\n<p class=\"p2\" style=\"text-align: justify;\">Bau- und Umweltb\u00fcrgermeister Peter P\u00e4tzold<b>, <\/b>IBA\u201927-Intendant Andreas Hofer<b> <\/b>sowie\u00a0Dr. Gabriele K\u00f6nig<b>,<\/b> Gesch\u00e4ftsf\u00fchrerin der IBA\u201927 GmbH, begleiteten die Fahrt\u00a0pers\u00f6nlich und gaben vor Ort spannende Einblicke in zentrale IBA-Projekte.<\/p>\n<p class=\"p2\" style=\"text-align: justify;\">Eingeladen hatte die Stadt Stuttgart, die Tour war Teil des IBA\u201927-Festivals #2, das in\u00a0diesem Jahr mit zahlreichen Veranstaltungen, F\u00fchrungen und Diskussionsformaten in\u00a0die \u00d6ffentlichkeit geht.<\/p>\n<p class=\"p2\" style=\"text-align: justify;\">Stilecht und auff\u00e4llig startete die Tour mit dem knallroten Doppeldeckerbus \u2013 diesmal\u00a0jedoch auf Sondermission: Statt durch die touristischen Klassiker f\u00fchrte die eigens onzipierte Route durch zuk\u00fcnftige Schl\u00fcsselpunkte der st\u00e4dtischen Transformation.<\/p>\n<p class=\"p2\" style=\"text-align: justify;\">Gestartet wurde am Weissenhof, dem historischen Ursprungsort der Internationalen\u00a0Bauausstellung und zugleich ideeller Ankerpunkt der IBA\u201927. Von hier aus f\u00fchrte die\u00a0Fahrt zu einem vielf\u00e4ltigen Querschnitt aktueller IBA\u201927-Projekte: zur Brenzkirche,\u00a0\u00fcber das Klett-Areal im Westen, weiter zum Wohnungsneubau in der Weimarstra\u00dfe,\u00a0bis zu den genossenschaftlich orientierten Quartieren am Rotweg<b> <\/b>und an der\u00a0B\u00f6ckinger Stra\u00dfe<b> <\/b>in<b> <\/b>Zuffenhausen. Bei diesen beiden Projekten entstehen in direkter\u00a0Nachbarschaft rund 600 Wohnungen.<\/p>\n<p class=\"p2\" style=\"text-align: justify;\">Den Abschluss bildete ein Rundgang durch die Ausstellung im Mies-van-der-Rohe-Haus am Weissenhof. Hier informierten sich die G\u00e4ste \u00fcber das geplante\u00a0Weissenhof.Forum, das k\u00fcnftig f\u00fcr Besucherinnen und Besucher den zentralen\u00a0Ausgangspunkt der Weissenhofsiedlung bilden soll.<\/p>\n<p class=\"p2\" style=\"text-align: justify;\">Bau- und Umweltb\u00fcrgermeister Peter P\u00e4tzold sagte: \u201eSowohl beim neuen\u00a0Besucherzentrum Weissenhof.Forum als auch bei den Wohnprojekten am Rotweg\u00a0und an der B\u00f6ckinger Stra\u00dfe sehen wir bereits schweres Ger\u00e4t auf den Baustellen.<\/p>\n<p class=\"p2\" style=\"text-align: justify;\">Die IBA\u201927 wird nun konkret und wir freuen uns, dass wir im Ausstellungsjahr nicht nur neuen Wohnraum, sondern auch qualitative Architektur und neuartige Bauweisen\u00a0pr\u00e4sentieren k\u00f6nnen. Stuttgart ist und bleibt Architekturstadt.\u201c<\/p>\n<p class=\"p2\" style=\"text-align: justify;\">IBA\u201927-Intendant Andreas Hofer erg\u00e4nzte: \u201eDas IBA\u201927-Festival 2025 ist ein wichtiger\u00a0Schritt ins Ausstellungsjahr 2027. Die Bustour bot einen Vorgeschmack auf Touren\u00a0zu Projekten in der ganzen Region \u2013 vom Stuttgarter Westen bis nach Rot wurde die\u00a0Vielfalt der Stadt und der IBA\u201927-Projekte erfahrbar. Sie ist nicht nur ein informativer\u00a0Blick hinter die Kulissen der laufenden Stadtentwicklung, sondern auch ein Zeichen\u00a0daf\u00fcr, wie sehr die IBA\u201927 in Stuttgart Fahrt aufgenommen hat.\u201c<\/p>\n<p class=\"p2\" style=\"text-align: justify;\">Wie wollen wir in Zukunft wohnen, arbeiten und leben? Welche Ma\u00dfnahmen sind\u00a0n\u00f6tig, um Stadt und Region nachhaltiger, sozialer und lebenswerter zu gestalten? Die\u00a0Internationale Bauausstellung 2027 StadtRegion Stuttgart \u2013 kurz IBA\u201927 \u2013 sucht nach\u00a0Antworten auf diese Fragen. Vom 9. bis 24. Mai 2025 l\u00e4dt das zweite IBA\u201927-Festival\u00a0dazu ein, die Projekte zu entdecken.<\/p>\n<p class=\"p2\" style=\"text-align: justify;\"><b>Programm und weitere Informationen<\/b><\/p>\n<p class=\"p2\" style=\"text-align: justify;\">Das komplette Festivalprogramm gibt es unter <a href=\"http:\/\/iba27.de\/festival\" target=\"_blank\" rel=\"noopener\"><span class=\"s2\"><b>iba27.de\/festival<\/b><\/span><\/a><\/p>\n<hr \/>\n<p class=\"p2\" style=\"text-align: justify;\">\n","protected":false},"excerpt":{"rendered":"<p>Citytour in die Zukunft Stuttgart.| Der auff\u00e4llige rote Bus der Stuttgarter Citytour fuhr gestern eine ungew\u00f6hnliche\u00a0Route: Eine Rundfahrt entlang mehrerer IBA\u201927-Projekte in Stuttgart. Am gestrigen\u00a0Donnerstag, 15. Mai, waren rund 60 G\u00e4ste quer durch die Stadt zu den Schaupl\u00e4tzen\u00a0des zweiten Festivals der Internationalen Bauausstellung StadtRegion Stuttgart\u00a0(IBA\u201927) unterwegs. Bau- und Umweltb\u00fcrgermeister Peter P\u00e4tzold, IBA\u201927-Intendant Andreas Hofer sowie\u00a0Dr. [&hellip;]<\/p>\n","protected":false},"author":4,"featured_media":156128,"comment_status":"closed","ping_status":"open","sticky":false,"template":"","format":"standard","meta":{"inline_featured_image":false,"_exactmetrics_skip_tracking":false,"_exactmetrics_sitenote_active":false,"_exactmetrics_sitenote_note":"","_exactmetrics_sitenote_category":0,"footnotes":""},"categories":[2239],"tags":[13689,14857,15216,68,9,275],"class_list":{"0":"post-156127","1":"post","2":"type-post","3":"status-publish","4":"format-standard","5":"has-post-thumbnail","7":"category-stuttgart-lokal","8":"tag-citytour","9":"tag-die-webzeitung","10":"tag-iba","11":"tag-online-zeitung","12":"tag-schaumedia","13":"tag-stuttgart"},"image_feature":"https:\/\/die-webzeitung.de\/stuttgart\/wp-content\/uploads\/sites\/4\/2025\/05\/Bild-2_IBA-Rundfahrt-Foto-Fabrice-Weichelt-Rechte-LHS-1605-scaled.jpg","author_name":"Redaktion","pure_taxonomies":{"categories":[{"term_id":2239,"name":"Stuttgart","slug":"stuttgart-lokal","term_group":0,"term_taxonomy_id":2252,"taxonomy":"category","description":"Berichte und Informationen aus Stuttgart","parent":1433,"count":942,"filter":"raw","image":""}],"tags":[{"term_id":13689,"name":"Citytour","slug":"citytour","term_group":0,"term_taxonomy_id":13731,"taxonomy":"post_tag","description":"","parent":0,"count":1,"filter":"raw","image":""},{"term_id":14857,"name":"Die-Webzeitung","slug":"die-webzeitung","term_group":0,"term_taxonomy_id":14876,"taxonomy":"post_tag","description":"","parent":0,"count":3625,"filter":"raw","image":""},{"term_id":15216,"name":"IBA","slug":"iba","term_group":0,"term_taxonomy_id":15235,"taxonomy":"post_tag","description":"","parent":0,"count":1,"filter":"raw","image":""},{"term_id":68,"name":"Online-Zeitung","slug":"online-zeitung","term_group":0,"term_taxonomy_id":69,"taxonomy":"post_tag","description":"","parent":0,"count":3595,"filter":"raw","image":""},{"term_id":9,"name":"SchauMedia","slug":"schaumedia","term_group":0,"term_taxonomy_id":9,"taxonomy":"post_tag","description":"","parent":0,"count":1607,"filter":"raw","image":""},{"term_id":275,"name":"Stuttgart","slug":"stuttgart","term_group":0,"term_taxonomy_id":281,"taxonomy":"post_tag","description":"","parent":0,"count":1195,"filter":"raw","image":""}]},"_links":{"self":[{"href":"https:\/\/die-webzeitung.de\/stuttgart\/wp-json\/wp\/v2\/posts\/156127","targetHints":{"allow":["GET"]}}],"collection":[{"href":"https:\/\/die-webzeitung.de\/stuttgart\/wp-json\/wp\/v2\/posts"}],"about":[{"href":"https:\/\/die-webzeitung.de\/stuttgart\/wp-json\/wp\/v2\/types\/post"}],"author":[{"embeddable":true,"href":"https:\/\/die-webzeitung.de\/stuttgart\/wp-json\/wp\/v2\/users\/4"}],"replies":[{"embeddable":true,"href":"https:\/\/die-webzeitung.de\/stuttgart\/wp-json\/wp\/v2\/comments?post=156127"}],"version-history":[{"count":1,"href":"https:\/\/die-webzeitung.de\/stuttgart\/wp-json\/wp\/v2\/posts\/156127\/revisions"}],"predecessor-version":[{"id":156129,"href":"https:\/\/die-webzeitung.de\/stuttgart\/wp-json\/wp\/v2\/posts\/156127\/revisions\/156129"}],"wp:featuredmedia":[{"embeddable":true,"href":"https:\/\/die-webzeitung.de\/stuttgart\/wp-json\/wp\/v2\/media\/156128"}],"wp:attachment":[{"href":"https:\/\/die-webzeitung.de\/stuttgart\/wp-json\/wp\/v2\/media?parent=156127"}],"wp:term":[{"taxonomy":"category","embeddable":true,"href":"https:\/\/die-webzeitung.de\/stuttgart\/wp-json\/wp\/v2\/categories?post=156127"},{"taxonomy":"post_tag","embeddable":true,"href":"https:\/\/die-webzeitung.de\/stuttgart\/wp-json\/wp\/v2\/tags?post=156127"}],"curies":[{"name":"wp","href":"https:\/\/api.w.org\/{rel}","templated":true}]}}