{"id":156118,"date":"2025-05-15T16:40:29","date_gmt":"2025-05-15T15:40:29","guid":{"rendered":"https:\/\/die-webzeitung.de\/stuttgart\/?p=156118"},"modified":"2025-12-05T12:56:53","modified_gmt":"2025-12-05T11:56:53","slug":"ein-platz-fuer-erlebnis-und-erholung","status":"publish","type":"post","link":"https:\/\/die-webzeitung.de\/stuttgart\/2025\/05\/15\/ein-platz-fuer-erlebnis-und-erholung\/","title":{"rendered":"Ein Platz f\u00fcr Erlebnis und Erholung"},"content":{"rendered":"<p style=\"text-align: justify;\">Ostfildern.| Die Pl\u00e4ne f\u00fcr den Herzog-Philipp-Platz in der Parksiedlung werden konkreter. Der Ausschuss f\u00fcr Technik und Umwelt (ATU) hat sich in seiner j\u00fcngsten Sitzung \u00fcber den Stand der Dinge informiert.<\/p>\n<p style=\"text-align: justify;\">Der Herzog-Philipp-Platz in der Parksiedlung entspricht sowohl baulich wie auch in seiner Funktionalit\u00e4t kaum mehr den Anforderungen an ein attraktives Stadtteilzentrum. Seit dem Jahr 2023 wird daher \u00fcber eine zukunftsf\u00e4hige Neugestaltung nachgedacht. Reinhardt Kampmann, Gesch\u00e4ftsf\u00fchrer der Sanierungs- und Entwicklungsgesellschaft Ostfildern (SEG), stellte j\u00fcngst im ATU den aktuellen Stand der Planungen vor.<\/p>\n<p style=\"text-align: justify;\">Wie Kampmann erl\u00e4uterte, wurden seit dem vergangenen Jahr im Rahmen mehrerer Veranstaltungen und mit einer umfangreichen B\u00fcrgerbeteiligung zwei Planungsentw\u00fcrfe \u2013 mit und ohne Autoverkehr und Parkpl\u00e4tzen \u2013 f\u00fcr den Platz entwickelt, die bei einer Veranstaltung im vergangenen Februar von B\u00fcrgern der Parksiedlung bewertet worden waren. \u201eDer Auftrag lautete, das Beste aus den diversen Bausteinen der zwei Entw\u00fcrfe herauszufiltern\u201c, sagte Kampmann.<\/p>\n<p style=\"text-align: justify;\">So kristallisierten sich als Stimmungsbild eine Reihe von Vorschl\u00e4gen heraus, die den bislang relativ wenig nutzbaren Platz zu einem Stadtteilzentrum mit Erlebnis- und Erholungscharakter gleicherma\u00dfen umgestalten k\u00f6nnten. Wesentliche Elemente dabei k\u00f6nnten ein Pavillon als zentraler Platztreff, eine H\u00fcgellandschaft, Wasserspiele und ein Spielplatz sein, Sportger\u00e4te und ein gro\u00dfes Schachfeld, dazu ein \u201eAktionspfad\u201c genannter Weg, der sich durch den Platz schl\u00e4ngelt, k\u00e4men nach den Vorschl\u00e4gen der B\u00fcrgerinnen und B\u00fcrger hinzu. \u201eDas Erstaunliche dabei ist, dass ein autofreier Platz deutlich bef\u00fcrwortet wurde\u201c, sagte Kampmann. Einiges bleibe freilich noch zu kl\u00e4ren, etwa was mit dem Geb\u00e4ude der Mobilen Jugendarbeit geschehen oder wie der vorgeschlagene Pavillon aussehen und genutzt werden soll.<\/p>\n<p style=\"text-align: justify;\">\u201eDie B\u00fcrgerschaft ist oft mutiger, als wir denken. Deshalb sollten wir diesen Weg der Beteiligung weitergehen\u201c, kommentierte Oberb\u00fcrgermeister Christof Bolay. Bis Juli soll nun ein finaler Vorentwurf erstellt werden. Dabei sollen der Kirchvorplatz noch nicht eingebunden und die Erneuerung der Robert-Koch-Stra\u00dfe mit den dortigen Bushaltestellen zur\u00fcckgestellt werden. Die Einrichtung einer E-Ladestation und Angebote von Car- und Bikesharing sowie eines Lastenfahrrads sollen gepr\u00fcft werden. Die SEG rechnet mit einem Kostenrahmen von bis zu 2,5 Millionen Euro.<\/p>\n<hr \/>\n<p style=\"text-align: justify;\">\n","protected":false},"excerpt":{"rendered":"<p>Ostfildern.| Die Pl\u00e4ne f\u00fcr den Herzog-Philipp-Platz in der Parksiedlung werden konkreter. Der Ausschuss f\u00fcr Technik und Umwelt (ATU) hat sich in seiner j\u00fcngsten Sitzung \u00fcber den Stand der Dinge informiert. Der Herzog-Philipp-Platz in der Parksiedlung entspricht sowohl baulich wie auch in seiner Funktionalit\u00e4t kaum mehr den Anforderungen an ein attraktives Stadtteilzentrum. Seit dem Jahr 2023 [&hellip;]<\/p>\n","protected":false},"author":4,"featured_media":0,"comment_status":"closed","ping_status":"open","sticky":false,"template":"","format":"standard","meta":{"inline_featured_image":false,"_exactmetrics_skip_tracking":false,"_exactmetrics_sitenote_active":false,"_exactmetrics_sitenote_note":"","_exactmetrics_sitenote_category":0,"footnotes":""},"categories":[2247],"tags":[14857,14439,9456,6671,9],"class_list":{"0":"post-156118","1":"post","2":"type-post","3":"status-publish","4":"format-standard","6":"category-kreis-esslingen","7":"tag-die-webzeitung","8":"tag-ostfildern","9":"tag-parksiedlung","10":"tag-platz","11":"tag-schaumedia"},"image_feature":null,"author_name":"Redaktion","pure_taxonomies":{"categories":[{"term_id":2247,"name":"Kreis Esslingen","slug":"kreis-esslingen","term_group":0,"term_taxonomy_id":2260,"taxonomy":"category","description":"Informationen aus dem Landkreis Esslingen","parent":171,"count":214,"filter":"raw","image":""}],"tags":[{"term_id":14857,"name":"Die-Webzeitung","slug":"die-webzeitung","term_group":0,"term_taxonomy_id":14876,"taxonomy":"post_tag","description":"","parent":0,"count":3625,"filter":"raw","image":""},{"term_id":14439,"name":"Ostfildern","slug":"ostfildern","term_group":0,"term_taxonomy_id":1797,"taxonomy":"post_tag","description":"","parent":0,"count":35,"filter":"raw","image":""},{"term_id":9456,"name":"Parksiedlung","slug":"parksiedlung","term_group":0,"term_taxonomy_id":9486,"taxonomy":"post_tag","description":"","parent":0,"count":1,"filter":"raw","image":""},{"term_id":6671,"name":"Platz","slug":"platz","term_group":0,"term_taxonomy_id":6692,"taxonomy":"post_tag","description":"","parent":0,"count":2,"filter":"raw","image":""},{"term_id":9,"name":"SchauMedia","slug":"schaumedia","term_group":0,"term_taxonomy_id":9,"taxonomy":"post_tag","description":"","parent":0,"count":1607,"filter":"raw","image":""}]},"_links":{"self":[{"href":"https:\/\/die-webzeitung.de\/stuttgart\/wp-json\/wp\/v2\/posts\/156118","targetHints":{"allow":["GET"]}}],"collection":[{"href":"https:\/\/die-webzeitung.de\/stuttgart\/wp-json\/wp\/v2\/posts"}],"about":[{"href":"https:\/\/die-webzeitung.de\/stuttgart\/wp-json\/wp\/v2\/types\/post"}],"author":[{"embeddable":true,"href":"https:\/\/die-webzeitung.de\/stuttgart\/wp-json\/wp\/v2\/users\/4"}],"replies":[{"embeddable":true,"href":"https:\/\/die-webzeitung.de\/stuttgart\/wp-json\/wp\/v2\/comments?post=156118"}],"version-history":[{"count":1,"href":"https:\/\/die-webzeitung.de\/stuttgart\/wp-json\/wp\/v2\/posts\/156118\/revisions"}],"predecessor-version":[{"id":156119,"href":"https:\/\/die-webzeitung.de\/stuttgart\/wp-json\/wp\/v2\/posts\/156118\/revisions\/156119"}],"wp:attachment":[{"href":"https:\/\/die-webzeitung.de\/stuttgart\/wp-json\/wp\/v2\/media?parent=156118"}],"wp:term":[{"taxonomy":"category","embeddable":true,"href":"https:\/\/die-webzeitung.de\/stuttgart\/wp-json\/wp\/v2\/categories?post=156118"},{"taxonomy":"post_tag","embeddable":true,"href":"https:\/\/die-webzeitung.de\/stuttgart\/wp-json\/wp\/v2\/tags?post=156118"}],"curies":[{"name":"wp","href":"https:\/\/api.w.org\/{rel}","templated":true}]}}