{"id":156101,"date":"2025-05-13T16:31:34","date_gmt":"2025-05-13T15:31:34","guid":{"rendered":"https:\/\/die-webzeitung.de\/stuttgart\/?p=156101"},"modified":"2025-05-13T16:31:34","modified_gmt":"2025-05-13T15:31:34","slug":"hoch-gehen-fuehrt-uns-zusammen","status":"publish","type":"post","link":"https:\/\/die-webzeitung.de\/stuttgart\/2025\/05\/13\/hoch-gehen-fuehrt-uns-zusammen\/","title":{"rendered":"Hoch gehen f\u00fchrt uns zusammen"},"content":{"rendered":"<h3 style=\"text-align: justify;\"><strong>Das Wanderprogramm der \u00bbhochgehberge\u00ab 2025<\/strong><\/h3>\n<p style=\"text-align: justify;\">Das diesj\u00e4hrige Wanderprogramm der \u00bbhochgehberge\u00ab bietet Wanderfreunden die Gelegenheit, die Wege und die Besonderheiten der Region mit Gleichgesinnten zu erleben und zu entdecken.<\/p>\n<p style=\"text-align: justify;\">Unter dem Motto \u201ehoch gehen f\u00fchrt uns zusammen\u201c finden in diesem Jahr von Mai bis November gef\u00fchrte Wanderungen entlang der \u00bbhochgehberge\u00ab Wege statt. Bei einem abwechslungsreichen Programm zeigen fachkundige Wanderf\u00fchrerinnen und Wanderf\u00fchrer die regionalen Besonderheiten und die Herstellung lokaler K\u00f6stlichkeiten von Weinerlebnissen bis zur Gin-Herstellung und naturkundlichen F\u00fchrungen auf.<\/p>\n<p style=\"text-align: justify;\"><u><strong>Samstag, 17. Mai 2025 &#8211; \u201eA Gosch voll hochge(h)nuss\u201c\u00a0<\/strong> <\/u><\/p>\n<p style=\"text-align: justify;\">Los geht es am 17. Mai 2025 mit der gef\u00fchrten Wanderung \u201eA Gosch voll hochge(h)nuss\u201c in Beuren. Weinerlebnisf\u00fchrer J\u00fcrgen Pf\u00e4nder und G\u00e4stef\u00fchrerin Jutta Gluiber f\u00fchren \u00fcber idyllische Wege und Streuobstwiesen auf dem Premiumspazierwanderweg \u00bbhochgehnie\u00dfen\u00ab und \u00fcberraschen an verschiedenen Stationen mit Kostproben regionaler Erzeugnisse wie Apfelsaft, T\u00e4leswein und Lik\u00f6r sowie lokaler Appetith\u00e4ppchen.<\/p>\n<p style=\"text-align: justify;\"><strong><u>Sonntag, 18. Mai 2025 \u2013 \u201eBes(ch)wingte Wanderung auf dem \u00bbhochgehteufelt\u00ab<\/u><\/strong><\/p>\n<p style=\"text-align: justify;\">Am 18. Mai 2025 erwartet die G\u00e4ste auf der gef\u00fchrten Wanderung mit F\u00f6rster Friedemann Rupp am \u00bbhochgehteufelt\u00ab in Eningen unter Achalm eine musikalische \u00dcberraschung unterwegs.<\/p>\n<p style=\"text-align: justify;\"><strong><u>Mittwoch, 28. Mai 2025 &#8211; \u201ePrickelnder WEINgehNUSS\u201c<\/u><\/strong><\/p>\n<p style=\"text-align: justify;\">Bei der Veranstaltung \u201ePrickelnder WEINgehNUSS\u201c erfahren die G\u00e4ste auf dem \u00bbhochgehsiedelt\u00ab in Erkenbrechtsweiler am 28. Mai 2025 alles rund um Sekt, Secco, Prosecco &amp; Co.<\/p>\n<p style=\"text-align: justify;\"><strong><u>Freitag, 27. Juni 2025 &#8211; \u00bbhochgehfestigt\u00ab mit WEINgehNUSS<\/u><\/strong><\/p>\n<p style=\"text-align: justify;\">Am 27. Juni 2025 findet die gef\u00fchrte Veranstaltung \u201eWEINgehNUSS\u201c auf dem \u00bbhochgehfestigt\u00ab in Beuren statt. Die Tour f\u00fchrt durch Streuobstwiesen hoch hinaus zum Hohenneuffen. Damit die Kulinarik nicht zu kurz kommt, d\u00fcrfen sich die G\u00e4ste \u00fcber ein Winzervesper mit Weinverkostung freuen.<\/p>\n<p style=\"text-align: justify;\"><strong><u>Sonntag, 20. Juli 2025 &#8211; \u201eSOMMERWEINgehNUSS\u201c<\/u><\/strong><\/p>\n<p style=\"text-align: justify;\">Bei der Veranstaltung SOMMERWEINgehNUSS auf dem \u00bbhochgehfestigt\u00ab am 20. Juli 2025 teilen Winzer und Weinerlebnisf\u00fchrer J\u00fcrgen Pf\u00e4nder und G\u00e4stef\u00fchrerin Jutta Gluiber fachkundiges Wissen \u00fcber den Weinanbau und den Alltag der Winzer.<\/p>\n<p style=\"text-align: justify;\"><strong><u>Dienstag, 09. September \u2013 \u201eVom Wacholder zum Gin\u201c<\/u><\/strong><\/p>\n<p style=\"text-align: justify;\">Zu einer gef\u00fchrten Wanderung auf den Spuren des Wacholders l\u00e4dt der Forstrevierleiter Michael Brielmaier am 09. September 2025 auf dem \u00bbhochgeh\u00fctet\u00ab ein, die Besonderheiten der Natur und Wacholderheiden kennenzulernen. Neben einer Einf\u00fchrung in die Gin-Herstellung von Manuel Stra\u00dfer von der Brennerei Stra\u00dfer aus Dettingen Erms runden der kulinarische Aspekt und die Verkostungsm\u00f6glichkeiten unterwegs die Veranstaltung ab.<\/p>\n<p style=\"text-align: justify;\"><strong><u>Samstag, 13. September 2025 &#8211; \u201ehochgehprickelt auf dem hochgehsiedelt\u201c<\/u><\/strong><\/p>\n<p style=\"text-align: justify;\">Am 13. September 2025 findet das Genuss-Event \u201ehochgehprickelt auf dem hochgehsiedelt\u201c statt. Ein Spaziergang f\u00fchrt durch die Streuobstwiesen des Biosph\u00e4rengebiets der Schw\u00e4bischen Alb rund um H\u00fclben und l\u00e4sst die G\u00e4ste in die Welt der Sektherstellung eintauchen.<\/p>\n<p style=\"text-align: justify;\"><strong><u>Samstag, 11. Oktober 2025 &#8211; \u201eAus Kraft wird Saft\u201c<\/u><\/strong><\/p>\n<p style=\"text-align: justify;\">\u201eAus Kraft wird Saft\u201c\u2013 Apfelsaft selbst gemacht wird am 11. Oktober 2025 nach einer kurzen Wanderung auf dem N\u00fcrtinger Qualit\u00e4tswanderweg \u00bbhochgehblickt\u00ab. Am Wildrosenlehrpfad befindet sich eine Obstwiese, auf der die \u00c4pfel gesammelt und anschlie\u00dfend im nahe gelegenen Albvereinsheim unter fachkundiger Anleitung gewaschen, gemahlen und zu fruchtig-frischem Apfelsaft verarbeitet werden.<\/p>\n<p style=\"text-align: justify;\"><u><strong>Mittwoch, 05. November 2025 &#8211; \u201eVOLLMONDgehNUSS \u2013 guter Mond du gehst so stille\u201c\u00a0<\/strong> <\/u><\/p>\n<p style=\"text-align: justify;\">Bei der Veranstaltung \u201eVOLLMONDgehNUSS \u2013 guter Mond du gehst so stille\u201c wird auf einem Nachtspaziergang am 05. November 2025 am \u00bbhochgehsiedelt\u00ab in Erkenbrechtsweiler der Vollmond erwartet, unter dessen Schein die G\u00e4ste \u00fcber die Geschichten und Mythen erfahren und w\u00e4hrenddessen einen leckeren Imbiss genie\u00dfen k\u00f6nnen.<\/p>\n<p style=\"text-align: justify;\">Auch in diesem Jahr l\u00e4dt die Brauerei Zwiefalter Klosterbr\u00e4u auf dem \u00bbhochgehpilgert\u00ab zur Bierwanderung ein. Aufgrund der hohen Nachfrage sind zum aktuellen Zeitpunkt alle Touren bereits ausgebucht.<\/p>\n<p style=\"text-align: justify;\">Weitere Informationen zu den einzelnen Veranstaltungen gibt es unter <a href=\"http:\/\/www.hochgehberge.de\/veranstaltungen\" target=\"_blank\" rel=\"noopener\" data-saferedirecturl=\"https:\/\/www.google.com\/url?q=http:\/\/www.hochgehberge.de\/veranstaltungen&amp;source=gmail&amp;ust=1747235180212000&amp;usg=AOvVaw0kNRROD-potXOxoBSzDt_S\"><strong>www.hochgehberge.de\/veranstaltungen<\/strong><\/a> oder bei der Gesch\u00e4ftsstelle \u00bbhochgehberge\u00ab\u00a0(Tel. 0711 390242095, E-Mail: <a href=\"mailto:info@hochgehberge.de\" target=\"_blank\" rel=\"noopener\">info@hochgehberge.de<\/a>).<\/p>\n<hr \/>\n<p style=\"text-align: justify;\">\n","protected":false},"excerpt":{"rendered":"<p>Das Wanderprogramm der \u00bbhochgehberge\u00ab 2025 Das diesj\u00e4hrige Wanderprogramm der \u00bbhochgehberge\u00ab bietet Wanderfreunden die Gelegenheit, die Wege und die Besonderheiten der Region mit Gleichgesinnten zu erleben und zu entdecken. Unter dem Motto \u201ehoch gehen f\u00fchrt uns zusammen\u201c finden in diesem Jahr von Mai bis November gef\u00fchrte Wanderungen entlang der \u00bbhochgehberge\u00ab Wege statt. Bei einem abwechslungsreichen Programm [&hellip;]<\/p>\n","protected":false},"author":4,"featured_media":0,"comment_status":"closed","ping_status":"open","sticky":false,"template":"","format":"standard","meta":{"inline_featured_image":false,"_exactmetrics_skip_tracking":false,"_exactmetrics_sitenote_active":false,"_exactmetrics_sitenote_note":"","_exactmetrics_sitenote_category":0,"footnotes":""},"categories":[89],"tags":[14857,14440,18082,68],"class_list":{"0":"post-156101","1":"post","2":"type-post","3":"status-publish","4":"format-standard","6":"category-reisezeit","7":"tag-die-webzeitung","8":"tag-esslingen","9":"tag-hochgehberge","10":"tag-online-zeitung"},"image_feature":null,"author_name":"Redaktion","pure_taxonomies":{"categories":[{"term_id":89,"name":"Freizeit &amp; Reise","slug":"reisezeit","term_group":0,"term_taxonomy_id":90,"taxonomy":"category","description":"","parent":482,"count":34,"filter":"raw","image":""}],"tags":[{"term_id":14857,"name":"Die-Webzeitung","slug":"die-webzeitung","term_group":0,"term_taxonomy_id":14876,"taxonomy":"post_tag","description":"","parent":0,"count":3625,"filter":"raw","image":""},{"term_id":14440,"name":"Esslingen","slug":"esslingen","term_group":0,"term_taxonomy_id":3885,"taxonomy":"post_tag","description":"","parent":0,"count":202,"filter":"raw","image":""},{"term_id":18082,"name":"hochgehberge","slug":"hochgehberge","term_group":0,"term_taxonomy_id":18101,"taxonomy":"post_tag","description":"","parent":0,"count":1,"filter":"raw","image":""},{"term_id":68,"name":"Online-Zeitung","slug":"online-zeitung","term_group":0,"term_taxonomy_id":69,"taxonomy":"post_tag","description":"","parent":0,"count":3595,"filter":"raw","image":""}]},"_links":{"self":[{"href":"https:\/\/die-webzeitung.de\/stuttgart\/wp-json\/wp\/v2\/posts\/156101","targetHints":{"allow":["GET"]}}],"collection":[{"href":"https:\/\/die-webzeitung.de\/stuttgart\/wp-json\/wp\/v2\/posts"}],"about":[{"href":"https:\/\/die-webzeitung.de\/stuttgart\/wp-json\/wp\/v2\/types\/post"}],"author":[{"embeddable":true,"href":"https:\/\/die-webzeitung.de\/stuttgart\/wp-json\/wp\/v2\/users\/4"}],"replies":[{"embeddable":true,"href":"https:\/\/die-webzeitung.de\/stuttgart\/wp-json\/wp\/v2\/comments?post=156101"}],"version-history":[{"count":1,"href":"https:\/\/die-webzeitung.de\/stuttgart\/wp-json\/wp\/v2\/posts\/156101\/revisions"}],"predecessor-version":[{"id":156102,"href":"https:\/\/die-webzeitung.de\/stuttgart\/wp-json\/wp\/v2\/posts\/156101\/revisions\/156102"}],"wp:attachment":[{"href":"https:\/\/die-webzeitung.de\/stuttgart\/wp-json\/wp\/v2\/media?parent=156101"}],"wp:term":[{"taxonomy":"category","embeddable":true,"href":"https:\/\/die-webzeitung.de\/stuttgart\/wp-json\/wp\/v2\/categories?post=156101"},{"taxonomy":"post_tag","embeddable":true,"href":"https:\/\/die-webzeitung.de\/stuttgart\/wp-json\/wp\/v2\/tags?post=156101"}],"curies":[{"name":"wp","href":"https:\/\/api.w.org\/{rel}","templated":true}]}}