{"id":156081,"date":"2025-05-12T12:26:40","date_gmt":"2025-05-12T11:26:40","guid":{"rendered":"https:\/\/die-webzeitung.de\/stuttgart\/?p=156081"},"modified":"2025-05-18T12:42:36","modified_gmt":"2025-05-18T11:42:36","slug":"polizei-report-stuttgart-woche-20-5","status":"publish","type":"post","link":"https:\/\/die-webzeitung.de\/stuttgart\/2025\/05\/12\/polizei-report-stuttgart-woche-20-5\/","title":{"rendered":"Polizei-Report Stuttgart | Woche 20"},"content":{"rendered":"<p><em>Quelle: ots<\/em><\/p>\n<p style=\"text-align: justify;\"><strong>Stuttgart-Feuerbach: Einbruch in B\u00fcro &#8211; Tatverd\u00e4chtiger festgenommen<\/strong><br \/>\nPolizeibeamte haben am Samstag (17.05.2025) einen 48-j\u00e4hrigen Mann festgenommen, der im Verdacht steht, in ein B\u00fcro an der Linzer Stra\u00dfe eingebrochen zu sein. Der Mann soll gemeinsam mit einem noch unbekannten Mann in der Nacht von Freitag auf Samstag in das B\u00fcro eingebrochen sein. Die 19-j\u00e4hrige Tochter der B\u00fcroinhaber erkannte den Tatverd\u00e4chtigen aufgrund von Aufnahmen einer \u00dcberwachungskamera gegen 13:30 Uhr an der Stuttgarter Stra\u00dfe wieder und informierte die Polizei. Als die Polizisten eintrafen, nahmen sie den wohnsitzlosen Mann mit polnischer Staatsangeh\u00f6rigkeit fest. Bei einer \u00dcberpr\u00fcfung seiner Personalien wurde festgestellt, dass er bereits wegen Straftaten in der Vergangenheit mit einem Haftbefehl gesucht wurde. Er wurde in eine Justizvollzugsanstalt eingeliefert.<\/p>\n<p style=\"text-align: justify;\"><strong>Stuttgart-Bad Cannstatt: Raub auf Passanten &#8211; Zeugen gesucht<\/strong><br \/>\nUnbekannte T\u00e4ter haben am fr\u00fchen Samstagmorgen (17.05.2025) einen 27-J\u00e4hrigen in der Sodener Stra\u00dfe seiner Barschaft beraubt. Der 27-J\u00e4hrige traf mit seiner 28-j\u00e4hrigen Begleiterin gegen 01.30 Uhr im Bereich der Sodener \/ Emser Stra\u00dfe auf eine dreik\u00f6pfige Personengruppe und fragte diese, wo er Zigaretten erwerben k\u00f6nne. Die Gruppierung versicherte den Beiden eine M\u00f6glichkeit zu zeigen, weshalb sie der Gruppe folgten. Unvermittelt wurden sie von den drei M\u00e4nnern in bedrohlicher Weise umringt und von dem Hauptt\u00e4ter aufgefordert, die Barschaft auszuh\u00e4ndigen. Das 27-j\u00e4hrige Opfer \u00fcbergab hierauf 300 Euro Bargeld, wobei es nach der \u00dcbergabe zu einem Streitgespr\u00e4ch zwischen den Beteiligten kam. In der Folge stie\u00df der Hauptt\u00e4ter den Gesch\u00e4digten zu Boden, wo er von allen drei mit Tritten traktiert wurde. Anschlie\u00dfend fl\u00fcchteten die Unbekannten in Richtung Deckerstra\u00dfe. Bei der T\u00e4tergruppe soll es sich um Jugendliche mit schwarzen Haaren und Seitenscheitel handeln, wovon zumindest einer mutma\u00dflich ein Messer und ein Pfefferspray mitgef\u00fchrt haben soll. Der Hauptt\u00e4ter mit schlankem Gesicht soll 180 cm gro\u00df sein, eine Jogginghose getragen und eine Bauchtasche mitgef\u00fchrt haben. Zeugen werden gebeten, sich mit der Kriminalpolizei unter der Rufnummer +4971189905778 in Verbindung zu setzen.<\/p>\n<p style=\"text-align: justify;\"><strong>Stuttgart-Plieningen: Exhibitionist in Stadtbahn &#8211; Gesch\u00e4digte gesucht<\/strong><br \/>\nEin bislang unbekannter Mann trat am Freitag (16.05.2025) gegen 07.50 Uhr als Exhibitionist in einer Stadtbahn der Linie U3 in Erscheinung. Der Mann betrat am U-Halt Plieningen mit entbl\u00f6\u00dftem Glied die Stadtbahn und setzte sich zielgerichtet zu einer Frau. Diese stand sofort auf und suchte sich einen anderen Sitzplatz, woraufhin der T\u00e4ter sich zu einem 19-j\u00e4hrigen Fahrgast setzte, der sich aber ebenfalls umsetzte. W\u00e4hrend der Fahrt stand der Unbekannte auf und lief noch immer mit entbl\u00f6\u00dftem Geschlechtsteil durch die gesamte Stadtbahn. Dabei suchte er offenbar auch den Blickkontakt zu Fahrg\u00e4sten. Als der 19-J\u00e4hrige und die noch unbekannte gesch\u00e4digte Frau am U-Halt Wallgraben die Bahn verlie\u00dfen, fuhr der T\u00e4ter in Richtung Bahnhof Vaihingen weiter. Von ihm liegt folgende Beschreibung vor: 40-50 Jahre alt, 185-190 cm gro\u00df, gebr\u00e4unter Teint, kurze grau-schwarze Haare und Bart, bekleidet mit einer auff\u00e4lligen blauen und weiten Stoffhose sowie einer grau-schwarzen Jacke, insgesamt ein ungepflegtes \u00c4u\u00dferes. Zeugen und ggf. weitere Gesch\u00e4digte werden gebeten, sich unter der Rufnummer +4971189905778 mit der Kriminalpolizei in Verbindung zu setzen.<\/p>\n<p style=\"text-align: justify;\"><strong>Stuttgart-Mitte: Elektroauto in Brand geraten<\/strong><br \/>\nAus unbekannter Ursache ist am Freitagvormittag (16.05.2025) in einer Tiefgarage an der Sophienstra\u00dfe ein Elektroauto in Brand geraten. Zeugen entdeckten den Brand gegen 09.30 Uhr und alarmierten die Feuerwehr. Der Audi Q4 war im dritten Untergeschoss geparkt, als das Feuer ausbrach. Aufgrund der starken Rauchentwicklung mussten umliegende Geb\u00e4ude ger\u00e4umt werden. Derzeit geht die Polizei von einem technischen Defekt aus. Der Schaden am Geb\u00e4ude kann noch nicht beziffert werden, verletzt wurde niemand.<\/p>\n<p style=\"text-align: justify;\"><strong>Stuttgart-Ost: 29-J\u00e4hrige vermisst &#8211; Polizei bittet um Mithilfe<\/strong><br \/>\nDie Polizei fahndet mit einem Echtbild nach einer 29 Jahre alten Frau aus dem Stuttgarter Osten. Die Frau verlie\u00df am 20.04.2025 ihre Wohnung und ist seither unbekannten Aufenthalts. Ermittlungen der Polizei f\u00fchrten bisher nicht zum Auffinden der Vermissten, Hinweisen zufolge k\u00f6nnte sie sich auch in der Schweiz aufhalten. Es kann nicht ausgeschlossen werden, dass sie sich die 29-J\u00e4hrige in einer hilflosen Lage befindet. Die Vermisste ist etwa 170 bis 175 Zentimeter gro\u00df und hat eine kr\u00e4ftige Figur. Sie hat hellbraune Augen und lange, leicht lockige, dunkle Haare. Zeugen, die die Frau gesehen haben oder Hinweise zu ihrem Aufenthaltsort geben k\u00f6nnen, werden gebeten, sich mit der Kriminalpolizei unter der Rufnummer +4971189905778 in Verbindung zu setzen. Die Fahndung finden sie unter folgendem Link: <a href=\"https:\/\/fahndung.polizei-bw.de\/tracing\/stuttgart-vermisstenfahndung\/\" target=\"_blank\" rel=\"noopener\">https:\/\/fahndung.polizei-bw.de\/tracing\/stuttgart-vermisstenfahndung\/<\/a><\/p>\n<p style=\"text-align: justify;\"><strong>Stuttgart-Mitte: Vor Passanten entbl\u00f6\u00dft &#8211; Tatverd\u00e4chtigen vorl\u00e4ufig festgenommen &#8211; Zeugen gesucht<\/strong><br \/>\nPolizeibeamte haben am Donnerstag (15.05.2025) einen 34 Jahre alten Mann vorl\u00e4ufig festgenommen, der sich an der Kronenstra\u00dfe Ecke Lautenschlagerstra\u00dfe entbl\u00f6\u00dft haben soll. Der Mann befand sich gegen 11.20 Uhr auf H\u00f6he eines Lebensmittelgesch\u00e4fts, als er seine Hose herunterzog und sein Genital entbl\u00f6\u00dfte. Ein Passant bemerkte dies und alarmierte die Polizei. Diese nahm den 34-J\u00e4hrigen vorl\u00e4ufig fest und setzte ihn nach Abschluss der polizeilichen Ma\u00dfnahmen wieder auf freien Fu\u00df. Zeugen werden gebeten, sich unter der Rufnummer +4971189905778 bei der Kriminalpolizei zu melden.<\/p>\n<p style=\"text-align: justify;\"><strong>Stuttgart-Weilimdorf: Radfahrer bei Unfall schwer verletzt &#8211; Zeugen gesucht<\/strong><br \/>\nEin 42 Jahre alter Radfahrer hat sich am Donnerstag (15.05.2025) bei einem Verkehrsunfall an der Solitudestra\u00dfe schwere Verletzungen zugezogen. Ein 78 Jahre alter Fahrer eines Mazda fuhr gegen 12.00 Uhr in der Solitudestra\u00dfe Richtung Bergheimer Steige. An der Stra\u00dfe Am Vogelherd beabsichtige er nach links abzubiegen und stie\u00df mit dem Radfahrer zusammen, der die Solitudestra\u00dfe querte. Der Radfahrer zog sich schwere Verletzungen zu und musste in einem Krankenhaus behandelt werden. Zeugen werden gebeten, sich unter der Rufnummer +4971189904100 bei der Verkehrspolizei zu melden.<\/p>\n<p style=\"text-align: justify;\"><strong>Stuttgart-Nord: Gegen Geb\u00e4udewand gefahren und gefl\u00fcchtet &#8211; Zeugen gesucht<\/strong><br \/>\nEin Unbekannter ist in der Nacht zum Donnerstag (15.05.2025) an der Hedwig-Dohm-Stra\u00dfe gegen die Wand einer Schule gefahren und anschlie\u00dfend gefl\u00fcchtet, ohne sich um den Schaden zu k\u00fcmmern. Der Fahrer prallte den Ermittlungen zufolge zwischen 21.00 Uhr und 07.00 Uhr mit einem unbekannten Fahrzeug, m\u00f6glicherweise einem Opel \u00e4lteren Baujahres, frontal gegen die Geb\u00e4udewand. Dabei riss er auch einen Metallpfosten heraus. Aufgrund der Besch\u00e4digungen an der Hauswand m\u00fcsste das fl\u00fcchtige Fahrzeug im Frontbereich erhebliche Besch\u00e4digungen aufweisen. Der Schaden wird auf rund 20.000 Euro gesch\u00e4tzt. Zeugen werden gebeten, sich unter der Rufnummer +4971189903200 beim Polizeirevier 2 Wolframstra\u00dfe zu melden.<\/p>\n<p style=\"text-align: justify;\"><strong>Stuttgart-West: Mutma\u00dflich Gas- und Bremspedal verwechselt &#8211; Vier Leichtverletzte<\/strong><br \/>\nEine 37 Jahre alte Frau soll am Donnerstagmorgen (14.05.2025) an der Rosenbergstra\u00dfe Ecke Seidenstra\u00dfe bei einem Verkehrsunfall vier Fu\u00dfg\u00e4ngerinnen angefahren und leicht verletzt haben. Die 37-J\u00e4hrige fuhr gegen 08.00 Uhr mit ihrem Porsche Taycan in der Rosenbergstra\u00dfe Richtung Kriegsbergstra\u00dfe. An der Kreuzung zur Seidenstra\u00dfe soll sie ersten Erkenntnissen zufolge das Gaspedal mit dem Bremspedal verwechselt haben und dann mit vier Fu\u00dfg\u00e4ngerinnen im Alter zwischen 18 und 22 Jahren zusammengesto\u00dfen sein, die gerade die Seidenstra\u00dfe bei gr\u00fcner Ampel querten. Alle vier Fu\u00dfg\u00e4ngerinnen zogen sich bei dem Unfall leichte Verletzungen zu und wurden von Rettungskr\u00e4ften zur medizinischen Versorgung in ein Krankenhaus gebracht.<\/p>\n<p style=\"text-align: justify;\"><strong>Stuttgart-Stadtgebiet: Bilanz des Polizeipr\u00e4sidiums Stuttgart zum Fahndungs- und Sicherheitstag<\/strong><br \/>\nPolizeibeamte haben gemeinsam mit der Bundespolizei anl\u00e4sslich des achten l\u00e4nder\u00fcbergreifenden Sicherheitsages am Dienstag (13.05.2025) im gesamten Stadtgebiet Kontrollen durchgef\u00fchrt. Dabei \u00fcberpr\u00fcften sie zwischen 06.00 Uhr und 01.00 Uhr neben rund 1.100 Personen und 75 Fahrzeugen auch 62 gastronomische Betriebe und Etablissements. Dabei legten die Beamten ihr Augenmerkt auch auf rund 1.150 Dokumente, die sie unter anderem auf Echtheit \u00fcberpr\u00fcften. Insgesamt deckten die Polizisten dabei 23 Straftaten, darunter Rauschgiftdelikte, Urkundenf\u00e4lschungen, Verst\u00f6\u00dfe gegen das Pflichtversicherungsgesetz und Fahren ohne Fahrerlaubnis auf. Dar\u00fcber hinaus ahndeten die Beamten auch 139 Ordnungswidrigkeiten, zumeist gastst\u00e4ttenrechtliche Verst\u00f6\u00dfe und Verkehrsdelikte. Auch der Jugendschutz stand auf der Agenda der Polizisten. Sie kontrollierten an Szenetreffpunkten und jugendgef\u00e4hrdenden Orten die Einhaltung der Vorschriften des Jugendschutzes. Pr\u00e4ventionsbeamte betrieben am Schlossplatz zwischen 11.00 Uhr und 15.00 Uhr einen Pr\u00e4ventionsstand und informierten die B\u00fcrgerinnen und B\u00fcrger kompetent und kostenlos \u00fcber verschiedenste Kriminalit\u00e4tsph\u00e4nomene.<\/p>\n<p style=\"text-align: justify;\"><strong>Stuttgart-Bad Cannstatt: Mit Schusswaffe in der Stadtbahn &#8211; Zeugen gesucht<\/strong><br \/>\nEin Unbekannter soll am Dienstag (12.05.2025) in der Stadtbahn der Linie U13 mit einer Schusswaffe hantiert haben. Mehrere Zeugen alarmierten die Polizei, als gegen 12.45 Uhr ein Mann an der Stadtbahnhaltestelle Wilhelmsplatz in die U13 Richtung Feuerbach einstieg. Der Mann f\u00fchrte laute Selbstgespr\u00e4che und sprach von einer Waffe, die er mich sich f\u00fchre. An der Stadtbahnhaltestelle Wilhelma stand der Mann mit einer Waffe in der Hand auf und lief in den vorderen Bereich der Stadtbahn. Anschlie\u00dfend stieg der Unbekannte an der Stadtbahnhaltestelle Rosensteinbr\u00fccke aus. Er war zirka 180 Zentimeter gro\u00df und zwischen 25 und 35 Jahren alt. Er hatte dunkelblondes Haar und war im Gesicht, Hals und an den Armen t\u00e4towiert. Er trug ein schwarzes Oberteil und eine enge Hose. Trotz sofort eingeleiteter Fahndungsma\u00dfnahmen trafen die Polizeibeamten den Mann nicht mehr an. Zeugen werden gebeten, sich unter der Rufnummer +4971189903600 beim Polizeirevier 6 Martin-Luther-Stra\u00dfe zu melden.<\/p>\n<p style=\"text-align: justify;\"><strong>Stuttgart-Hedelfingen: Nach Zusammensto\u00df &#8211; 57-J\u00e4hriger E-Scooter Fahrer schwer verletzt<\/strong><br \/>\nEin 57 Jahre alter E-Scooter Fahrer hat sich am sp\u00e4ten Dienstagabend (13.05.2025) bei einem Verkehrsunfall auf den Otto-Hirsch-Br\u00fccken schwere Verletzungen zugezogen. Eine 26 Jahre alte Frau fuhr gegen 23.10 Uhr mit ihrem VW Polo auf den Otto-Hirsch-Br\u00fccken Richtung Hedelfingen und wollte nach rechts in die Stra\u00dfe Am Mittelkai abbiegen. Dabei stie\u00df der VW mit dem 57-J\u00e4hrigen zusammen, der mit seinem E-Scooter die Stra\u00dfe Am Mittelkai Richtung Hedelfingen \u00fcberquerte. Der 57-J\u00e4hrige st\u00fcrzte und zog sich schwere Verletzungen zu. Rettungskr\u00e4fte brachten ihn in ein Krankenhaus. Der Schaden betr\u00e4gt ersten Sch\u00e4tzungen zufolge mehrere Hundert Euro.<\/p>\n<p style=\"text-align: justify;\"><strong>Stuttgart-Vaihingen: Autoscheiben eingeschlagen &#8211; Tatverd\u00e4chtiger in Haft<\/strong><br \/>\nPolizeibeamte haben am Donnerstagnachmittag (08.05.2025) einen 46 Jahre alten Mann festgenommen, der die Scheiben von drei geparkten Autos eingeschlagen haben soll. Eine Passantin beobachtete den Tatverd\u00e4chtigen gegen 15.00 Uhr, wie er im Baumwiesenweg die Scheibe eines Mercedes E 220 einschlug. Dann soll der 46-J\u00e4hrige in den Kirschbl\u00fctenweg gegangen sein und die Scheibe eines VW Polo zerst\u00f6rt haben, bevor er in der Stra\u00dfe In der Schranne die Scheibe eines Mercedes A 200 ebenfalls eingeschlagen haben soll. Bei allen drei Taten hat er mutma\u00dflich einen Stein benutzt. Alarmierte Polizeibeamte nahmen den Tatverd\u00e4chtigen daraufhin fest. Der Schaden betr\u00e4gt ersten Sch\u00e4tzungen zufolge rund 3.000 Euro. Der wohnsitzlose Tatverd\u00e4chtige mit bulgarischer Staatsangeh\u00f6rigkeit wurde am Freitag (09.05.2025) auf Antrag der Staatsanwaltschaft Stuttgart einem Haftrichter vorgef\u00fchrt, der den Haftbefehl erlie\u00df und den 46-J\u00e4hrigen in eine Justizvollzugsanstalt einwies.<\/p>\n<p style=\"text-align: justify;\"><strong>Stuttgart-Weilimdorf: Motorradfahrer bei Unfall schwer verletzt<\/strong><br \/>\nEin 44 Jahre alter Motorradfahrer hat sich am Sonntagabend (11.05.2025) bei einem Verkehrsunfall in der Engelbergstra\u00dfe schwere Verletzungen zugezogen. Ein 30 Jahre alter Mann war mit seinem Hyundai in der Engelbergstra\u00dfe unterwegs und wollte auf H\u00f6he der Hausnummer 5 nach links in eine Tankstelle abbiegen. Aufgrund des Gegenverkehrs bildete sich hinter dem Hyundai eine Fahrzeugschlange. Der 44-J\u00e4hrige fuhr mit seiner Harley-Davidson links an der Schlange vorbei und stie\u00df mit dem Hyundai zusammen, der in diesem Moment abbog. Der Motorradfahrer st\u00fcrzte und zog sich schwere Verletzungen zu. Rettungskr\u00e4fte brachten ihn in ein Krankenhaus. Es entstand nach ersten Sch\u00e4tzungen ein Schaden von rund 20.000 Euro. Beide Fahrzeuge mussten abgeschleppt werden.<\/p>\n<p style=\"text-align: justify;\"><strong>Stuttgart-Ost: Geschnitten und ausgebremst &#8211; Zeugen gesucht<\/strong><br \/>\nEin unbekannter Fahrer eines schwarzen Range Rovers soll am Sonntag (11.05.2025) im Rosensteintunnel einen LKW geschnitten und ihn anschlie\u00dfend ausgebremst haben. Der Unbekannte fuhr gegen 17.45 im Rosensteintunnel Richtung Esslingen auf dem linken Fahrstreifen. Am Ende des Tunnels wechselte der Range Rover auf den rechten Fahrstreifen und soll hierbei den 21-j\u00e4hrigen Fahrer eines LKW geschnitten haben. Anschlie\u00dfend soll er kurz vor der Ausfahrt zur Gaisburger Br\u00fccke den LKW zun\u00e4chst am Weiterfahren gehindert haben, indem er mit seinem Auto beide Fahrstreifen blockierte. Der Range Rover war mit zwei m\u00e4nnlichen Personen besetzt. Zeugen werden gebeten, sich unter der Rufnummer +4971189903500 beim Polizeirevier 5 Ostendstra\u00dfe zu melden.<\/p>\n<p style=\"text-align: justify;\"><strong>Stuttgart-Feuerbach: Von der Fahrbahn abgekommen und in geparkte Autos gefahren<\/strong><br \/>\nAus bislang ungekl\u00e4rter Ursache ist am Freitag (09.05.2025) eine Fahrerin eines Audi Q3 von der Fahrbahn abgekommen und hat sich schwere Verletzungen zugezogen. Die 62-J\u00e4hrige fuhr gegen 10.00 Uhr in der Bludenzer Stra\u00dfe Richtung Stuttgarter Stra\u00dfe, als sie auf H\u00f6he der Hausnummer 4 nach links von der Fahrbahn abkam und gegen einen am Stra\u00dfenrand geparkten Audi A4 fuhr. Durch den Aufprall schob der Audi A4 zwei weitere am Stra\u00dfenrand geparkte Autos zusammen. Die 62-J\u00e4hrige erlitt schwere Verletzungen und musste in einem Krankenhaus behandelt werden. Es entstand ein Sachschaden von etwa 75.000 Euro. Die beiden Audi waren nicht mehr fahrbereit und mussten abgeschleppt werden.<\/p>\n<p style=\"text-align: justify;\"><strong>Stuttgart-Bad Cannstatt: E-Scooter-Fahrer kontrolliert<\/strong><br \/>\nPolizeibeamte der Verkehrspolizei haben in der Nacht zum Sonntag (11.05.2025) im Bereich Bad Cannstatt Kontrollen durchgef\u00fchrt und ihr Augenmerk insbesondere auf die Alkohol- und Drogenbeeinflussung gelegt. 18 Beamte kontrollierten in der Zeit zwischen 20.00 Uhr und 03.00 Uhr vorwiegend E-Scooter und stellten dabei in elf F\u00e4llen eine Beeinflussung der Fahrer durch Alkohol und Drogen fest. Acht Fahrer m\u00fcssen nun mit einer Ordnungswidrigkeitenanzeige, drei weitere mit einem Strafverfahren rechnen.<\/p>\n<hr \/>\n<p>&nbsp;<\/p>\n","protected":false},"excerpt":{"rendered":"<p>Quelle: ots Stuttgart-Feuerbach: Einbruch in B\u00fcro &#8211; Tatverd\u00e4chtiger festgenommen Polizeibeamte haben am Samstag (17.05.2025) einen 48-j\u00e4hrigen Mann festgenommen, der im Verdacht steht, in ein B\u00fcro an der Linzer Stra\u00dfe eingebrochen zu sein. Der Mann soll gemeinsam mit einem noch unbekannten Mann in der Nacht von Freitag auf Samstag in das B\u00fcro eingebrochen sein. Die 19-j\u00e4hrige [&hellip;]<\/p>\n","protected":false},"author":4,"featured_media":152245,"comment_status":"closed","ping_status":"open","sticky":false,"template":"","format":"standard","meta":{"inline_featured_image":false,"_exactmetrics_skip_tracking":false,"_exactmetrics_sitenote_active":false,"_exactmetrics_sitenote_note":"","_exactmetrics_sitenote_category":0,"footnotes":""},"categories":[11241],"tags":[68,205,1625,9,275],"class_list":{"0":"post-156081","1":"post","2":"type-post","3":"status-publish","4":"format-standard","5":"has-post-thumbnail","7":"category-region-stuttgart","8":"tag-online-zeitung","9":"tag-polizei","10":"tag-report","11":"tag-schaumedia","12":"tag-stuttgart"},"image_feature":"https:\/\/die-webzeitung.de\/stuttgart\/wp-content\/uploads\/sites\/4\/2024\/02\/Polizei-Pix-scaled.jpg","author_name":"Redaktion","pure_taxonomies":{"categories":[{"term_id":11241,"name":"Polizei-Report Stuttgart","slug":"region-stuttgart","term_group":0,"term_taxonomy_id":11279,"taxonomy":"category","description":"Polizeiberichte aus der Region Stuttgart","parent":1619,"count":68,"filter":"raw","image":""}],"tags":[{"term_id":68,"name":"Online-Zeitung","slug":"online-zeitung","term_group":0,"term_taxonomy_id":69,"taxonomy":"post_tag","description":"","parent":0,"count":3595,"filter":"raw","image":""},{"term_id":205,"name":"Polizei","slug":"polizei","term_group":0,"term_taxonomy_id":208,"taxonomy":"post_tag","description":"","parent":0,"count":277,"filter":"raw","image":""},{"term_id":1625,"name":"Report","slug":"report","term_group":0,"term_taxonomy_id":1634,"taxonomy":"post_tag","description":"","parent":0,"count":210,"filter":"raw","image":""},{"term_id":9,"name":"SchauMedia","slug":"schaumedia","term_group":0,"term_taxonomy_id":9,"taxonomy":"post_tag","description":"","parent":0,"count":1607,"filter":"raw","image":""},{"term_id":275,"name":"Stuttgart","slug":"stuttgart","term_group":0,"term_taxonomy_id":281,"taxonomy":"post_tag","description":"","parent":0,"count":1195,"filter":"raw","image":""}]},"_links":{"self":[{"href":"https:\/\/die-webzeitung.de\/stuttgart\/wp-json\/wp\/v2\/posts\/156081","targetHints":{"allow":["GET"]}}],"collection":[{"href":"https:\/\/die-webzeitung.de\/stuttgart\/wp-json\/wp\/v2\/posts"}],"about":[{"href":"https:\/\/die-webzeitung.de\/stuttgart\/wp-json\/wp\/v2\/types\/post"}],"author":[{"embeddable":true,"href":"https:\/\/die-webzeitung.de\/stuttgart\/wp-json\/wp\/v2\/users\/4"}],"replies":[{"embeddable":true,"href":"https:\/\/die-webzeitung.de\/stuttgart\/wp-json\/wp\/v2\/comments?post=156081"}],"version-history":[{"count":11,"href":"https:\/\/die-webzeitung.de\/stuttgart\/wp-json\/wp\/v2\/posts\/156081\/revisions"}],"predecessor-version":[{"id":156149,"href":"https:\/\/die-webzeitung.de\/stuttgart\/wp-json\/wp\/v2\/posts\/156081\/revisions\/156149"}],"wp:featuredmedia":[{"embeddable":true,"href":"https:\/\/die-webzeitung.de\/stuttgart\/wp-json\/wp\/v2\/media\/152245"}],"wp:attachment":[{"href":"https:\/\/die-webzeitung.de\/stuttgart\/wp-json\/wp\/v2\/media?parent=156081"}],"wp:term":[{"taxonomy":"category","embeddable":true,"href":"https:\/\/die-webzeitung.de\/stuttgart\/wp-json\/wp\/v2\/categories?post=156081"},{"taxonomy":"post_tag","embeddable":true,"href":"https:\/\/die-webzeitung.de\/stuttgart\/wp-json\/wp\/v2\/tags?post=156081"}],"curies":[{"name":"wp","href":"https:\/\/api.w.org\/{rel}","templated":true}]}}