{"id":155992,"date":"2025-04-30T17:52:41","date_gmt":"2025-04-30T16:52:41","guid":{"rendered":"https:\/\/die-webzeitung.de\/stuttgart\/?p=155992"},"modified":"2025-04-30T17:52:41","modified_gmt":"2025-04-30T16:52:41","slug":"sws-konzentrieren-die-stella-flotte-auf-die-innenstadt","status":"publish","type":"post","link":"https:\/\/die-webzeitung.de\/stuttgart\/2025\/04\/30\/sws-konzentrieren-die-stella-flotte-auf-die-innenstadt\/","title":{"rendered":"SWS konzentrieren die stella-Flotte auf die Innenstadt"},"content":{"rendered":"<h3 style=\"text-align: justify;\"><strong>Bessere Verf\u00fcgbarkeit der E-Mopeds im Stadtzentrum \u2013 neue Konditionen f\u00fcr Neukunden \u2013 h\u00f6herer Nutzerkomfort<\/strong><\/h3>\n<p style=\"text-align: justify;\">Stuttgart.| Nichts wie raus \u2013 der Fr\u00fchling lockt auch in der Landeshauptstadt die Menschen ins Freie. Wer in den Wonnemonaten umweltfreundlich, flott und flexibel unterwegs sein will, kann <em>stella-<\/em>sharing, das Elektromoped-Sharing der Stadtwerke Stuttgart (SWS), in Stuttgarts City bald verst\u00e4rkt nutzen. Ab 1. Mai passen die SWS ihr Zuhause-Gebiet an und konzentrieren die Verf\u00fcgbarkeit der roten Flitzer auf die Innenstadt. F\u00fcr Neukundinnen und -kunden gelten zudem neue Konditionen: Sie zahlen k\u00fcnftig eine einmalige, geringf\u00fcgige Registrierungsgeb\u00fchr in H\u00f6he von 4,95 Euro, die bei der anschlie\u00dfenden Fahrt komplett in Freiminuten gutgeschrieben wird. \u201eUnser <em>stella<\/em>-sharing ist in Stuttgart seit 2016 als klimafreundliche Mobilit\u00e4tsalternative fest etabliert\u201c, sagt Peter Drausnigg, Technischer Gesch\u00e4ftsf\u00fchrer der Stadtwerke Stuttgart. \u201eMit dem verdichteten Gesch\u00e4ftsgebiet passen wir unser nachhaltiges Angebot optimal auf die Bedarfe unserer <em>stella<\/em>-Nutzerinnen und -Nutzer an.\u201c Die rote Flotte der inzwischen 240 E-Mopeds wird auch weiterhin mit 100 Prozent \u00d6kostrom der SWS geladen. Seit 2016 wurden damit bereits \u00fcber 2,3 Millionen Kilometer klimafreundlich zur\u00fcckgelegt und damit rund 174,5 Tonnen CO<sub>2<\/sub> eingespart.\u00a0 Allein im letzten Jahr haben \u00fcber 3.500 <em>stella<\/em>-Nutzerinnen und -Nutzer in etwa 92.000 Kilometer zur\u00fcckgelegt und dadurch mehr als f\u00fcnf Tonnen CO<sub>2<\/sub> vermieden.<\/p>\n<h4 style=\"text-align: justify;\"><strong>H\u00f6here Verf\u00fcgbarkeit der E-Mopeds im Stadtzentrum<\/strong><\/h4>\n<p style=\"text-align: justify;\">Mit der Konzentration auf die Stuttgarter Innenstadt wollen die SWS die E-Mopeds vor allem dort anbieten, wo sie am meisten genutzt werden \u2013 f\u00fcr Kurzfahrten innerhalb des Stadtzentrums. Das best\u00e4tigen auch die Zahlen, denn Fahrten in der City machen rund 90 Prozent der Nutzung aus. Sven Gl\u00e4ser, Programmmanager Ladeinfrastruktur &amp; Elektromobilit\u00e4t, erl\u00e4utert: \u201eDamit verk\u00fcrzen wir den Weg zu einem freien Fahrzeug erheblich und machen unser Angebot noch attraktiver. Wer schnell irgendwo hin m\u00f6chte, nutzt mit <em>stella<\/em> die Mobilit\u00e4tsoption, die ihn am schnellsten ans Ziel bringt und direkt verf\u00fcgbar ist.\u201c<br \/>\nDie An- und Abmiete der <em>stella<\/em>-E-Mopeds im Zuhause-Gebiet fokussiert sich nun mehr auf die Innenstadt. Das Gebiet erstreckt sich von der Rotenwaldstra\u00dfe im Osten bis zur Talstra\u00dfe im Westen und wird im Norden von der Heilbronner Stra\u00dfe sowie von der Wielandsh\u00f6he im S\u00fcden begrenzt.<\/p>\n<h4 style=\"text-align: justify;\"><strong>Auch au\u00dferhalb liegende Pendlerziele sind Zuhause-Gebiet<\/strong><\/h4>\n<p style=\"text-align: justify;\">Um auch die Randgebiete und wichtige Pendlerziele weiterhin anzubinden, wurde das Zuhause-Gebiet um mehrere Inseln erg\u00e4nzt, um Lieblingsspots miteinzubeziehen. Folgende Standorte geh\u00f6ren weiterhin zum Zuhause-Gebiet: Der Kelterplatz in Stuttgart-Zuffenhausen, die Wohnsiedlung Tapachstra\u00dfe in Stuttgart-Rot, das Robert-Bosch-Krankenhaus in Stuttgart-Bad Cannstatt (Pragsattel), die Bahnh\u00f6fe Feuerbach und Bad Cannstatt, die Reinhold-Maier-Br\u00fccke in Bad Cannstatt sowie der Uni-Campus in Stuttgart-Vaihingen. Auch au\u00dferhalb des Zuhause-Gebiets darf man mit den <em>stella<\/em>-Mopeds unterwegs sein und parken. Dann gilt automatisch der Parktarif (19 Cent pro Minute), anstelle des Fahrtarifs f\u00fcr 33 Cent pro Minute. So kann man flexibel an beliebigen Orten in Stuttgart verweilen. Allerdings m\u00fcssen die <em>stellas<\/em> nach dem Ausflug wieder im neuen Zuhause-Gebiet abgestellt werden, sonst l\u00e4uft der Parktarif weiter.<\/p>\n<h4 style=\"text-align: justify;\"><strong>Stabile Preise und h\u00f6herer Komfort <\/strong><\/h4>\n<p style=\"text-align: justify;\">Die bislang g\u00fcltigen Preise bleiben unver\u00e4ndert \u2012 auf aktive Nutzerinnen und Nutzer kommen somit keine h\u00f6heren Kosten zu. Lediglich f\u00fcr Neukundinnen und -kunden erheben die SWS seit dem 1. April 2025 eine einmalige Registrierungsgeb\u00fchr von 4,95 Euro, die ihnen als Fahrtguthaben angerechnet wird und direkt f\u00fcr die erste Tour genutzt werden kann. \u201eWir m\u00f6chten damit die Zahl unserer aktiven <em>stellanerinnen <\/em>und <em>stellaner <\/em>erh\u00f6hen und einen Anreiz schaffen, die <em>stella-<\/em>Mopeds direkt auszuprobieren\u201c, erkl\u00e4rt Sven Gl\u00e4ser. Au\u00dferdem wurde die Akkuleistung der E-Mopeds erh\u00f6ht und der Akkuwechsel optimiert, damit ein l\u00e4ngerer Fahrspa\u00df garantiert ist.<\/p>\n<p style=\"text-align: justify;\">Weitere Informationen unter <strong><a href=\"http:\/\/www.stella-sharing.de\/\" target=\"_blank\" rel=\"noopener\" data-saferedirecturl=\"https:\/\/www.google.com\/url?q=http:\/\/www.stella-sharing.de\/&amp;source=gmail&amp;ust=1746116721832000&amp;usg=AOvVaw0Oawio4X0wQJYeyjX-l__1\">www.stella-sharing.de<\/a>.<\/strong><\/p>\n<hr \/>\n<p style=\"text-align: justify;\">\n","protected":false},"excerpt":{"rendered":"<p>Bessere Verf\u00fcgbarkeit der E-Mopeds im Stadtzentrum \u2013 neue Konditionen f\u00fcr Neukunden \u2013 h\u00f6herer Nutzerkomfort Stuttgart.| Nichts wie raus \u2013 der Fr\u00fchling lockt auch in der Landeshauptstadt die Menschen ins Freie. Wer in den Wonnemonaten umweltfreundlich, flott und flexibel unterwegs sein will, kann stella-sharing, das Elektromoped-Sharing der Stadtwerke Stuttgart (SWS), in Stuttgarts City bald verst\u00e4rkt nutzen. [&hellip;]<\/p>\n","protected":false},"author":4,"featured_media":155993,"comment_status":"closed","ping_status":"open","sticky":false,"template":"","format":"standard","meta":{"inline_featured_image":false,"_exactmetrics_skip_tracking":false,"_exactmetrics_sitenote_active":false,"_exactmetrics_sitenote_note":"","_exactmetrics_sitenote_category":0,"footnotes":""},"categories":[2239],"tags":[14857,18075,68,9,14796,275],"class_list":{"0":"post-155992","1":"post","2":"type-post","3":"status-publish","4":"format-standard","5":"has-post-thumbnail","7":"category-stuttgart-lokal","8":"tag-die-webzeitung","9":"tag-e-moped","10":"tag-online-zeitung","11":"tag-schaumedia","12":"tag-stella","13":"tag-stuttgart"},"image_feature":"https:\/\/die-webzeitung.de\/stuttgart\/wp-content\/uploads\/sites\/4\/2025\/04\/stella.png","author_name":"Redaktion","pure_taxonomies":{"categories":[{"term_id":2239,"name":"Stuttgart","slug":"stuttgart-lokal","term_group":0,"term_taxonomy_id":2252,"taxonomy":"category","description":"Berichte und Informationen aus Stuttgart","parent":1433,"count":942,"filter":"raw","image":""}],"tags":[{"term_id":14857,"name":"Die-Webzeitung","slug":"die-webzeitung","term_group":0,"term_taxonomy_id":14876,"taxonomy":"post_tag","description":"","parent":0,"count":3625,"filter":"raw","image":""},{"term_id":18075,"name":"E-Moped","slug":"e-moped","term_group":0,"term_taxonomy_id":18094,"taxonomy":"post_tag","description":"","parent":0,"count":1,"filter":"raw","image":""},{"term_id":68,"name":"Online-Zeitung","slug":"online-zeitung","term_group":0,"term_taxonomy_id":69,"taxonomy":"post_tag","description":"","parent":0,"count":3595,"filter":"raw","image":""},{"term_id":9,"name":"SchauMedia","slug":"schaumedia","term_group":0,"term_taxonomy_id":9,"taxonomy":"post_tag","description":"","parent":0,"count":1607,"filter":"raw","image":""},{"term_id":14796,"name":"Stella","slug":"stella","term_group":0,"term_taxonomy_id":14815,"taxonomy":"post_tag","description":"","parent":0,"count":5,"filter":"raw","image":""},{"term_id":275,"name":"Stuttgart","slug":"stuttgart","term_group":0,"term_taxonomy_id":281,"taxonomy":"post_tag","description":"","parent":0,"count":1195,"filter":"raw","image":""}]},"_links":{"self":[{"href":"https:\/\/die-webzeitung.de\/stuttgart\/wp-json\/wp\/v2\/posts\/155992","targetHints":{"allow":["GET"]}}],"collection":[{"href":"https:\/\/die-webzeitung.de\/stuttgart\/wp-json\/wp\/v2\/posts"}],"about":[{"href":"https:\/\/die-webzeitung.de\/stuttgart\/wp-json\/wp\/v2\/types\/post"}],"author":[{"embeddable":true,"href":"https:\/\/die-webzeitung.de\/stuttgart\/wp-json\/wp\/v2\/users\/4"}],"replies":[{"embeddable":true,"href":"https:\/\/die-webzeitung.de\/stuttgart\/wp-json\/wp\/v2\/comments?post=155992"}],"version-history":[{"count":1,"href":"https:\/\/die-webzeitung.de\/stuttgart\/wp-json\/wp\/v2\/posts\/155992\/revisions"}],"predecessor-version":[{"id":155994,"href":"https:\/\/die-webzeitung.de\/stuttgart\/wp-json\/wp\/v2\/posts\/155992\/revisions\/155994"}],"wp:featuredmedia":[{"embeddable":true,"href":"https:\/\/die-webzeitung.de\/stuttgart\/wp-json\/wp\/v2\/media\/155993"}],"wp:attachment":[{"href":"https:\/\/die-webzeitung.de\/stuttgart\/wp-json\/wp\/v2\/media?parent=155992"}],"wp:term":[{"taxonomy":"category","embeddable":true,"href":"https:\/\/die-webzeitung.de\/stuttgart\/wp-json\/wp\/v2\/categories?post=155992"},{"taxonomy":"post_tag","embeddable":true,"href":"https:\/\/die-webzeitung.de\/stuttgart\/wp-json\/wp\/v2\/tags?post=155992"}],"curies":[{"name":"wp","href":"https:\/\/api.w.org\/{rel}","templated":true}]}}