{"id":155984,"date":"2025-04-30T11:41:12","date_gmt":"2025-04-30T10:41:12","guid":{"rendered":"https:\/\/die-webzeitung.de\/stuttgart\/?p=155984"},"modified":"2025-12-05T12:57:43","modified_gmt":"2025-12-05T11:57:43","slug":"platzprojekte-zum-stadtjubilaeum","status":"publish","type":"post","link":"https:\/\/die-webzeitung.de\/stuttgart\/2025\/04\/30\/platzprojekte-zum-stadtjubilaeum\/","title":{"rendered":"Platzprojekte zum Stadtjubil\u00e4um"},"content":{"rendered":"<p style=\"text-align: justify;\">Die Aufenthaltsqualit\u00e4t in den Stadtteilen wird mit kreativen Aktionen sp\u00fcrbar verbessert<\/p>\n<p style=\"text-align: justify;\">Ostfildern.| Anl\u00e4sslich des 50-j\u00e4hrigen Jubil\u00e4ums von Ostfildern erstrahlen die Stadtteile in neuem Glanz. Mit den sogenannten \u201ePlatzprojekten\u201c wird die Aufenthaltsqualit\u00e4t in den Stadtteilen sp\u00fcrbar verbessert \u2013 und das auf kreative und nachhaltige Weise.<\/p>\n<p style=\"text-align: justify;\">Den Auftakt machte Anfang April Kemnat. Die in die Jahre gekommenen B\u00e4nke entlang der Stra\u00dfe Ob der Wette wurden durch farbenfrohe B\u00e4nke ersetzt, die in verschiedenen Gr\u00fcnt\u00f6nen gestaltet sind. \u201eDie neuen B\u00e4nke bringen frischen Wind in die Umgebung und laden zum Verweilen ein\u201c, erkl\u00e4rt Julia Schlipf vom Kulturb\u00fcro der Stadt. Gemeinsam mit dem Fachbereich Baurecht und Planung sorgt sie daf\u00fcr, dass die Platzprojekte Realit\u00e4t werden.<\/p>\n<p style=\"text-align: justify;\">Doch das ist erst der Anfang. Schon bald wird es in Scharnhausen und in Nellingen weitergehen. In Nellingen wird der Klosterhof mit neuen Sitzsteinen unter der Kastanie aufgewertet, w\u00e4hrend ein kunstvolles Mosaik das Fundament darunter schm\u00fccken wird. In Scharnhausen entstehen im Bereich Wittumwiesen neue Sitzgelegenheiten, au\u00dferdem wird dort eine Reihe von B\u00e4umen gepflanzt. Ein markanter M\u00fchlstein wird in diesem Bereich als zentraler Blickfang dienen.<\/p>\n<p style=\"text-align: justify;\">Auch in Ruit und im Scharnhauser Park stehen Ver\u00e4nderungen an. In Ruit wird die Gr\u00fcne Mitte technisch aufger\u00fcstet, um Stadtteilfeste und Veranstaltungen noch besser zu unterst\u00fctzen. Im Scharnhauser Park setzen Graffiti auf dem Trendsportfeld und an der Stadtbahnhaltestelle frische Akzente. Die Parksiedlung erh\u00e4lt zus\u00e4tzliche Sitzm\u00f6glichkeiten entlang des Panoramawegs und der dortige Baumbestand wird erneuert. Mit diesen Projekten setzt die Stadt Ostfildern ein Zeichen f\u00fcr Zusammenhalt und Lebensqualit\u00e4t, das weit \u00fcber das Jubil\u00e4umsjahr hinausstrahlt.<\/p>\n<hr \/>\n<p style=\"text-align: justify;\">\n","protected":false},"excerpt":{"rendered":"<p>Die Aufenthaltsqualit\u00e4t in den Stadtteilen wird mit kreativen Aktionen sp\u00fcrbar verbessert Ostfildern.| Anl\u00e4sslich des 50-j\u00e4hrigen Jubil\u00e4ums von Ostfildern erstrahlen die Stadtteile in neuem Glanz. Mit den sogenannten \u201ePlatzprojekten\u201c wird die Aufenthaltsqualit\u00e4t in den Stadtteilen sp\u00fcrbar verbessert \u2013 und das auf kreative und nachhaltige Weise. Den Auftakt machte Anfang April Kemnat. Die in die Jahre gekommenen [&hellip;]<\/p>\n","protected":false},"author":4,"featured_media":155985,"comment_status":"closed","ping_status":"open","sticky":false,"template":"","format":"standard","meta":{"inline_featured_image":false,"_exactmetrics_skip_tracking":false,"_exactmetrics_sitenote_active":false,"_exactmetrics_sitenote_note":"","_exactmetrics_sitenote_category":0,"footnotes":""},"categories":[2247],"tags":[18074,18073,14857,5209,68,14439,9],"class_list":{"0":"post-155984","1":"post","2":"type-post","3":"status-publish","4":"format-standard","5":"has-post-thumbnail","7":"category-kreis-esslingen","8":"tag-aufenthalt","9":"tag-baenke","10":"tag-die-webzeitung","11":"tag-kemnat","12":"tag-online-zeitung","13":"tag-ostfildern","14":"tag-schaumedia"},"image_feature":"https:\/\/die-webzeitung.de\/stuttgart\/wp-content\/uploads\/sites\/4\/2025\/04\/KW18_Neue-Baenke-Kemnat_Montage-Loesel.png","author_name":"Redaktion","pure_taxonomies":{"categories":[{"term_id":2247,"name":"Kreis Esslingen","slug":"kreis-esslingen","term_group":0,"term_taxonomy_id":2260,"taxonomy":"category","description":"Informationen aus dem Landkreis Esslingen","parent":171,"count":214,"filter":"raw","image":""}],"tags":[{"term_id":18074,"name":"Aufenthalt","slug":"aufenthalt","term_group":0,"term_taxonomy_id":18093,"taxonomy":"post_tag","description":"","parent":0,"count":1,"filter":"raw","image":""},{"term_id":18073,"name":"B\u00e4nke","slug":"baenke","term_group":0,"term_taxonomy_id":18092,"taxonomy":"post_tag","description":"","parent":0,"count":1,"filter":"raw","image":""},{"term_id":14857,"name":"Die-Webzeitung","slug":"die-webzeitung","term_group":0,"term_taxonomy_id":14876,"taxonomy":"post_tag","description":"","parent":0,"count":3625,"filter":"raw","image":""},{"term_id":5209,"name":"Kemnat","slug":"kemnat","term_group":0,"term_taxonomy_id":5226,"taxonomy":"post_tag","description":"","parent":0,"count":2,"filter":"raw","image":""},{"term_id":68,"name":"Online-Zeitung","slug":"online-zeitung","term_group":0,"term_taxonomy_id":69,"taxonomy":"post_tag","description":"","parent":0,"count":3595,"filter":"raw","image":""},{"term_id":14439,"name":"Ostfildern","slug":"ostfildern","term_group":0,"term_taxonomy_id":1797,"taxonomy":"post_tag","description":"","parent":0,"count":35,"filter":"raw","image":""},{"term_id":9,"name":"SchauMedia","slug":"schaumedia","term_group":0,"term_taxonomy_id":9,"taxonomy":"post_tag","description":"","parent":0,"count":1607,"filter":"raw","image":""}]},"_links":{"self":[{"href":"https:\/\/die-webzeitung.de\/stuttgart\/wp-json\/wp\/v2\/posts\/155984","targetHints":{"allow":["GET"]}}],"collection":[{"href":"https:\/\/die-webzeitung.de\/stuttgart\/wp-json\/wp\/v2\/posts"}],"about":[{"href":"https:\/\/die-webzeitung.de\/stuttgart\/wp-json\/wp\/v2\/types\/post"}],"author":[{"embeddable":true,"href":"https:\/\/die-webzeitung.de\/stuttgart\/wp-json\/wp\/v2\/users\/4"}],"replies":[{"embeddable":true,"href":"https:\/\/die-webzeitung.de\/stuttgart\/wp-json\/wp\/v2\/comments?post=155984"}],"version-history":[{"count":1,"href":"https:\/\/die-webzeitung.de\/stuttgart\/wp-json\/wp\/v2\/posts\/155984\/revisions"}],"predecessor-version":[{"id":155986,"href":"https:\/\/die-webzeitung.de\/stuttgart\/wp-json\/wp\/v2\/posts\/155984\/revisions\/155986"}],"wp:featuredmedia":[{"embeddable":true,"href":"https:\/\/die-webzeitung.de\/stuttgart\/wp-json\/wp\/v2\/media\/155985"}],"wp:attachment":[{"href":"https:\/\/die-webzeitung.de\/stuttgart\/wp-json\/wp\/v2\/media?parent=155984"}],"wp:term":[{"taxonomy":"category","embeddable":true,"href":"https:\/\/die-webzeitung.de\/stuttgart\/wp-json\/wp\/v2\/categories?post=155984"},{"taxonomy":"post_tag","embeddable":true,"href":"https:\/\/die-webzeitung.de\/stuttgart\/wp-json\/wp\/v2\/tags?post=155984"}],"curies":[{"name":"wp","href":"https:\/\/api.w.org\/{rel}","templated":true}]}}