{"id":155970,"date":"2025-04-29T10:29:26","date_gmt":"2025-04-29T09:29:26","guid":{"rendered":"https:\/\/die-webzeitung.de\/stuttgart\/?p=155970"},"modified":"2025-04-29T10:29:26","modified_gmt":"2025-04-29T09:29:26","slug":"stadtradeln-im-landkreis-esslingen-startet-am-12-mai-in-28-kommunen","status":"publish","type":"post","link":"https:\/\/die-webzeitung.de\/stuttgart\/2025\/04\/29\/stadtradeln-im-landkreis-esslingen-startet-am-12-mai-in-28-kommunen\/","title":{"rendered":"Stadtradeln im Landkreis Esslingen startet am 12. Mai in 28 Kommunen"},"content":{"rendered":"<p style=\"text-align: justify;\">Am 12. Mai startet die Aktion \u201eStadtradeln\u201c im Landkreis Esslingen und 28 Landkreiskommunen. Drei Wochen lang hei\u00dft es dann Radel-Kilometer sammeln, Teamgeist st\u00e4rken und gemeinsam f\u00fcr mehr nachhaltige Mobilit\u00e4t, Klimaschutz und Gesundheit in die Pedale treten.<\/p>\n<p style=\"text-align: justify;\">Der Landkreis Esslingen ist bereits zum f\u00fcnften Mal beim Stadtradeln dabei. Die Erste Landesbeamtin Dr. Marion Leuze-Mohr freut sich auch dieses Jahr wieder auf den Wettbewerb: \u201eDas Stadtradeln hat sich bei uns im Landkreis fest etabliert. Jedes Jahr setzen noch mehr Teilnehmende ein Zeichen f\u00fcr nachhaltige Mobilit\u00e4t. Das wollen wir dieses Jahr erstmals mit einer landkreisweiten Preisverleihung belohnen.\u201c<\/p>\n<p style=\"text-align: justify;\">Ob zur Arbeit, zur Schule oder in der Freizeit, jeder Kilometer z\u00e4hlt. Zus\u00e4tzliche Spannung kann ein Wettbewerb im kleinen Rahmen erzeugen: Ob Unternehmen, Schulen oder Vereine, alle k\u00f6nnen Unterteams bilden, zum Beispiel f\u00fcr Abteilungen oder Schulklassen und innerhalb des Hauptteams gegeneinander antreten. Bei einer Preisverleihung zeichnet der Landkreis die aktivsten Teams, Schulen und Kommunen aus, zudem werden unter allen Teilnehmenden attraktive Preise verlost. F\u00fcr Schulen gibt es auch dieses Jahr die zus\u00e4tzliche M\u00f6glichkeit, sich f\u00fcr den landesweiten Sonderwettbewerb Schulradeln anzumelden.<\/p>\n<p style=\"text-align: justify;\">Als weitere Neuerung bietet der Landkreis Esslingen w\u00e4hrend des Kampagnenzeitraums allen B\u00fcrgerinnen und B\u00fcrgern die Meldeplattform RADar! an. Mit diesem Tool haben Radelnde die M\u00f6glichkeit, im Internet unter www.radar-online.net oder direkt \u00fcber die Stadtradeln-App die Verwaltung auf M\u00e4ngel im Radverkehrsnetz aufmerksam zu machen. Dabei setzt man einen Pin auf die digitale Stra\u00dfenkarte, beschreibt den Mangel und damit wird automatisch der zust\u00e4ndige Fachbereich in der Verwaltung informiert.<\/p>\n<p style=\"text-align: justify;\">Das Stadtradeln ist eine Kampagne von Klima-B\u00fcndnis Services. Alle radelnden Kommunen in Baden-W\u00fcrttemberg werden vom Landesverkehrsministerium unterst\u00fctzt. Die Initiative RadKULTUR \u00fcbernimmt die Teilnahmegeb\u00fchren und stellt Werbematerialien und Vorlagen zur Verf\u00fcgung.<\/p>\n<p style=\"text-align: justify;\">Weitere Informationen und Anmeldung gibt es unter <a href=\"https:\/\/www.stadtradeln.de\/landkreis-esslingen\" target=\"_blank\" rel=\"noopener\">https:\/\/www.stadtradeln.de\/landkreis-esslingen<\/a>.<\/p>\n<hr \/>\n<p style=\"text-align: justify;\">\n","protected":false},"excerpt":{"rendered":"<p>Am 12. Mai startet die Aktion \u201eStadtradeln\u201c im Landkreis Esslingen und 28 Landkreiskommunen. Drei Wochen lang hei\u00dft es dann Radel-Kilometer sammeln, Teamgeist st\u00e4rken und gemeinsam f\u00fcr mehr nachhaltige Mobilit\u00e4t, Klimaschutz und Gesundheit in die Pedale treten. Der Landkreis Esslingen ist bereits zum f\u00fcnften Mal beim Stadtradeln dabei. Die Erste Landesbeamtin Dr. Marion Leuze-Mohr freut sich [&hellip;]<\/p>\n","protected":false},"author":4,"featured_media":0,"comment_status":"closed","ping_status":"open","sticky":false,"template":"","format":"standard","meta":{"inline_featured_image":false,"_exactmetrics_skip_tracking":false,"_exactmetrics_sitenote_active":false,"_exactmetrics_sitenote_note":"","_exactmetrics_sitenote_category":0,"footnotes":""},"categories":[2247],"tags":[14857,14440,68,9,7788],"class_list":{"0":"post-155970","1":"post","2":"type-post","3":"status-publish","4":"format-standard","6":"category-kreis-esslingen","7":"tag-die-webzeitung","8":"tag-esslingen","9":"tag-online-zeitung","10":"tag-schaumedia","11":"tag-stadtradeln"},"image_feature":null,"author_name":"Redaktion","pure_taxonomies":{"categories":[{"term_id":2247,"name":"Kreis Esslingen","slug":"kreis-esslingen","term_group":0,"term_taxonomy_id":2260,"taxonomy":"category","description":"Informationen aus dem Landkreis Esslingen","parent":171,"count":214,"filter":"raw","image":""}],"tags":[{"term_id":14857,"name":"Die-Webzeitung","slug":"die-webzeitung","term_group":0,"term_taxonomy_id":14876,"taxonomy":"post_tag","description":"","parent":0,"count":3625,"filter":"raw","image":""},{"term_id":14440,"name":"Esslingen","slug":"esslingen","term_group":0,"term_taxonomy_id":3885,"taxonomy":"post_tag","description":"","parent":0,"count":202,"filter":"raw","image":""},{"term_id":68,"name":"Online-Zeitung","slug":"online-zeitung","term_group":0,"term_taxonomy_id":69,"taxonomy":"post_tag","description":"","parent":0,"count":3595,"filter":"raw","image":""},{"term_id":9,"name":"SchauMedia","slug":"schaumedia","term_group":0,"term_taxonomy_id":9,"taxonomy":"post_tag","description":"","parent":0,"count":1607,"filter":"raw","image":""},{"term_id":7788,"name":"Stadtradeln","slug":"stadtradeln","term_group":0,"term_taxonomy_id":7810,"taxonomy":"post_tag","description":"","parent":0,"count":12,"filter":"raw","image":""}]},"_links":{"self":[{"href":"https:\/\/die-webzeitung.de\/stuttgart\/wp-json\/wp\/v2\/posts\/155970","targetHints":{"allow":["GET"]}}],"collection":[{"href":"https:\/\/die-webzeitung.de\/stuttgart\/wp-json\/wp\/v2\/posts"}],"about":[{"href":"https:\/\/die-webzeitung.de\/stuttgart\/wp-json\/wp\/v2\/types\/post"}],"author":[{"embeddable":true,"href":"https:\/\/die-webzeitung.de\/stuttgart\/wp-json\/wp\/v2\/users\/4"}],"replies":[{"embeddable":true,"href":"https:\/\/die-webzeitung.de\/stuttgart\/wp-json\/wp\/v2\/comments?post=155970"}],"version-history":[{"count":1,"href":"https:\/\/die-webzeitung.de\/stuttgart\/wp-json\/wp\/v2\/posts\/155970\/revisions"}],"predecessor-version":[{"id":155971,"href":"https:\/\/die-webzeitung.de\/stuttgart\/wp-json\/wp\/v2\/posts\/155970\/revisions\/155971"}],"wp:attachment":[{"href":"https:\/\/die-webzeitung.de\/stuttgart\/wp-json\/wp\/v2\/media?parent=155970"}],"wp:term":[{"taxonomy":"category","embeddable":true,"href":"https:\/\/die-webzeitung.de\/stuttgart\/wp-json\/wp\/v2\/categories?post=155970"},{"taxonomy":"post_tag","embeddable":true,"href":"https:\/\/die-webzeitung.de\/stuttgart\/wp-json\/wp\/v2\/tags?post=155970"}],"curies":[{"name":"wp","href":"https:\/\/api.w.org\/{rel}","templated":true}]}}