{"id":155946,"date":"2025-04-28T09:24:01","date_gmt":"2025-04-28T08:24:01","guid":{"rendered":"https:\/\/die-webzeitung.de\/stuttgart\/?p=155946"},"modified":"2025-04-28T17:22:13","modified_gmt":"2025-04-28T16:22:13","slug":"bereit-fuer-die-neckarinsel","status":"publish","type":"post","link":"https:\/\/die-webzeitung.de\/stuttgart\/2025\/04\/28\/bereit-fuer-die-neckarinsel\/","title":{"rendered":"Bereit f\u00fcr die (Neckar)insel"},"content":{"rendered":"<h3 style=\"text-align: justify;\"><strong>Saisonstart mit Insel-Opening am 4. Mai<\/strong><\/h3>\n<p style=\"text-align: justify;\">Stuttgart.| Die Neckarinsel erwacht aus dem Winterschlaf: Am Sonntag, 4. Mai, l\u00e4dt der Verein Neckarinsel eV herzlich zum offiziellen Saisonstart auf der Neckarinsel ein. Das Insel-Opening markiert den Beginn eines vielf\u00e4ltigen Sommerprogramms rund um Natur, Kultur, Bewegung und Begegnung am Wasser mitten in Stuttgart.<\/p>\n<p style=\"text-align: justify;\">Von 13 bis 20 Uhr verwandelt sich die Neckarinsel in einen lebendigen Begegnungsort mit Musik, sommerlicher Atmosph\u00e4re, k\u00fchlen Getr\u00e4nken und den ersten Frei(bad)Fritten der Saison. Die passende Soundkulisse bietet an diesem Tag nicht nur der Neckar, sondern auch die Band Unknown Urban Sounds. Ob beim Picknick im Gr\u00fcnen, auf dem Stand-Up Paddle Board oder beim Erkunden des Neckars bei einem der gef\u00fchrten Spazierg\u00e4nge: Das Insel-Opening gibt einen Vorgeschmack auf den Sommer in und mit der Stadt am Fluss.<br \/>\nEin vielf\u00e4ltiger Sommer auf der Insel: das Jahresprogramm 2025<\/p>\n<p style=\"text-align: justify;\">Im Anschluss an den Saisonauftakt bleibt die Neckarinsel auch 2025 ein Ort des Austauschs, der Bewegung und des Lernens. Im Mittelpunkt des Jahresprogramms stehen die bew\u00e4hrten und regelm\u00e4\u00dfig stattfindenden Formate wie die Offene Insel und die Inselspazierg\u00e4nge an fast jedem Sonntag bis Ende September sowie die Critical Nass , bei der alle Teilnehmenden den kollektiven Schritt aufs Wasser wagen (11. Mai, 6. Juli, 14. September).<\/p>\n<p style=\"text-align: justify;\">In diesem Jahr kann der Neckarinsel eV dar\u00fcber hinaus das bisher umfangreichste Programm auf der Insel auf die Beine stellen und bringt gleich mehrere neue Formate an den Start: Neu hinzukommen in dieser Saison etwa die Wissenshappen, ein Diskussionsformat zu Umwelt- und Stadtentwicklungsthemen (zB am 29. Juni) sowie Yoga (13. Juli, 24. August), Salsa &amp; Bachata (1. Juni) oder der Wasserspaziergang \u201eStuttgart Underground\u201c. Beim Afterwork (mittwochs, 28. Mai, 16. Juli, 3. September) Interessierte k\u00f6nnen den Verein Neckarinsel kennenlernen, Fragen stellen, die Insel erkunden, oder auch einfach den Feierabend am Neckarrufer ausklingen lassen. \u201eWir sind sehr stolz darauf, Verein und Insel jedes Jahr weiterentwickeln zu k\u00f6nnen und immer sichtbarer zu machen, wie viel Lebensqualit\u00e4t eine Stadt am Fluss bieten kann\u201c, sagt Vorstandsmitglied Josina Herding.<\/p>\n<p style=\"text-align: justify;\">F\u00fcr junge Besucher bietet die Neckarinsel in diesem Sommer ein Sommerferienprogramm sowie Workshops f\u00fcr Schulklassen, die sich mit Wasserinfrastruktur, Nachhaltigkeit und Stadtentwicklung besch\u00e4ftigen. Alle Termine finden in individueller Absprache \u00fcber <a href=\"mailto:vermittlung@neckarinsel.eu\" target=\"_blank\" rel=\"noopener\">vermittlung@neckarinsel.eu<\/a> statt. Das jeweilige Programm wird dann in Absprache mit Lehr- oder Betreuungskr\u00e4ften an Alter- und Wissensstand der Schulklassen angepasst. Den Abschluss der Saison bildet das Insel-Closing Ende September \u2013 ein gemeinsames Inneres und Zur\u00fcckblicken auf einen lebendigen Sommer.<\/p>\n<hr \/>\n<p style=\"text-align: justify;\">\n","protected":false},"excerpt":{"rendered":"<p>Saisonstart mit Insel-Opening am 4. Mai Stuttgart.| Die Neckarinsel erwacht aus dem Winterschlaf: Am Sonntag, 4. Mai, l\u00e4dt der Verein Neckarinsel eV herzlich zum offiziellen Saisonstart auf der Neckarinsel ein. Das Insel-Opening markiert den Beginn eines vielf\u00e4ltigen Sommerprogramms rund um Natur, Kultur, Bewegung und Begegnung am Wasser mitten in Stuttgart. Von 13 bis 20 Uhr [&hellip;]<\/p>\n","protected":false},"author":4,"featured_media":155947,"comment_status":"closed","ping_status":"open","sticky":false,"template":"","format":"standard","meta":{"inline_featured_image":false,"_exactmetrics_skip_tracking":false,"_exactmetrics_sitenote_active":false,"_exactmetrics_sitenote_note":"","_exactmetrics_sitenote_category":0,"footnotes":""},"categories":[59,2239],"tags":[14857,1204,10437,68,9,275],"class_list":{"0":"post-155946","1":"post","2":"type-post","3":"status-publish","4":"format-standard","5":"has-post-thumbnail","7":"category-aktuell","8":"category-stuttgart-lokal","9":"tag-die-webzeitung","10":"tag-kultur","11":"tag-neckarinsel","12":"tag-online-zeitung","13":"tag-schaumedia","14":"tag-stuttgart"},"image_feature":"https:\/\/die-webzeitung.de\/stuttgart\/wp-content\/uploads\/sites\/4\/2025\/04\/Bildschirmfoto-2025-04-28-um-10.22.11.png","author_name":"Redaktion","pure_taxonomies":{"categories":[{"term_id":59,"name":"Aktuell","slug":"aktuell","term_group":0,"term_taxonomy_id":60,"taxonomy":"category","description":"","parent":0,"count":1017,"filter":"raw","image":""},{"term_id":2239,"name":"Stuttgart","slug":"stuttgart-lokal","term_group":0,"term_taxonomy_id":2252,"taxonomy":"category","description":"Berichte und Informationen aus Stuttgart","parent":1433,"count":942,"filter":"raw","image":""}],"tags":[{"term_id":14857,"name":"Die-Webzeitung","slug":"die-webzeitung","term_group":0,"term_taxonomy_id":14876,"taxonomy":"post_tag","description":"","parent":0,"count":3625,"filter":"raw","image":""},{"term_id":1204,"name":"Kultur","slug":"kultur","term_group":0,"term_taxonomy_id":1213,"taxonomy":"post_tag","description":"","parent":0,"count":5,"filter":"raw","image":""},{"term_id":10437,"name":"Neckarinsel","slug":"neckarinsel","term_group":0,"term_taxonomy_id":10472,"taxonomy":"post_tag","description":"","parent":0,"count":3,"filter":"raw","image":""},{"term_id":68,"name":"Online-Zeitung","slug":"online-zeitung","term_group":0,"term_taxonomy_id":69,"taxonomy":"post_tag","description":"","parent":0,"count":3595,"filter":"raw","image":""},{"term_id":9,"name":"SchauMedia","slug":"schaumedia","term_group":0,"term_taxonomy_id":9,"taxonomy":"post_tag","description":"","parent":0,"count":1607,"filter":"raw","image":""},{"term_id":275,"name":"Stuttgart","slug":"stuttgart","term_group":0,"term_taxonomy_id":281,"taxonomy":"post_tag","description":"","parent":0,"count":1195,"filter":"raw","image":""}]},"_links":{"self":[{"href":"https:\/\/die-webzeitung.de\/stuttgart\/wp-json\/wp\/v2\/posts\/155946","targetHints":{"allow":["GET"]}}],"collection":[{"href":"https:\/\/die-webzeitung.de\/stuttgart\/wp-json\/wp\/v2\/posts"}],"about":[{"href":"https:\/\/die-webzeitung.de\/stuttgart\/wp-json\/wp\/v2\/types\/post"}],"author":[{"embeddable":true,"href":"https:\/\/die-webzeitung.de\/stuttgart\/wp-json\/wp\/v2\/users\/4"}],"replies":[{"embeddable":true,"href":"https:\/\/die-webzeitung.de\/stuttgart\/wp-json\/wp\/v2\/comments?post=155946"}],"version-history":[{"count":1,"href":"https:\/\/die-webzeitung.de\/stuttgart\/wp-json\/wp\/v2\/posts\/155946\/revisions"}],"predecessor-version":[{"id":155948,"href":"https:\/\/die-webzeitung.de\/stuttgart\/wp-json\/wp\/v2\/posts\/155946\/revisions\/155948"}],"wp:featuredmedia":[{"embeddable":true,"href":"https:\/\/die-webzeitung.de\/stuttgart\/wp-json\/wp\/v2\/media\/155947"}],"wp:attachment":[{"href":"https:\/\/die-webzeitung.de\/stuttgart\/wp-json\/wp\/v2\/media?parent=155946"}],"wp:term":[{"taxonomy":"category","embeddable":true,"href":"https:\/\/die-webzeitung.de\/stuttgart\/wp-json\/wp\/v2\/categories?post=155946"},{"taxonomy":"post_tag","embeddable":true,"href":"https:\/\/die-webzeitung.de\/stuttgart\/wp-json\/wp\/v2\/tags?post=155946"}],"curies":[{"name":"wp","href":"https:\/\/api.w.org\/{rel}","templated":true}]}}