{"id":155939,"date":"2025-04-28T10:01:33","date_gmt":"2025-04-28T09:01:33","guid":{"rendered":"https:\/\/die-webzeitung.de\/stuttgart\/?p=155939"},"modified":"2025-05-04T10:40:13","modified_gmt":"2025-05-04T09:40:13","slug":"polizei-report-kreis-esslingen-woche-18-5","status":"publish","type":"post","link":"https:\/\/die-webzeitung.de\/stuttgart\/2025\/04\/28\/polizei-report-kreis-esslingen-woche-18-5\/","title":{"rendered":"Polizei-Report Kreis Esslingen | Woche 18"},"content":{"rendered":"<p><em>Quelle: ots<\/em><\/p>\n<p style=\"text-align: justify;\"><strong>Ostfildern-Scharnhausen: Trockner in Brand geraten<br \/>\n<\/strong>Aus bislang unbekannter Ursache ist es am Samstagmorgen in Scharnhausen zu einem Brand eines W\u00e4schetrockners gekommen. Der Brand wurde kurz nach 10.00 Uhr gemeldet, woraufhin die Rettungskr\u00e4fte in die Bernh\u00e4user Stra\u00dfe entsandt wurden. Aufgrund des Feuers im Keller kam es zu einer starken Rauchentwicklung in dem Einfamilienhaus, woraufhin es einer 20-j\u00e4hrigen Bewohnerin nicht mehr gelang, das Geb\u00e4ude selbstst\u00e4ndig zu verlassen. Die Bewohnerin musste von der Feuerwehr, welche mit f\u00fcnf Fahrzeugen und 31 Einsatzkr\u00e4ften im Einsatz war, mittels Leiter aus dem ersten Obergeschoss des Geb\u00e4udes gerettet werden. Die Bewohnerin zog sich durch Rauchgase leichte Verletzungen zu und wurde vom Rettungsdienst, welcher mit zwei Fahrzeugen und vier Einsatzkr\u00e4ften vor Ort war, zur medizinischen Versorgung in eine Klinik gebracht. Durch den Brand entstand ein Sachschaden von insgesamt circa 40.000 Euro. Das Polizeirevier Filderstadt hat die Ermittlungen zur Brandursache aufgenommen.<\/p>\n<p style=\"text-align: justify;\"><strong>Wendlingen a.N.: Raub (Zeugenaufruf)<br \/>\n<\/strong>Am Samstagmittag ist es am Bahnhof in Wendlingen zu einem Handtaschenraub gekommen. Ein 86-J\u00e4hriger befand sich gegen 13.30 Uhr zwischen den Bereichen B und C am Gleis 12, als er von einem bislang unbekannten und vermummten T\u00e4ter angegangen wurde. Dieser entriss ihm eine braune Ledertasche und rannte davon. Der 86-J\u00e4hrige zog sich dabei Verletzungen an den H\u00e4nden zu und st\u00fcrzte in der Folge. Er wurde zur weiteren Untersuchung in ein nahegelegenes Krankenhaus gebracht. Zeugen, die den Vorgang beobachtet haben oder Hinweise auf den T\u00e4ter geben k\u00f6nnen, werden gebeten sich beim Polizeirevier N\u00fcrtingen unter Telefon 07022\/92240 zu melden.<\/p>\n<p style=\"text-align: justify;\"><strong>Bempflingen: Sieben Verletzte nach folgenschwerem Verkehrsunfall<br \/>\n<\/strong>Sieben zum Teil schwerverletzte Personen und Sachschaden in H\u00f6he von circa 60.000 Euro sind die Folgen eines Verkehrsunfalls, welcher sich am Samstagnachmittag auf der Bundesstra\u00dfe B312 ereignet hat. Gegen 15.00 Uhr befuhr ein 48-j\u00e4hriger Fahrer eines Nissan Quashqai die B312 von Neckartenzlingen kommend in Fahrtrichtung Metzingen. Auf H\u00f6he des Industriegebiets &#8220;Br\u00fchl&#8221; kam dieser aus bislang ungekl\u00e4rter Ursache nach links auf die Gegenfahrspur und kollidierte zun\u00e4chst mit einem PKW, Daimler, eines 58-J\u00e4hrigen. Dieser kam aufgrund der Kollision nach rechts von der Fahrbahn ab, \u00fcberschlug sich und kam auf dem Dach liegend zum Endstand. Hierbei verletzte sich der Fahrzeugf\u00fchrer, sowie seine 53-j\u00e4hrige Beifahrerin leicht. In der Folge kam es au\u00dferdem zu einer Kollision zwischen dem Nissan und einem weiteren entgegenkommenden PKW, VW Golf, welcher hinter dem Daimler ebenfalls in Fahrtrichtung Stuttgart fuhr und von einem 23-j\u00e4hrigen Fahrzeugf\u00fchrer gelenkt wurde. Alle vier Insassen im Alter zwischen 23 und 25 Jahren wurden schwer verletzt. Alle sieben Verletzte wurden vom Rettungsdienst in umliegende Krankenh\u00e4user verbracht. Im Einsatz befand sich auch ein Rettungshubschrauber. Die Fahrzeuge waren nicht mehr fahrbereit und mussten abgeschleppt werden. W\u00e4hrend der Unfallaufnahme war die Bundesstra\u00dfe bis gegen 17.45 Uhr voll gesperrt. Eine \u00f6rtliche Umleitung wurde eingerichtet. Es kam zu leichten Verkehrsbehinderungen. Die Feuerwehr Bempflingen war mit drei Fahrzeugen und 27 Einsatzkr\u00e4ften und der Rettungsdienst mit 14 Fahrzeugen und 33 Einsatzkr\u00e4ften vor Ort. Au\u00dferdem war die Stra\u00dfenmeisterei im Einsatz. Die Verkehrspolizei Esslingen hat die weiteren Ermittlungen zum Unfallhergang aufgenommen.<\/p>\n<p style=\"text-align: justify;\"><strong>Aichtal: Ein Leichtverletzter nach Balkonbrand<br \/>\n<\/strong>Sachschaden in H\u00f6he von circa 30.000 Euro ist die Folge eines Brandes an einem Balkon eines Mehrfamilienhauses. Am Samstagabend gegen 19.30 Uhr teilte ein Anwohner einen Brandausbruch auf einem Balkon in der Gr\u00f6tzinger Stra\u00dfe in Aichtal-Aich der Rettungsleitstelle mit. Der 34-j\u00e4hrige Hausbewohner wurde auf den Brand aufmerksam gemacht und versuchte zun\u00e4chst noch, den Brand eigenst\u00e4ndig zu l\u00f6schen, was jedoch missgl\u00fcckte. Der Brand breitete sich auf den dar\u00fcber liegenden Balkon aus und zog diesen ebenfalls in Mitleidenschaft. Die Feuerwehrabteilungen aus Aichtal und Filderstadt konnten den Brand schlie\u00dflich l\u00f6schen. Der Hausbewohner erlitt leichte Verletzungen und wurde vor Ort vom Rettungsdienst versorgt. Die Ermittlungen zur genauen Brandursache dauern an. Das Wohnhaus war weiterhin bewohnbar. Die Feuerwehr war mit insgesamt sieben Fahrzeugen im Einsatz.<\/p>\n<p style=\"text-align: justify;\"><strong>Wernau a.N.: Fahrl\u00e4ssige Brandstiftung mit zwei Verletzten<br \/>\n<\/strong>Wegen des Verdachts der fahrl\u00e4ssigen Brandstiftung ermittelt die Polizei gegen einen 18-J\u00e4hrigen nach einem Brandgeschehen in der Nacht zum Sonntag in einem Gartenhaus auf einem Flurst\u00fcck an der Br\u00fchlstra\u00dfe. Vermutlich infolge einer entz\u00fcndeten Zigarette, geriet im Untergeschoss des Gartenhauses gegen 23.25 Uhr ein Benzinkanister w\u00e4hrend Geburtstagsfeierlichkeiten in Brand. Hierdurch wurde der 18-j\u00e4hrige Verursacher leicht an der Hand sowie ein weiterer 18-J\u00e4hriger schwer im Gesicht verletzt. Ein 17-J\u00e4hriger, welcher sich ebenfalls in dem Raum befand, wurde nicht verletzt. In der Folge gerieten die R\u00e4umlichkeiten in Brand. Die drei Personen konnten das Geb\u00e4ude eigenst\u00e4ndig verlassen. Die beiden Verletzten wurden vom Rettungsdienst behandelt und in ein nahegelegenes Klinikum gebracht. Die \u00fcbrigen 32 G\u00e4ste wurden vom Rettungsdienst, welcher insgesamt mit sieben Fahrzeugen und 13 Einsatzkr\u00e4ften vor Ort war, ebenfalls vorsorglich untersucht, verblieben jedoch unverletzt. Die Feuerwehr Wernau, welche mit zahlreichen Kr\u00e4ften vor Ort war, konnte eine weitere Ausbreitung des Brandes verhindern. Am Geb\u00e4ude entstand ein Sachschaden von circa 15.000 Euro. Die Ermittlungen werden vom Polizeirevier Kirchheim unter Teck gef\u00fchrt.<\/p>\n<p style=\"text-align: justify;\"><strong>Esslingen: Streit endet im Krankenhaus<br \/>\n<\/strong>Eine Platzwunde, ein Aufenthalt im Krankenhaus und ein Ermittlungsverfahren wegen K\u00f6rperverletzung sind das Resultat einer Auseinandersetzung zwischen zwei alkoholisierten Personen, welche sich am fr\u00fchen Samstagmorgen im Bereich des Bahnhofsvorplatzes in Esslingen ereignet hat. Gegen 4.45 Uhr waren ein 39-J\u00e4hriger und ein 20-J\u00e4hriger in einer Kneipe am Bahnhof Esslingen in Streit geraten. Nachdem sie der Kneipe verwiesen wurden, ging die verbale Auseinandersetzung auf dem Bahnhofsvorplatz weiter. Hierbei schlug der 20-j\u00e4hrige Mann mit der Faust mehrfach auf den 39-J\u00e4hrigen ein. Bei der Sachverhaltsaufnahme durch die hinzugerufene Streifenwagenbesatzung konnte bei beiden Personen eine erhebliche Alkoholisierung von jeweils beinahe zwei Promille festgestellt werden. Der 39-J\u00e4hrige wurde durch den Rettungsdienst in eine Klink verbracht. Der 20-j\u00e4hrige Mann sieht nun einer Strafanzeige wegen K\u00f6rperverletzung entgegen, konnte jedoch im Anschluss an die polizeiliche Sachverhaltsaufnahme den Nachhauseweg antreten.<\/p>\n<p style=\"text-align: justify;\"><strong>N\u00fcrtingen: Nach K\u00f6rperverletzung Widerstand geleistet<br \/>\n<\/strong>Wegen mehrerer Straftaten ermittelt das Polizeirevier N\u00fcrtingen gegen einen 35-J\u00e4hrigen, welcher am Freitagnacht erst eine K\u00f6rperverletzung gegen einen 36-J\u00e4hrigen beging und im weiteren Verlauf gegen die polizeilichen Ma\u00dfnahmen der einschreitenden Polizeibeamten Widerstand leistete. Am Freitagnacht gegen 22 Uhr war der 35-J\u00e4hrige mit einem 36-J\u00e4hrigen in der Metzinger Stra\u00dfe in Streit geraten. In dessen Verlauf schlug der 35-J\u00e4hrige mehrmals auf den 36-J\u00e4hrigen ein, weshalb die Polizei alarmiert wurde. W\u00e4hrend der polizeilichen Ma\u00dfnahmen leistete der 35-J\u00e4hrige erheblichen Widerstand, bei welchem gl\u00fccklicherweise keine Personen verletzt wurden. Da bei dem renitenten 35-J\u00e4hrigen zudem eine deutliche Alkoholbeeinflussung festgestellt werden konnte, verbrachte er die Nacht in einer Gewahrsamseinrichtung. Der 36-J\u00e4hrige wurde durch die Schl\u00e4ge leicht verletzt und nach einer ersten Versorgung durch den Rettungsdienst zur medizinischen Versorgung in eine Klinik verbracht.<\/p>\n<p style=\"text-align: justify;\"><strong>Notzingen: Brandentwicklung beim Entfernen von Unkraut<br \/>\n<\/strong>Starke Rauchentwicklung hat am vergangenen Freitagnachmittag in Notzingen f\u00fcr einen Einsatz von Feuerwehr und Polizei gesorgt. Gegen 13.40 Uhr gingen mehrere Notrufe wegen einer brennenden Hecke im Bereich der Rechbergstra\u00dfe ein. Da vorerst nicht klar war, ob das Feuer auf ein angrenzendes Wohnhaus \u00fcbergreifen k\u00f6nnte wurde ein Gro\u00dfaufgebot der Feuerwehr an die Einsatz\u00f6rtlichkeit entsandt. Die Feuerwehr Notzingen konnte nach dem Eintreffen mit vier Fahrzeugen und insgesamt 21 Einsatzkr\u00e4ften den Brand auf die Hecke begrenzen und ein \u00dcbergreifen verhindern. Die zudem auf Anfahrt befindliche Feuerwehr aus Kirchheim, welche mit zwei Fahrzeugen und zw\u00f6lf Einsatzkr\u00e4ften besetzt waren, konnten daraufhin wieder abbestellt werden. Ursache f\u00fcr den Brand war das Hantieren mit einem Bunsenbrenner, um die Garageneinfahrt von Unkraut zu befreien. Aufgrund der hohen Hitzeentwicklung hatte sich in der Folge die unmittelbar daneben befindliche Hecke entz\u00fcndet. Durch den Brand wurden letztlich ungef\u00e4hr 40 Thuja-Pflanzen zerst\u00f6rt. Am angrenzenden Garagentor kam es lediglich zu Ru\u00dfantragung. Bewohner der Nachbarschaft waren zu keinem Zeitpunkt in Gefahr. Der Sachschaden kann zum aktuellen Stand noch nicht beziffert werden.<\/p>\n<p style=\"text-align: justify;\"><strong>Aichtal: Hochbeet in Brand geraten<br \/>\n<\/strong>Zu einem Brand auf einem Balkon sind Feuerwehr und Polizei am Freitagmorgen in die Adalbert-Stifter-Stra\u00dfe ausger\u00fcckt. Ersten Erkenntnissen zufolge waren mehrere Zigarettenstummel in einem dortigen Beet abgelegt worden, das daraufhin stark zu rauchen begann und in Brand geriet. Ein Nachbar, der auf die Situation aufmerksam geworden war, w\u00e4hlte gegen 7.30 Uhr den Notruf. Die umliegenden Feuerwehren r\u00fcckten daraufhin an und l\u00f6schten die Flammen. Dank der Meldung des Anwohners und der L\u00f6scharbeiten der Feuerwehr konnte ein \u00dcbergreifen des Brandes verhindert werden. Der Schaden am Hochbeet bel\u00e4uft sich auf rund 200 Euro. Verletzt wurde niemand.<\/p>\n<p style=\"text-align: justify;\"><strong>Esslingen: Ohne Fahrerlaubnis Unfall verursacht<br \/>\n<\/strong>Ein Verletzter, sch\u00e4tzungsweise 19.000 Euro Blechschaden sowie zwei nicht mehr fahrtaugliche Autos sind die Bilanz eines Verkehrsunfalls am Mittwochmorgen. Gegen 7.45 Uhr war ein 57 Jahre alter Mann, den derzeitigen Ermittlungen zufolge ohne erforderliche Fahrerlaubnis, mit einem Mercedes auf der Hegensberger Stra\u00dfe in Richtung Schorndorfer Stra\u00dfe unterwegs. Dabei kollidierte er mit einem am rechten Fahrbahnrand geparkten Mercedes und kam auf der Gegenfahrspur zum Stehen. Beim Zusammensto\u00df erlitt der 57-J\u00e4hrige nach aktuellem Kenntnisstand leichte Verletzungen. Beide Autos mussten abgeschleppt werden.<\/p>\n<p style=\"text-align: justify;\"><strong>Esslingen: Mit Pkw von der Stra\u00dfe abgekommen<br \/>\n<\/strong>Ein 69-J\u00e4hriger ist am Mittwochmorgen mit seinem Fahrzeug von der Alleenstra\u00dfe abgekommen. Zeugenangaben zufolge hatte der Mann gegen 8.10 Uhr mit seinem Seat offenbar unvermittelt im Bereich der Bushaltestelle K\u00f6rschstra\u00dfe angehalten und beschleunigte anschlie\u00dfend stark. Im Bereich mit der Einm\u00fcndung mit der Stra\u00dfe Am Alten Neckar \u00fcberfuhr der Pkw in der Folge mehrere Gr\u00fcnfl\u00e4chen und kollidierte mit einem Verkehrszeichenmast sowie den Z\u00e4unen zweier nebeneinanderliegenden Grundst\u00fccken, an denen der Seat zum Stehen kam. Zeugen k\u00fcmmerten sich um den bewusstlosen Fahrer, der zur weiteren Behandlung vom Rettungsdienst ins Krankenhaus gebracht wurde. Der Seat musste abgeschleppt werden. Den entstandenen Sachschaden sch\u00e4tzt die Polizei auf rund 11.000 Euro.<\/p>\n<p style=\"text-align: justify;\"><strong>Filderstadt: Schwerverletzte bei Verkehrsunfall in Bernhausen<br \/>\n<\/strong>Ein Verkehrsunfall mit einer Schwerverletzten hat sich am Dienstagnachmittag in Bernhausen ereignet. Kurz nach 15 Uhr befuhr ein 63 Jahre alter Mann mit einem Opel die Johannesstra\u00dfe in Richtung Aicher Stra\u00dfe und querte hierbei die Martinstra\u00dfe. Eine dort von rechts kommende und vorfahrtsberechtigte, 74-j\u00e4hrige Pedelec-Lenkerin kam daraufhin zu Fall und zog sich ersten Erkenntnissen zufolge schwere Verletzungen zu. Ob es zu einer Kollision mit dem Auto gekommen war, steht noch nicht fest. Die Seniorin musste vom Rettungsdienst nachfolgend in eine Klinik eingeliefert werden. Der Schaden am Pedelec betr\u00e4gt sch\u00e4tzungsweise mehrere hundert Euro.<\/p>\n<p style=\"text-align: justify;\"><strong>N\u00fcrtingen: Mit Pedelec kollidiert<br \/>\n<\/strong>Bei einem Verkehrsunfall am Dienstagnachmittag hat eine 61-j\u00e4hrige Pedelec-Fahrerin leichte Verletzungen erlitten. Die Frau wartete gegen 16.15 Uhr an der Kreuzung Galgenbergstra\u00dfe \/ Neckarstra\u00dfe vor der Rotlicht zeigenden Ampelanlage. Nachdem diese auf Gr\u00fcn geschaltete hatte, wollte die 61-J\u00e4hrige geradeaus \u00fcber die Kreuzung fahren, wurde jedoch hierbei von einer 68-j\u00e4hrigen Renault-Lenkerin \u00fcbersehen, die ihrerseits von der Galgenbergstra\u00dfe nach rechts abbiegen wollte. Infolge der anschlie\u00dfenden Kollision st\u00fcrzte die 61 Jahre alte Radlerin auf die Fahrbahn und musste durch den Rettungsdienst zur Behandlung in ein Krankenhaus gebracht werden.<\/p>\n<p style=\"text-align: justify;\"><strong>N\u00fcrtingen: St\u00f6rer in Gewahrsam genommen<br \/>\n<\/strong>Das Polizeirevier N\u00fcrtingen ermittelt seit Dienstagnachmittag gegen einen 38-J\u00e4hrigen unter anderem wegen Widerstand gegen Vollstreckungsbeamte und Beleidigung. Der deutlich alkoholisierte Mann konnte von Passanten gegen 16 Uhr vor einem Gesch\u00e4ft in der Uhlandstra\u00dfe auf dem Boden liegend angetroffen werden. Der 38-J\u00e4hrige erhielt in der Folge von einer Streifenbesatzung des Polizeireviers N\u00fcrtingen einen Platzverweis, den er mit Beleidigungen und auf den Bodenspuken quittierte. Eine Stunde sp\u00e4ter wurden die Beamten abermals an die \u00d6rtlichkeit gerufen, da der Mann sich dort erneut auf den Boden gelegt hatte. Gegen die anschlie\u00dfende Ingewahrsamnahme leistete der Alkoholisierte Widerstand und beleidigte wiederholt die Beamten. Im weiteren Verlauf musste er aufgrund seines psychischen Zustandes in einer Fachklinik untergebracht werden. Ihn erwarten nun gleich mehrere Strafanzeigen.<\/p>\n<p style=\"text-align: justify;\"><strong>Ostfildern-Nellingen: Brand von Holzstapel<br \/>\n<\/strong>Aus bislang unbekannter Ursache ist am Montagmorgen, gegen 8.45 Uhr, auf einem Gartengrundst\u00fcck ein Holzstapel in Brand geraten. Dadurch wurden auch eine in der N\u00e4he befindliche PV-Anlage sowie ein Baum leicht in Mitleidenschaft gezogen. Durch die Feuerwehr konnte der Brand gel\u00f6scht werden. Ersten Erkenntnissen zufolge d\u00fcrfte nur geringer Schaden entstanden sein. Verletzt wurde niemand.<\/p>\n<p style=\"text-align: justify;\"><strong>Wolfschlugen: Nach Sturz in Klinik gebracht<br \/>\n<\/strong>Eine Seniorin ist bei einem Verkehrsunfall am Montagnachmittag verletzt worden. Die 81 Jahre alte Frau befuhr mit ihrem Fahrrad gegen 15.30 Uhr den Bereich N\u00fcrtinger Stra\u00dfe \/ Waldweg und geriet hierbei offenbar gegen den Bordstein. Anschlie\u00dfend kam sie zu Fall. Aufgrund ihrer beim Sturz erlittenen Verletzungen wurde die Seniorin vom Rettungsdienst zur weiteren Untersuchung und Behandlung in eine Klinik gebracht.<\/p>\n<p style=\"text-align: justify;\"><strong>N\u00fcrtingen: Zeugen zu Auseinandersetzung gesucht<br \/>\n<\/strong>Das Polizeirevier N\u00fcrtingen sucht Zeugen zu einer Auseinandersetzung am Montagabend auf einem Bolzplatz im Bereich einer Schule in der M\u00fchlstra\u00dfe. Ein Zeuge alarmierte gegen 21.15 Uhr die Polizei nachdem dort etwa 20 bis 30 Jugendliche aufeinander eingeschlagen und -getreten haben sollen. Anschlie\u00dfend fl\u00fcchteten diese zu Fu\u00df und mit Fahrr\u00e4dern in Richtung Festplatz sowie einem Mercedes in unbekannte Richtung. Die eingesetzten Streifenwagenbesatzungen konnten vor Ort keine Personen mehr feststellen. Im Zuge der eingeleiteten Fahndung f\u00fchrten die Beamten mehrere Personen- sowie Fahrzeugkontrollen durch. Inwieweit die kontrollierten Personen an der Auseinandersetzung beteiligt gewesen sein k\u00f6nnten, ist Gegenstand der Ermittlungen. Sachdienliche Hinweise werden unter Telefon 07022\/9224-0 erbeten.<\/p>\n<p style=\"text-align: justify;\"><strong>Neidlingen: Unter Alkoholeinfluss mit geparkten Fahrzeugen kollidiert<br \/>\n<\/strong>Ein alkoholisierter Jugendlicher ist am Montagabend mit dem Fahrzeug einer Angeh\u00f6rigen gegen mehrere geparkte Pkw geprallt. Gegen 19.50 Uhr fuhr der 16-J\u00e4hrige mit einem Toyota in der Lichtensteinstra\u00dfe r\u00fcckw\u00e4rts und kollidierte dabei mit drei am rechten Fahrbahnrand geparkten Pkw. Dabei entstand Sachschaden in H\u00f6he von rund 12.000 Euro. Wie sich herausstellte, hatte der Jugendliche das Auto einer Angeh\u00f6rigen offenbar ohne deren Wissen in Betrieb genommen. Zudem ergaben sich im Zuge der Unfallaufnahme Hinweise auf eine alkoholische Beeinflussung des 16-J\u00e4hrigen. Ein entsprechender Test ergab einen vorl\u00e4ufigen Wert von \u00fcber zwei Promille. Er musste daher eine Blutprobe abgeben und sieht nun entsprechenden Strafanzeigen entgegen.<\/p>\n<p style=\"text-align: justify;\"><strong>Lenningen: Biker gest\u00fcrzt<br \/>\n<\/strong>Nach ersten Erkenntnissen schwere Verletzungen hat ein 19 Jahre alter Motorradfahrer bei einem Verkehrsunfall am Montagabend an der K1247 erlitten. Der Biker befuhr gegen 19.30 Uhr mit einer KTM die Kreisstra\u00dfe von Schopfloch herkommend in Richtung der Ruine Reu\u00dfenstein. Im Bereich eines dortigen Parkplatzes rutschte er nach derzeitigem Kenntnisstand aus unbekanntem Grund zur Seite und fuhr in der Folge in die Wiese rechts neben der Stra\u00dfe. Dort fuhr der 19-J\u00e4hrige bis zu einem Feldweg weiter, \u00fcber den er in der Folge versehentlich schanzte und schlie\u00dflich st\u00fcrzte. Der Rettungsdienst brachte ihn zur weiteren Behandlung ins Krankenhaus. An der KTM entstand Sachschaden in H\u00f6he von etwa 500 Euro.<\/p>\n<p style=\"text-align: justify;\"><strong>Kohlberg: M\u00fclleimer gesprengt<br \/>\n<\/strong>Ein Hundekotm\u00fclleimer ist am Montagabend in Kohlberg von zwei jungen M\u00e4nnern gesprengt worden. Kurz vor 20.30 Uhr beobachtete eine aufmerksame Zeugin die beiden Heranwachsenden, wie sie mit zwei B\u00f6llern den M\u00fclleimer im Erschweg zerst\u00f6rten und sich die Hundekotbeutel auf der Stra\u00dfe verteilten. Bis zum Eintreffen der Polizei vor Ort, waren die zun\u00e4chst unbekannten Tatverd\u00e4chtigen gefl\u00fcchtet. Aufgrund von Zeugenangaben und Ermittlungen der Beamten des Polizeireviers N\u00fcrtingen konnten zwei Heranwachsende im Alter von 18 und 19 Jahren ermittelt werden. Der Schaden wird auf 200 Euro gesch\u00e4tzt.<\/p>\n<p style=\"text-align: justify;\"><strong>Filderstadt: Mutma\u00dflicher Einbrecher festgenommen<\/strong><br \/>\nAuf frischer Tat hat die Polizei in der Nacht zum Freitag (25.04.2025) einen 36-J\u00e4hrigen nach einem Einbruch in einen Discounter im Stadtteil Bernhausen festgenommen.<br \/>\nKurz nach Mitternacht war die Polizei von Zeugen alarmiert worden, die einen Mann dabei beobachtet hatten, der offensichtlich gewaltsam in einen Einkaufsmarkt in der Karlstra\u00dfe eindringen wollte. Im Verlauf der sofort eingeleiteten Fahndungsma\u00dfnahmen konnte der 36-j\u00e4hrige mutma\u00dfliche Einbrecher noch im Gesch\u00e4ft samt dem Diebesgut angetroffen und festgenommen werden.<br \/>\nWie sich herausstellte, war der polizeibekannte und einschl\u00e4gig vorbestrafte Mann bereits am Ostersonntagmorgen nach dem Einbruch in einen Discounter in Reutlingen auf frischer Tat angetroffen und nach einer Ausn\u00fcchterung zun\u00e4chst wieder auf freien Fu\u00df gesetzt worden (siehe Pressemeldung von 20.04.2025 \/ 12.27 Uhr).<br \/>\nDer wohnsitzlose deutsche Staatsangeh\u00f6rige wurde am Freitagmittag dem Haftrichter beim Amtsgericht N\u00fcrtingen vorgef\u00fchrt. Dieser erlie\u00df den von der Staatsanwaltschaft Stuttgart beantragten Haftbefehl und setzte ihn in Vollzug. Der 36-J\u00e4hrige wurde in eine Justizvollzugsanstalt eingeliefert.<\/p>\n<p style=\"text-align: justify;\"><strong>Wendlingen: Baum und M\u00fclleimer in Brand gesetzt<br \/>\n<\/strong>Wegen des Verdachts der Sachbesch\u00e4digung durch Brandlegung ermittelt der Polizeiposten Wendlingen seit Sonntagvormittag gegen einen Unbekannten, der am Sch\u00e4ferhauser See einen Baum und einen M\u00fclleimer angez\u00fcndet hat. Ein Zeuge hatte kurz nach 10.30 Uhr an einem Fu\u00dfweg von der Neckarstra\u00dfe herkommend den glimmenden Baum und die kokelnde Holzverkleidung des M\u00fclleimers entdeckt. Die Feuerwehr, die mit einem Fahrzeug und sieben Einsatzkr\u00e4ften anr\u00fcckte, l\u00f6schte beides. Der entstandene Sachschaden wird auf rund 2.000 Euro gesch\u00e4tzt.<\/p>\n<p style=\"text-align: justify;\"><strong>Kirchheim: Rauchentwicklung an Pkw<br \/>\n<\/strong>Wohl ein technischer Defekt hat am Sonntagmorgen zum Ausr\u00fccken der Einsatzkr\u00e4fte von Feuerwehr und Polizei zu einem Parkplatz am Eugen-Gerstenmaier-Platz gef\u00fchrt. Ein Autofahrer hatte seinen Renault dort gegen 7.50 Uhr abgestellt, als dieser pl\u00f6tzlich zu rauchen begann. Die Feuerwehr, die mit drei Fahrzeugen und 18 Einsatzkr\u00e4ften vor Ort war, k\u00fchlte den Motor und l\u00f6schte den Brand.<\/p>\n<p style=\"text-align: justify;\"><strong>Neckarhausen: Erfolgreiche Vermisstensuche mit Polizeihubschrauber<br \/>\n<\/strong>Die Polizei hat ab Sonntagnachmittag unter anderem im Bereich von Neckarhausen, Neckartailfingen und Neckartenzlingen nach einem vermissten Mann gesucht. Dabei kam auch ein Polizeihubschrauber zum Einsatz. Im Zuge der intensiven Suchma\u00dfnahmen konnte der Mann gegen 19.30 Uhr an der B297 gesund angetroffen und zur\u00fcck in sein Seniorenheim gebracht werden.<\/p>\n<p style=\"text-align: justify;\"><strong>Esslingen: Fahr\u00fcbungen enden mit mehreren Strafanzeigen<br \/>\n<\/strong>Das Polizeirevier Esslingen ermittelt wegen verschiedener Verkehrsdelikte gegen ein P\u00e4rchen, das am Sonntagabend auf einem Parkplatz in der Obert\u00fcrkheimer Stra\u00dfe mit einem Pkw Fahr\u00fcbungen unternommen hat. Zeugen hatten gegen 20.15 Uhr die Polizei verst\u00e4ndigt, da ihnen die auff\u00e4llige Fahrweise einer Frau in einem VW verd\u00e4chtig vorkam. Die Beamten trafen kurze Zeit sp\u00e4ter den Pkw fahrend an, wobei die Frau nun als Beifahrerin fungierte und der Wagen durch einen 24 Jahre alten Mann gelenkt wurde. Es stellte sich heraus, dass dessen F\u00fchrerschein zur Einziehung anstand, woraufhin das Dokument beschlagnahmt wurde. Zudem stellten die Polizeibeamten bei dem 24-J\u00e4hrigen eine Beeinflussung von Bet\u00e4ubungsmitteln fest, weshalb er in der Folge eine Blutprobe abgeben musste. Die weiteren Ermittlungen ergaben, dass seine 23-j\u00e4hrige Begleiterin zuvor ebenfalls das Fahrzeug gelenkt hatte, sie jedoch nicht im Besitz einer g\u00fcltigen Fahrerlaubnis ist.<\/p>\n<hr \/>\n<p style=\"text-align: justify;\">\n","protected":false},"excerpt":{"rendered":"<p>Quelle: ots Ostfildern-Scharnhausen: Trockner in Brand geraten Aus bislang unbekannter Ursache ist es am Samstagmorgen in Scharnhausen zu einem Brand eines W\u00e4schetrockners gekommen. Der Brand wurde kurz nach 10.00 Uhr gemeldet, woraufhin die Rettungskr\u00e4fte in die Bernh\u00e4user Stra\u00dfe entsandt wurden. Aufgrund des Feuers im Keller kam es zu einer starken Rauchentwicklung in dem Einfamilienhaus, woraufhin [&hellip;]<\/p>\n","protected":false},"author":4,"featured_media":152245,"comment_status":"closed","ping_status":"open","sticky":false,"template":"","format":"standard","meta":{"inline_featured_image":false,"_exactmetrics_skip_tracking":false,"_exactmetrics_sitenote_active":false,"_exactmetrics_sitenote_note":"","_exactmetrics_sitenote_category":0,"footnotes":""},"categories":[11240],"tags":[14857,14440,68,205,1625,9],"class_list":{"0":"post-155939","1":"post","2":"type-post","3":"status-publish","4":"format-standard","5":"has-post-thumbnail","7":"category-region-esslingen","8":"tag-die-webzeitung","9":"tag-esslingen","10":"tag-online-zeitung","11":"tag-polizei","12":"tag-report","13":"tag-schaumedia"},"image_feature":"https:\/\/die-webzeitung.de\/stuttgart\/wp-content\/uploads\/sites\/4\/2024\/02\/Polizei-Pix-scaled.jpg","author_name":"Redaktion","pure_taxonomies":{"categories":[{"term_id":11240,"name":"Polizei-Report Esslingen","slug":"region-esslingen","term_group":0,"term_taxonomy_id":11278,"taxonomy":"category","description":"Polizeiberichte aus der Region des Landkreises Esslingen","parent":1619,"count":69,"filter":"raw","image":""}],"tags":[{"term_id":14857,"name":"Die-Webzeitung","slug":"die-webzeitung","term_group":0,"term_taxonomy_id":14876,"taxonomy":"post_tag","description":"","parent":0,"count":3625,"filter":"raw","image":""},{"term_id":14440,"name":"Esslingen","slug":"esslingen","term_group":0,"term_taxonomy_id":3885,"taxonomy":"post_tag","description":"","parent":0,"count":202,"filter":"raw","image":""},{"term_id":68,"name":"Online-Zeitung","slug":"online-zeitung","term_group":0,"term_taxonomy_id":69,"taxonomy":"post_tag","description":"","parent":0,"count":3595,"filter":"raw","image":""},{"term_id":205,"name":"Polizei","slug":"polizei","term_group":0,"term_taxonomy_id":208,"taxonomy":"post_tag","description":"","parent":0,"count":277,"filter":"raw","image":""},{"term_id":1625,"name":"Report","slug":"report","term_group":0,"term_taxonomy_id":1634,"taxonomy":"post_tag","description":"","parent":0,"count":210,"filter":"raw","image":""},{"term_id":9,"name":"SchauMedia","slug":"schaumedia","term_group":0,"term_taxonomy_id":9,"taxonomy":"post_tag","description":"","parent":0,"count":1607,"filter":"raw","image":""}]},"_links":{"self":[{"href":"https:\/\/die-webzeitung.de\/stuttgart\/wp-json\/wp\/v2\/posts\/155939","targetHints":{"allow":["GET"]}}],"collection":[{"href":"https:\/\/die-webzeitung.de\/stuttgart\/wp-json\/wp\/v2\/posts"}],"about":[{"href":"https:\/\/die-webzeitung.de\/stuttgart\/wp-json\/wp\/v2\/types\/post"}],"author":[{"embeddable":true,"href":"https:\/\/die-webzeitung.de\/stuttgart\/wp-json\/wp\/v2\/users\/4"}],"replies":[{"embeddable":true,"href":"https:\/\/die-webzeitung.de\/stuttgart\/wp-json\/wp\/v2\/comments?post=155939"}],"version-history":[{"count":9,"href":"https:\/\/die-webzeitung.de\/stuttgart\/wp-json\/wp\/v2\/posts\/155939\/revisions"}],"predecessor-version":[{"id":156024,"href":"https:\/\/die-webzeitung.de\/stuttgart\/wp-json\/wp\/v2\/posts\/155939\/revisions\/156024"}],"wp:featuredmedia":[{"embeddable":true,"href":"https:\/\/die-webzeitung.de\/stuttgart\/wp-json\/wp\/v2\/media\/152245"}],"wp:attachment":[{"href":"https:\/\/die-webzeitung.de\/stuttgart\/wp-json\/wp\/v2\/media?parent=155939"}],"wp:term":[{"taxonomy":"category","embeddable":true,"href":"https:\/\/die-webzeitung.de\/stuttgart\/wp-json\/wp\/v2\/categories?post=155939"},{"taxonomy":"post_tag","embeddable":true,"href":"https:\/\/die-webzeitung.de\/stuttgart\/wp-json\/wp\/v2\/tags?post=155939"}],"curies":[{"name":"wp","href":"https:\/\/api.w.org\/{rel}","templated":true}]}}