{"id":155937,"date":"2025-04-28T09:28:23","date_gmt":"2025-04-28T08:28:23","guid":{"rendered":"https:\/\/die-webzeitung.de\/stuttgart\/?p=155937"},"modified":"2025-05-02T16:08:30","modified_gmt":"2025-05-02T15:08:30","slug":"polizei-report-kreis-boeblingen-woche-18-5","status":"publish","type":"post","link":"https:\/\/die-webzeitung.de\/stuttgart\/2025\/04\/28\/polizei-report-kreis-boeblingen-woche-18-5\/","title":{"rendered":"Polizei-Report Kreis B\u00f6blingen | Woche 18"},"content":{"rendered":"<p><em>Quelle: ots<\/em><\/p>\n<p style=\"text-align: justify;\"><strong>G\u00e4rtringen-Rohrau: Streit auf dem Maifest eskaliert<\/strong><br \/>\nMit einem aggressiven 28-J\u00e4hrigen bekamen es Einsatzkr\u00e4fte des Polizeireviers Herrenberg am Donnerstag (01.05.2025) gegen 00:40 Uhr auf dem Maifest in Rohrau zu tun. Der 28-J\u00e4hrige war zun\u00e4chst mit einem 35-j\u00e4hrigen Festbesucher in Streit geraten. Der zun\u00e4chst verbale Disput eskalierte und m\u00fcndete in eine handgreifliche Auseinandersetzung. Dabei schlug der 28-J\u00e4hrige seinem Kontrahenten mit der Faust ins Gesicht und verpasste ihm zudem einen Kopfsto\u00df. Angeh\u00f6rige der Feuerwehr Rohrau trennten die beiden Streith\u00e4hne und verst\u00e4ndigten die Polizei, da der 28-J\u00e4hrige mehrfach drohte, den 35-J\u00e4hrigen umzubringen. Auch der Polizeistreife gegen\u00fcber verhielt sich der 28-J\u00e4hrige aggressiv und unkooperativ, weshalb ihm Handschlie\u00dfen angelegt wurden. Nach Abschluss der polizeilichen Ma\u00dfnahmen wurde dem 28-J\u00e4hrigen ein Platzverweis erteilt. Diesem kam er jedoch nicht nach, sondern blieb vielmehr vor Ort und schrie lautstark herum. Er wurde daraufhin in Gewahrsam genommen und musste die Nacht in der Gewahrsamseinrichtung des Polizeireviers verbringen. W\u00e4hrend der polizeilichen Ma\u00dfnahmen kam ein unbeteiligter 31-J\u00e4hriger hinzu, der fortw\u00e4hrend die Einsatzkr\u00e4fte behinderte und mit seinem Handy das Geschehen filmte. Er bekam nach Feststellung seiner Personalien einen Platzverweis erteilt, dem er schlie\u00dflich auch Folge leistete.<\/p>\n<p style=\"text-align: justify;\"><strong>Holzgerlingen: Brand in Wohnung &#8211; mehrere Tausend Euro Sachschaden<\/strong><br \/>\nVermutlich da die Bewohnerin einer Wohnung in einem Mehrfamilienhaus in der Vogelsangstra\u00dfe in Holzgerlingen das eingeschaltete B\u00fcgeleisen vergessen hat, kam es am Dienstagvormittag zu einem Einsatz der Feuerwehr. Die polizeilichen Erkenntnisse deuten daraufhin, dass die Frau ihre Wohnung gegen 10.15 Uhr verlie\u00df und eine gute Stunde sp\u00e4ter wieder nachhause zur\u00fcckkehrte. Hierbei stellte sie fest, dass ein Zimmer ihrer Wohnung stark verraucht war und benachrichtigte einen Nachbarn, der die Feuerwehr alarmierte. Als die Einsatzkr\u00e4fte eintrafen, gab es keine offenen Flammen mehr, jedoch war das Zimmer noch stark erhitzt, so dass L\u00f6schma\u00dfnahmen notwendig waren. Das Zimmer wurde durch den Brand vollst\u00e4ndig zerst\u00f6rt. Die restliche Wohnung blieb, bis auf eine leichtere Rauchkonzentration intakt. Der entstandene Sachschaden wird auf mehrere Tausend Euro gesch\u00e4tzt. Die Ermittlungen dauern an.<\/p>\n<p style=\"text-align: justify;\"><strong>Renningen: Jugendliche bei Verkehrsunfall schwer verletzt<\/strong><br \/>\nZu einem Verkehrsunfall mit einer schwerverletzten Person kam es am Montag (28.04.2025) gegen 13:00 Uhr im Bereich des S\u00fcdbahnhofs in Renningen. Eine 15-j\u00e4hrige E-Scooter-Lenkerin war gemeinsam mit einer 16-j\u00e4hrigen Mitfahrerin auf einem Radweg, welcher parallel zur Stra\u00dfe &#8220;Am Pfarrtor&#8221; verl\u00e4uft, von der Rankbachstra\u00dfe kommend in Richtung S\u00fcdbahnhof unterwegs. Am Ende des Radwegs fuhr die 15-J\u00e4hrige mutma\u00dflich ungebremst auf die Fahrbahn der Stra\u00dfe. Hier kollidierte der E-Scooter mit dem VW eines 44-J\u00e4hrigen, der auf der Stra\u00dfe &#8220;Am Pfarrtor&#8221; vom S\u00fcdbahnhof kommend in Richtung Malmsheimer Stra\u00dfe unterwegs war. W\u00e4hrend die 16-j\u00e4hrige Mitfahrerin noch rechtzeitig vor der Kollision von dem E-Scooter abspringen konnte, erlitt die 15-J\u00e4hrige bei dem Zusammensto\u00df schwere Verletzungen. Die Jugendliche wurde mit dem Rettungshubschrauber in ein Krankenhaus geflogen. Es entstand ein Gesamtsachschaden von rund 3.000 Euro. Die Polizei weist daraufhin, dass die Nutzung eines E-Scooters nur f\u00fcr eine Person zul\u00e4ssig ist.<\/p>\n<p style=\"text-align: justify;\"><strong>Leonberg-Ramtel: aggressiver 24-J\u00e4hriger greift Kontrahenten mit einer Gabel an und leistet Widerstand gegen die Polizei<\/strong><br \/>\nMit einem \u00e4u\u00dferst aggressiven 24-J\u00e4hrigen bekamen es zwei Streifenwagenbesatzungen des Polizeireviers Leonberg am Sonntag (27.04.2025) gegen 21:30 Uhr in der Glemseckstra\u00dfe in Leonberg zu tun. Der Mann war dort aus noch unbekannter Ursache mit einem 32-J\u00e4hrigen in Streit geraten, z\u00fcckte eine Gabel und verletzte den 32-J\u00e4hrigen damit leicht am Oberk\u00f6rper.<br \/>\nIm weiteren Verlauf richtete sich die Aggression des 24-J\u00e4hrigen gegen die zwischenzeitlich hinzugerufenen Einsatzkr\u00e4fte des Polizeireviers Leonberg, die von dem augenscheinlich unter Alkoholeinfluss stehenden Mann unfl\u00e4tig beschimpft und beleidigt wurden. Da der 24-J\u00e4hrige nicht zu beruhigen war und sich vehement weigerte, sich auszuweisen, wurde er zu Boden gebracht und mit Handschlie\u00dfen geschlossen. Gegen die Ma\u00dfnahmen versuchte sich der Tatverd\u00e4chtige unter weiteren lautstarken Beleidigungen zu wehren, was von zwischenzeitlich rund 15 Schaulustigen beobachtet wurde.<br \/>\nBei seiner heftigen Gegenwehr verletzte sich der 24-J\u00e4hrige selbst leicht, weshalb zun\u00e4chst der Rettungsdienst hinzugezogen wurde. Anschlie\u00dfend wurde der Mann zur Pr\u00fcfung seiner Haftf\u00e4higkeit einem Arzt vorgef\u00fchrt und in Gewahrsam genommen. Ihn erwarten nun Strafverfahren wegen der K\u00f6rperverletzung zum Nachteil des 32-J\u00e4hrigen sowie wegen Widerstands gegen Vollstreckungsbeamte und Beleidigung.<\/p>\n<p style=\"text-align: justify;\"><strong>Holzgerlingen: Brand auf Automobilh\u00e4ndler-Gel\u00e4nde<\/strong><br \/>\nAm Montagmorgen (28.04.2025) gegen 01:45 Uhr meldete ein Anwohner ein Feuer im Au\u00dfenbereich eines Automobilauslieferungszentrums in der Daimlerstra\u00dfe in Holzgerlingen. Nachdem Polizei und Feuerwehr eingetroffen waren, konnte festgestellt werden, dass mehrere nebeneinander geparkte Fahrzeuge auf dem Hof des Automobilherstellers, aus bislang ungekl\u00e4rter Ursache, in Brand gerieten und hierbei erheblich besch\u00e4digt wurden. Ersten Ermittlungen zufolge wurden zw\u00f6lf Fahrzeuge in Mitleidenschaft gezogen, der entstandene Sachschaden wird auf rund 500.000 Euro gesch\u00e4tzt. Eine vors\u00e4tzliche Brandstiftung kann nicht ausgeschlossen werden, weshalb die Kriminalpolizei des Polizeipr\u00e4sidiums Ludwigsburg die Ermittlungen aufgenommen hat und um Hinweise aus der Bev\u00f6lkerung bittet. Zeugen, die Hinweise geben k\u00f6nnen, werden gebeten, sich unter Tel.: Tel. 0800 1100225 oder per Mail an <a href=\"mailto:hinweise.kripo.boeblingen@polizei.bwl.de\" target=\"_blank\" rel=\"noopener\">hinweise.kripo.boeblingen@polizei.bwl.de<\/a> zu melden.<\/p>\n<p style=\"text-align: justify;\"><strong>Weil der Stadt: Zeugen gesucht &#8211; Motor\u00f6l in Kanalisation gekippt<\/strong><br \/>\nSonntagnacht (27.04.2025) gegen 01.30 Uhr kippte ein bislang unbekannter T\u00e4ter vermutlich mehrere Liter Motor\u00f6l in einen Gully am Bahnhof in Weil der Stadt. Ein Zeuge informierte die Polizei, jedoch konnte vor Ort keine Person festgestellt werden. Der noch unbekannte T\u00e4ter hatte mehrere Taschen dabei &#8211; mehr ist bislang zum T\u00e4ter nicht bekannt. Die Feuerwehr wurde verst\u00e4ndigt und Mitarbeitende des Bauhofs kamen vor Ort.<br \/>\nBeim Polizeipr\u00e4sidium Ludwigsburg hat der Arbeitsbereich Gewerbe und Umwelt in B\u00f6blingen die Ermittlungen \u00fcbernommen. Die Gr\u00f6\u00dfenordnung des entstandenen Schadens ist bislang nicht bekannt. Weitere Zeugen, die sachdienliche Hinweise geben k\u00f6nnen, werden gebeten, sich unter der Tel. 07031\/13-2670 oder per E-Mail an <a href=\"mailto:ludwigsburg.pp@polizei.bwl.de\" target=\"_blank\" rel=\"noopener\">ludwigsburg.pp@polizei.bwl.de<\/a> beim Arbeitsbereich Gewerbe und Umwelt zu melden.<\/p>\n<p style=\"text-align: justify;\"><strong>Grafenau: Mit e-Scooter verunfallt und schwer verletzt<\/strong><br \/>\nZu einem Verkehrsunfall mit einer schwerverletzten Person kam es am Sonntag (27.04.2025) gegen 17:45 Uhr im Forchenweg in Grafenau. Ein 15-j\u00e4hriger e-Scooter-Lenker war gemeinsam mit einem gleichaltrigen Mitfahrer verbotswidrig auf einem e-Scooter zun\u00e4chst auf dem absch\u00fcssigen Verbindungsweg vom Ulrichweg in den Forchenweg unterwegs. Mutma\u00dflich aufgrund nicht angepasster Geschwindigkeit geriet der 15-j\u00e4hrige Lenker mit seinem Roller zu weit nach rechts und touchierte den Randstein des Gehwegs. Der 15-j\u00e4hrige Sozius sprang daraufhin selbstst\u00e4ndig vom Fahrenden e-Scooter ab, st\u00fcrzte in Folge dessen im Einm\u00fcndungsbereich zum Schafhauser Weg zu Boden und erlitt hierbei schwere Verletzungen. Der Fahrer konnten den e-Scooter abbremsen und kam nicht zu Fall. Der gest\u00fcrzte Jugendliche wurde mit dem Rettungsdienst in ein Krankenhaus gebracht. An dem e-Scooter entstand ein Sachschaden von rund 50 Euro.<\/p>\n<hr \/>\n<p>&nbsp;<\/p>\n","protected":false},"excerpt":{"rendered":"<p>Quelle: ots G\u00e4rtringen-Rohrau: Streit auf dem Maifest eskaliert Mit einem aggressiven 28-J\u00e4hrigen bekamen es Einsatzkr\u00e4fte des Polizeireviers Herrenberg am Donnerstag (01.05.2025) gegen 00:40 Uhr auf dem Maifest in Rohrau zu tun. Der 28-J\u00e4hrige war zun\u00e4chst mit einem 35-j\u00e4hrigen Festbesucher in Streit geraten. Der zun\u00e4chst verbale Disput eskalierte und m\u00fcndete in eine handgreifliche Auseinandersetzung. Dabei schlug [&hellip;]<\/p>\n","protected":false},"author":4,"featured_media":152245,"comment_status":"closed","ping_status":"open","sticky":false,"template":"","format":"standard","meta":{"inline_featured_image":false,"_exactmetrics_skip_tracking":false,"_exactmetrics_sitenote_active":false,"_exactmetrics_sitenote_note":"","_exactmetrics_sitenote_category":0,"footnotes":""},"categories":[11239],"tags":[3061,14857,68,205,1625,9],"class_list":{"0":"post-155937","1":"post","2":"type-post","3":"status-publish","4":"format-standard","5":"has-post-thumbnail","7":"category-region-boblingen-leonberg","8":"tag-boblingen","9":"tag-die-webzeitung","10":"tag-online-zeitung","11":"tag-polizei","12":"tag-report","13":"tag-schaumedia"},"image_feature":"https:\/\/die-webzeitung.de\/stuttgart\/wp-content\/uploads\/sites\/4\/2024\/02\/Polizei-Pix-scaled.jpg","author_name":"Redaktion","pure_taxonomies":{"categories":[{"term_id":11239,"name":"Polizei-Report B\u00f6blingen","slug":"region-boblingen-leonberg","term_group":0,"term_taxonomy_id":11277,"taxonomy":"category","description":"Polizeiberichte aus der Region des Landkreises B\u00f6blingen","parent":1619,"count":68,"filter":"raw","image":""}],"tags":[{"term_id":3061,"name":"B\u00f6blingen","slug":"boblingen","term_group":0,"term_taxonomy_id":3075,"taxonomy":"post_tag","description":"","parent":0,"count":260,"filter":"raw","image":""},{"term_id":14857,"name":"Die-Webzeitung","slug":"die-webzeitung","term_group":0,"term_taxonomy_id":14876,"taxonomy":"post_tag","description":"","parent":0,"count":3625,"filter":"raw","image":""},{"term_id":68,"name":"Online-Zeitung","slug":"online-zeitung","term_group":0,"term_taxonomy_id":69,"taxonomy":"post_tag","description":"","parent":0,"count":3595,"filter":"raw","image":""},{"term_id":205,"name":"Polizei","slug":"polizei","term_group":0,"term_taxonomy_id":208,"taxonomy":"post_tag","description":"","parent":0,"count":277,"filter":"raw","image":""},{"term_id":1625,"name":"Report","slug":"report","term_group":0,"term_taxonomy_id":1634,"taxonomy":"post_tag","description":"","parent":0,"count":210,"filter":"raw","image":""},{"term_id":9,"name":"SchauMedia","slug":"schaumedia","term_group":0,"term_taxonomy_id":9,"taxonomy":"post_tag","description":"","parent":0,"count":1607,"filter":"raw","image":""}]},"_links":{"self":[{"href":"https:\/\/die-webzeitung.de\/stuttgart\/wp-json\/wp\/v2\/posts\/155937","targetHints":{"allow":["GET"]}}],"collection":[{"href":"https:\/\/die-webzeitung.de\/stuttgart\/wp-json\/wp\/v2\/posts"}],"about":[{"href":"https:\/\/die-webzeitung.de\/stuttgart\/wp-json\/wp\/v2\/types\/post"}],"author":[{"embeddable":true,"href":"https:\/\/die-webzeitung.de\/stuttgart\/wp-json\/wp\/v2\/users\/4"}],"replies":[{"embeddable":true,"href":"https:\/\/die-webzeitung.de\/stuttgart\/wp-json\/wp\/v2\/comments?post=155937"}],"version-history":[{"count":8,"href":"https:\/\/die-webzeitung.de\/stuttgart\/wp-json\/wp\/v2\/posts\/155937\/revisions"}],"predecessor-version":[{"id":156005,"href":"https:\/\/die-webzeitung.de\/stuttgart\/wp-json\/wp\/v2\/posts\/155937\/revisions\/156005"}],"wp:featuredmedia":[{"embeddable":true,"href":"https:\/\/die-webzeitung.de\/stuttgart\/wp-json\/wp\/v2\/media\/152245"}],"wp:attachment":[{"href":"https:\/\/die-webzeitung.de\/stuttgart\/wp-json\/wp\/v2\/media?parent=155937"}],"wp:term":[{"taxonomy":"category","embeddable":true,"href":"https:\/\/die-webzeitung.de\/stuttgart\/wp-json\/wp\/v2\/categories?post=155937"},{"taxonomy":"post_tag","embeddable":true,"href":"https:\/\/die-webzeitung.de\/stuttgart\/wp-json\/wp\/v2\/tags?post=155937"}],"curies":[{"name":"wp","href":"https:\/\/api.w.org\/{rel}","templated":true}]}}