{"id":155927,"date":"2025-04-25T16:29:19","date_gmt":"2025-04-25T15:29:19","guid":{"rendered":"https:\/\/die-webzeitung.de\/stuttgart\/?p=155927"},"modified":"2025-12-05T12:57:54","modified_gmt":"2025-12-05T11:57:54","slug":"aufstellung-des-maibaums-am-kirchheimer-rathaus","status":"publish","type":"post","link":"https:\/\/die-webzeitung.de\/stuttgart\/2025\/04\/25\/aufstellung-des-maibaums-am-kirchheimer-rathaus\/","title":{"rendered":"Aufstellung des Maibaums am Kirchheimer Rathaus"},"content":{"rendered":"<p style=\"text-align: justify;\">Kirchheim unter Teck.| Auch in diesem Jahr schm\u00fcckt der Maibaum wieder die Innenstadt: Am Mittwoch, 30. April 2025, wird er vor dem Rathaus in Kirchheim unter Teck aufgestellt \u2013 an gleicher Stelle, an der im vergangenen Dezember der Weihnachtsbaum stand.<\/p>\n<p style=\"text-align: justify;\">Der obere Teil des \u00fcber 25 Meter hohen Kirchheimer Maibaumes ist wie seit \u00fcber 50 Jahren mit Maikranz, Krone und B\u00e4ndern sowie mit Zunftzeichen geschm\u00fcckt. In den fr\u00fchen Morgenstunden wird der Baum mithilfe eines Schwerlastkrans von den Mitarbeitenden des st\u00e4dtischen Baubetriebshofs aufgerichtet.<\/p>\n<p style=\"text-align: justify;\">Am Donnerstag, 1. Mai 2025, l\u00e4dt der Trachtenverein Kirchheim-Teck eV ab 11:00 Uhr zum traditionellen Maihok auf das Vereinsgel\u00e4nde in der Notzinger Stra\u00dfe 38 ein. Wie jedes Jahr werden die Schlepperfreunde \u00d6tlingen-Lindorf mit ihren Fahrzeugen einen kleinen Maibaum bringen der feierlich vor Ort aufgestellt wird. F\u00fcr Stimmung im Festzelt spielen live das Duo J\u00fcrgen und Daniela. Kulinarisch erwarten die G\u00e4ste Schweinebraten, K\u00e4ssp\u00e4tzle, Rote Wurst und ein umfangreiches Kuchen- und Tortenangebot \u2013 alles zu familienfreundlichen Preisen.<\/p>\n<hr \/>\n<p style=\"text-align: justify;\">\n","protected":false},"excerpt":{"rendered":"<p>Kirchheim unter Teck.| Auch in diesem Jahr schm\u00fcckt der Maibaum wieder die Innenstadt: Am Mittwoch, 30. April 2025, wird er vor dem Rathaus in Kirchheim unter Teck aufgestellt \u2013 an gleicher Stelle, an der im vergangenen Dezember der Weihnachtsbaum stand. Der obere Teil des \u00fcber 25 Meter hohen Kirchheimer Maibaumes ist wie seit \u00fcber 50 [&hellip;]<\/p>\n","protected":false},"author":4,"featured_media":155928,"comment_status":"closed","ping_status":"open","sticky":false,"template":"","format":"standard","meta":{"inline_featured_image":false,"_exactmetrics_skip_tracking":false,"_exactmetrics_sitenote_active":false,"_exactmetrics_sitenote_note":"","_exactmetrics_sitenote_category":0,"footnotes":""},"categories":[2247],"tags":[14857,18052,12619,68,9],"class_list":{"0":"post-155927","1":"post","2":"type-post","3":"status-publish","4":"format-standard","5":"has-post-thumbnail","7":"category-kreis-esslingen","8":"tag-die-webzeitung","9":"tag-kirchheim-teck","10":"tag-maibaum","11":"tag-online-zeitung","12":"tag-schaumedia"},"image_feature":"https:\/\/die-webzeitung.de\/stuttgart\/wp-content\/uploads\/sites\/4\/2025\/04\/Bild-1-Stadtverwaltung-Kirchheim-unter-Teck-Maibaumaufstellung-2024-scaled.jpg","author_name":"Redaktion","pure_taxonomies":{"categories":[{"term_id":2247,"name":"Kreis Esslingen","slug":"kreis-esslingen","term_group":0,"term_taxonomy_id":2260,"taxonomy":"category","description":"Informationen aus dem Landkreis Esslingen","parent":171,"count":214,"filter":"raw","image":""}],"tags":[{"term_id":14857,"name":"Die-Webzeitung","slug":"die-webzeitung","term_group":0,"term_taxonomy_id":14876,"taxonomy":"post_tag","description":"","parent":0,"count":3623,"filter":"raw","image":""},{"term_id":18052,"name":"Kirchheim\/Teck","slug":"kirchheim-teck","term_group":0,"term_taxonomy_id":18071,"taxonomy":"post_tag","description":"","parent":0,"count":23,"filter":"raw","image":""},{"term_id":12619,"name":"Maibaum","slug":"maibaum","term_group":0,"term_taxonomy_id":12659,"taxonomy":"post_tag","description":"","parent":0,"count":2,"filter":"raw","image":""},{"term_id":68,"name":"Online-Zeitung","slug":"online-zeitung","term_group":0,"term_taxonomy_id":69,"taxonomy":"post_tag","description":"","parent":0,"count":3593,"filter":"raw","image":""},{"term_id":9,"name":"SchauMedia","slug":"schaumedia","term_group":0,"term_taxonomy_id":9,"taxonomy":"post_tag","description":"","parent":0,"count":1607,"filter":"raw","image":""}]},"_links":{"self":[{"href":"https:\/\/die-webzeitung.de\/stuttgart\/wp-json\/wp\/v2\/posts\/155927","targetHints":{"allow":["GET"]}}],"collection":[{"href":"https:\/\/die-webzeitung.de\/stuttgart\/wp-json\/wp\/v2\/posts"}],"about":[{"href":"https:\/\/die-webzeitung.de\/stuttgart\/wp-json\/wp\/v2\/types\/post"}],"author":[{"embeddable":true,"href":"https:\/\/die-webzeitung.de\/stuttgart\/wp-json\/wp\/v2\/users\/4"}],"replies":[{"embeddable":true,"href":"https:\/\/die-webzeitung.de\/stuttgart\/wp-json\/wp\/v2\/comments?post=155927"}],"version-history":[{"count":1,"href":"https:\/\/die-webzeitung.de\/stuttgart\/wp-json\/wp\/v2\/posts\/155927\/revisions"}],"predecessor-version":[{"id":155929,"href":"https:\/\/die-webzeitung.de\/stuttgart\/wp-json\/wp\/v2\/posts\/155927\/revisions\/155929"}],"wp:featuredmedia":[{"embeddable":true,"href":"https:\/\/die-webzeitung.de\/stuttgart\/wp-json\/wp\/v2\/media\/155928"}],"wp:attachment":[{"href":"https:\/\/die-webzeitung.de\/stuttgart\/wp-json\/wp\/v2\/media?parent=155927"}],"wp:term":[{"taxonomy":"category","embeddable":true,"href":"https:\/\/die-webzeitung.de\/stuttgart\/wp-json\/wp\/v2\/categories?post=155927"},{"taxonomy":"post_tag","embeddable":true,"href":"https:\/\/die-webzeitung.de\/stuttgart\/wp-json\/wp\/v2\/tags?post=155927"}],"curies":[{"name":"wp","href":"https:\/\/api.w.org\/{rel}","templated":true}]}}