{"id":155925,"date":"2025-04-25T16:26:43","date_gmt":"2025-04-25T15:26:43","guid":{"rendered":"https:\/\/die-webzeitung.de\/stuttgart\/?p=155925"},"modified":"2025-12-05T12:58:13","modified_gmt":"2025-12-05T11:58:13","slug":"gemeinsam-fruehstuecken-und-netzwerken","status":"publish","type":"post","link":"https:\/\/die-webzeitung.de\/stuttgart\/2025\/04\/25\/gemeinsam-fruehstuecken-und-netzwerken\/","title":{"rendered":"Gemeinsam Fr\u00fchst\u00fccken und Netzwerken"},"content":{"rendered":"<h3 style=\"text-align: justify;\"><strong>Einladung zu Unternehmerfr\u00fchst\u00fccken im Mai<\/strong><\/h3>\n<p style=\"text-align: justify;\">Kirchheim unter Teck.| Die Wirtschaftsf\u00f6rderung der Stadt Kirchheim unter Teck l\u00e4dt Selbstst\u00e4ndige und Gewerbetreibende aus der Nachbarschaft zu einem gemeinsamen Unternehmerfr\u00fchst\u00fcck ein. Im Mai gibt es hierzu zwei M\u00f6glichkeiten.<\/p>\n<p style=\"text-align: justify;\">Die Stadtverwaltung legt gro\u00dfen Wert auf die Vernetzung der Unternehmen und die St\u00e4rkung der jeweiligen Gewerbegebiete. Deshalb l\u00e4dt die Wirtschaftsf\u00f6rderung zu zwei Unternehmerfr\u00fchst\u00fccken ein. Das erste Fr\u00fchst\u00fcck findet am Mittwoch, 7. Mai 2025, von 8:30 bis 10:00 Uhr bei der Makino Europe GmbH (Kruichling 18) statt.<\/p>\n<p style=\"text-align: justify;\">Das zweite Standortfr\u00fchst\u00fcck bei der PolyMedics Innovations GmbH (Am Hegelesberg 1) folgt eine Woche sp\u00e4ter am Mittwoch, 14. Mai 2025, zur gleichen Zeit. Die Unternehmerfr\u00fchst\u00fccke schlie\u00dfen jeweils eine spannende F\u00fchrung durch die Unternehmen mit ein. Sie richten sich insbesondere an Gewerbetreibende im Kruichling und rund um den Hegelesberg.<\/p>\n<p style=\"text-align: justify;\">Alle Unternehmerinnen und Unternehmer aus der Nachbarschaft sind herzlich eingeladen, an den Veranstaltungen teilzunehmen. Um vorherige Anmeldung bei Saskia Klinger, per E-Mail an <a href=\"mailto:wifoe@kirchheim-teck.de\" target=\"_blank\" rel=\"noopener\">wifoe@kirchheim-teck.de<\/a> oder telefonisch unter 07021 502-275 wird gebeten.<\/p>\n<hr \/>\n<p style=\"text-align: justify;\">\n","protected":false},"excerpt":{"rendered":"<p>Einladung zu Unternehmerfr\u00fchst\u00fccken im Mai Kirchheim unter Teck.| Die Wirtschaftsf\u00f6rderung der Stadt Kirchheim unter Teck l\u00e4dt Selbstst\u00e4ndige und Gewerbetreibende aus der Nachbarschaft zu einem gemeinsamen Unternehmerfr\u00fchst\u00fcck ein. Im Mai gibt es hierzu zwei M\u00f6glichkeiten. Die Stadtverwaltung legt gro\u00dfen Wert auf die Vernetzung der Unternehmen und die St\u00e4rkung der jeweiligen Gewerbegebiete. Deshalb l\u00e4dt die Wirtschaftsf\u00f6rderung zu [&hellip;]<\/p>\n","protected":false},"author":4,"featured_media":0,"comment_status":"closed","ping_status":"open","sticky":false,"template":"","format":"standard","meta":{"inline_featured_image":false,"_exactmetrics_skip_tracking":false,"_exactmetrics_sitenote_active":false,"_exactmetrics_sitenote_note":"","_exactmetrics_sitenote_category":0,"footnotes":""},"categories":[2247],"tags":[14857,10367,18052,2095,68,9,18066],"class_list":{"0":"post-155925","1":"post","2":"type-post","3":"status-publish","4":"format-standard","6":"category-kreis-esslingen","7":"tag-die-webzeitung","8":"tag-fruhstuck","9":"tag-kirchheim-teck","10":"tag-netzwerk","11":"tag-online-zeitung","12":"tag-schaumedia","13":"tag-unternehmer"},"image_feature":null,"author_name":"Redaktion","pure_taxonomies":{"categories":[{"term_id":2247,"name":"Kreis Esslingen","slug":"kreis-esslingen","term_group":0,"term_taxonomy_id":2260,"taxonomy":"category","description":"Informationen aus dem Landkreis Esslingen","parent":171,"count":214,"filter":"raw","image":""}],"tags":[{"term_id":14857,"name":"Die-Webzeitung","slug":"die-webzeitung","term_group":0,"term_taxonomy_id":14876,"taxonomy":"post_tag","description":"","parent":0,"count":3625,"filter":"raw","image":""},{"term_id":10367,"name":"Fr\u00fchst\u00fcck","slug":"fruhstuck","term_group":0,"term_taxonomy_id":10400,"taxonomy":"post_tag","description":"","parent":0,"count":2,"filter":"raw","image":""},{"term_id":18052,"name":"Kirchheim\/Teck","slug":"kirchheim-teck","term_group":0,"term_taxonomy_id":18071,"taxonomy":"post_tag","description":"","parent":0,"count":23,"filter":"raw","image":""},{"term_id":2095,"name":"Netzwerk","slug":"netzwerk","term_group":0,"term_taxonomy_id":2107,"taxonomy":"post_tag","description":"","parent":0,"count":1,"filter":"raw","image":""},{"term_id":68,"name":"Online-Zeitung","slug":"online-zeitung","term_group":0,"term_taxonomy_id":69,"taxonomy":"post_tag","description":"","parent":0,"count":3595,"filter":"raw","image":""},{"term_id":9,"name":"SchauMedia","slug":"schaumedia","term_group":0,"term_taxonomy_id":9,"taxonomy":"post_tag","description":"","parent":0,"count":1607,"filter":"raw","image":""},{"term_id":18066,"name":"Unternehmer","slug":"unternehmer","term_group":0,"term_taxonomy_id":18085,"taxonomy":"post_tag","description":"","parent":0,"count":1,"filter":"raw","image":""}]},"_links":{"self":[{"href":"https:\/\/die-webzeitung.de\/stuttgart\/wp-json\/wp\/v2\/posts\/155925","targetHints":{"allow":["GET"]}}],"collection":[{"href":"https:\/\/die-webzeitung.de\/stuttgart\/wp-json\/wp\/v2\/posts"}],"about":[{"href":"https:\/\/die-webzeitung.de\/stuttgart\/wp-json\/wp\/v2\/types\/post"}],"author":[{"embeddable":true,"href":"https:\/\/die-webzeitung.de\/stuttgart\/wp-json\/wp\/v2\/users\/4"}],"replies":[{"embeddable":true,"href":"https:\/\/die-webzeitung.de\/stuttgart\/wp-json\/wp\/v2\/comments?post=155925"}],"version-history":[{"count":1,"href":"https:\/\/die-webzeitung.de\/stuttgart\/wp-json\/wp\/v2\/posts\/155925\/revisions"}],"predecessor-version":[{"id":155926,"href":"https:\/\/die-webzeitung.de\/stuttgart\/wp-json\/wp\/v2\/posts\/155925\/revisions\/155926"}],"wp:attachment":[{"href":"https:\/\/die-webzeitung.de\/stuttgart\/wp-json\/wp\/v2\/media?parent=155925"}],"wp:term":[{"taxonomy":"category","embeddable":true,"href":"https:\/\/die-webzeitung.de\/stuttgart\/wp-json\/wp\/v2\/categories?post=155925"},{"taxonomy":"post_tag","embeddable":true,"href":"https:\/\/die-webzeitung.de\/stuttgart\/wp-json\/wp\/v2\/tags?post=155925"}],"curies":[{"name":"wp","href":"https:\/\/api.w.org\/{rel}","templated":true}]}}