{"id":155875,"date":"2025-04-21T10:24:46","date_gmt":"2025-04-21T09:24:46","guid":{"rendered":"https:\/\/die-webzeitung.de\/stuttgart\/?p=155875"},"modified":"2025-04-26T11:56:51","modified_gmt":"2025-04-26T10:56:51","slug":"polizei-report-kreis-esslingen-woche-17-5","status":"publish","type":"post","link":"https:\/\/die-webzeitung.de\/stuttgart\/2025\/04\/21\/polizei-report-kreis-esslingen-woche-17-5\/","title":{"rendered":"Polizei-Report Kreis Esslingen | Woche 17"},"content":{"rendered":"<p><em>Quelle: ots<\/em><\/p>\n<p style=\"text-align: justify;\"><strong>Esslingen: Jugendliche entwenden zwei 13-J\u00e4hrigen eine geringe Menge an Bargeld<br \/>\n<\/strong>Am Freitagabend gegen 18.30 Uhr winkte eine Gruppe Jugendlicher in einem Einkaufszentrum zwei andere Jugendliche zu sich her. Aus den jeweiligen Jackentasche entwendeten die T\u00e4ter dann von den eingesch\u00fcchterten 13-j\u00e4hrigen Jugendlichen eine geringe Menge an Bargeld. Die T\u00e4ter waren circa 16 bis 17 Jahre alt, \u00fcberwiegend dunkel bekleidet und trugen mehrheitlich eine schwarze Basecap. Ein T\u00e4ter hatte schulterlange, braunblonde Haare sowie eine Sonnenbrille auf der Stirn. Markant war ein Haarflaum an der Oberlippe. Kurze Zeit nach der Tat entfernte sich die komplette Gruppe in unbekannte Richtung. Verletzt wurde gl\u00fccklicherweise niemand. Das Polizeirevier Esslingen hat die Ermittlungen aufgenommen.<\/p>\n<p style=\"text-align: justify;\"><strong>Weilheim an der Teck: Brennendes Fahrzeug<br \/>\n<\/strong>Sachschaden in H\u00f6he von ca. 40.000 Euro ist das Ergebnis von Schwei\u00dfarbeiten, die am Freitagnachmittag durchgef\u00fchrt wurden. Gegen 17.00 Uhr teilte die Integrierte Leitstelle einen Brandalarm in einer Kfz-Werkstatt in der Eisenbahnstra\u00dfe mit. Vor Ort konnte ein brennender Pkw festgestellt werden, der durch die Feuerwehr, welche mit f\u00fcnf Fahrzeugen und 22 Einsatzkr\u00e4ften vor Ort war, gel\u00f6scht wurde. Ein Mitarbeiter, welcher mittels Feuerl\u00f6scher versuchte den Brand unter Kontrolle zu bekommen, wurde vorsorglich vom Rettungsdienst untersucht. Er blieb unverletzt. Der Pkw und die Schwei\u00dfkabine wurden besch\u00e4digt.<\/p>\n<p style=\"text-align: justify;\"><strong>Notzingen: Unfall mit Pedelec<br \/>\n<\/strong>Ein Sprinterfahrer hat am Freitagnachmittag gegen 16 Uhr einen Verkehrsunfall im Wohngebiet verursacht. Der vom Lerchenweg nach links in die Talstra\u00dfe fahrende 42-j\u00e4hrige Lenker des Mercedes Sprinter kollidierte mit einem entgegenkommenden 77-j\u00e4hrigen Pedelec-Fahrer. Hierbei kam es zum Kontakt zwischen dem Pedelec-Fahrer und dem linken Au\u00dfenspiegel des Mercedes Sprinter, wodurch sich der 77-j\u00e4hrige leicht verletzte. Bei der \u00dcberpr\u00fcfung der Fahrtauglichkeit der Unfallbeteiligten ergab sich, dass der 42-j\u00e4hrige Unfallverursacher unter dem Einfluss von alkoholischen Genussmitteln stand. Er musste anschlie\u00dfend eine Blutentnahme \u00fcber sich ergehen lassen.<\/p>\n<p style=\"text-align: justify;\"><strong>Erkenbrechtsweiler: Handfeste Auseinandersetzung bei Veranstaltung<br \/>\n<\/strong>In einer Eventlocation kam es am fr\u00fchen Samstagmorgen gegen 2.30 Uhr zwischen einer vierk\u00f6pfigen Personengruppe zu Streitigkeiten. Ein 28-j\u00e4hriger Mann und sein 25-j\u00e4hriger Begleiter gerieten zun\u00e4chst in eine verbale Auseinandersetzung mit einem Ehepaar, einem 45-j\u00e4hrigen Mann und dessen 40-j\u00e4hriger Ehefrau. Im weiteren Verlauf verlagerte sich die Streitigkeit in den Au\u00dfenbereich, wobei die 40-J\u00e4hrige den 28-j\u00e4hrigen Mann beleidigte. In der Folge f\u00fchrte dies zu k\u00f6rperlichen Auseinandersetzungen zwischen dem 28-j\u00e4hrigen Mann und dem Ehepaar. Hierbei verletzten sich alle drei Beteiligten leicht. Das Ehepaar wurde vorsorglich durch den Rettungsdienst zur weiteren medizinischen Versorgung in ein Krankenhaus gebracht. Das Polizeirevier N\u00fcrtingen hat die Ermittlungen aufgenommen.<\/p>\n<p style=\"text-align: justify;\"><strong>Frickenhausen: Z\u00fcndelnde Kinder<br \/>\n<\/strong>Zum Brand einer Thuja-Hecke sind Feuerwehr und Polizei am Freitagmittag in den Brunnenweg im Ortsteil Tischardt ausger\u00fcckt. Gegen 13.20 Uhr war die Polizei von einer Zeugin alarmiert worden, die die brennende Hecke entdeckt und zwei Kinder wegrennen sah. Der Brand konnte zum Gl\u00fcck noch vor dem Eintreffen der alarmierten Feuerwehr mit Hilfe von Wassereimern und Gartenschl\u00e4uchen gel\u00f6scht werden, sodass der entstandene Sachschaden \u00fcberschaubar geblieben sein d\u00fcrfte. W\u00e4hrend der Einsatzma\u00dfnahmen kamen die beiden strafunm\u00fcndigen Kinder von denen einer im Verdacht steht, die Hecke angez\u00fcndet zu haben, wieder zur\u00fcck. Beide wurden in der Folge ihren Erziehungsberechtigten \u00fcberstellt. Die Feuerwehr war mit zwei Fahrzeugen und 13 Feuerwehrleuten im Einsatz.<\/p>\n<p style=\"text-align: justify;\"><strong>Esslingen: Brand auf Balkon<br \/>\n<\/strong>Zum Brand auf einem Balkon eines Mehrfamilienhauses sind die Einsatzkr\u00e4fte von Polizei und Feuerwehr am Donnerstagabend in die Hegensberger Stra\u00dfe ausger\u00fcckt. Gegen 18.45 Uhr war dort aus noch ungekl\u00e4rter Ursache ein Papierkorb in Brand geraten, dessen Flammen auf ein Regal \u00fcbergriffen. Der Brand konnte von den Bewohnern vor dem Eintreffen der Feuerwehr gel\u00f6scht werden. Die Feuerwehr, die mit sechs Fahrzeugen und 25 Feuerwehrleuten im Einsatz war, durchl\u00fcftete die Wohnung und \u00fcberpr\u00fcfte den Brandort auf versteckte Glutnester. Verletzt wurde niemand, sodass der vorsorglich mit angefahrene Rettungsdienst nicht zum Einsatz kommen musste. Die Wohnung blieb bewohnbar. Der entstandene Sachschaden wird auf etwa 10.000 Euro gesch\u00e4tzt. Der Polizeiposten Oberesslingen ermittelt.<\/p>\n<p style=\"text-align: justify;\"><strong>Esslingen: Bargeld geraubt (Zeugenaufruf)<br \/>\n<\/strong>Nach drei Jugendlichen, die alle als etwa 15 bis 16 Jahre alt und etwa 173 Zentimeter gro\u00df beschrieben werden, fahndet die Kriminalpolizeidirektion Esslingen nach einem Vorfall, der sich am Donnerstagabend in der Vogelsangstra\u00dfe ereignet haben soll, der Polizei aber erst geraume Zeit sp\u00e4ter angezeigt wurde. Den bisherigen Ermittlungen zufolge war ein 18-J\u00e4hriger gegen 22.50 Uhr auf der Vogelsangstra\u00dfe unterwegs, als er unter der Vogelsangbr\u00fccke von drei Unbekannten angesprochen wurde. Im Verlauf dieses Gespr\u00e4chs soll er von dem Trio umzingelt und unter Vorhalt eines Messers zur Herausgabe seiner Barschaft erpresst worden sein. Im Anschluss fl\u00fcchtete das Trio mit dem Raubgut in Richtung Maillestra\u00dfe. Die Jugendlichen sollen alle von dunklem Teint gewesen sein. Der R\u00e4delsf\u00fchrer, der kurze, schwarze Haare gehabt hatte und mit einem Messer gedroht haben soll, war mit einer dunkelgrauen Jeans und einer schwarzen, gesteppten Winterjacke bekleidet. Sein Begleiter, der das Opfer angesprochen hatte, war ebenfalls schwarz gekleidet und soll eine schwarze Basecap getragen haben. Der letzte des Trios soll auch eine schwarze Jacke und eine schwarze Winterm\u00fctze getragen haben. Hinweise nimmt die Kriminalpolizei Esslingen unter der Telefonnummer 0711\/3990-0 entgegen.<\/p>\n<p style=\"text-align: justify;\"><strong>Baltmannsweiler: Nicht mehr fahrt\u00fcchtig<br \/>\n<\/strong>Einen absolut fahrunt\u00fcchtigen Pkw-Lenker musste die Polizei am Mittwochabend aus dem Verkehr ziehen. Der 37-J\u00e4hrige war mit einem grauen Fiat von der Autobahn A8 herkommend \u00fcber die B313 und B10 in Richtung Baltmannsweiler unterwegs. Hierbei fiel er einer aufmerksamen Zeugin aufgrund seiner unsicheren Fahrweise auf. Der Fiat-Lenker fuhr mehrmals in Schlangenlinien, so dass entgegenkommende Verkehrsteilnehmer gef\u00e4hrdet wurden. In der Hauptstra\u00dfe in Hohengehren konnte das Fahrzeug gegen 21.15 Uhr gestoppt werden. Bei der Kontrolle des Fahrers stellte sich heraus, dass er unter alkoholischer Beeinflussung stand. Ein Test ergab einen Wert von \u00fcber einer Promille. Weiterhin fiel ein Drogenvortest positiv aus. Der Mann musste sich daraufhin einer Blutentnahme unterziehen. Zudem ist er nicht im Besitz einer g\u00fcltigen Fahrerlaubnis und war mit einem nicht versicherten Pkw unterwegs. Gegen den 37-J\u00e4hrigen wurden entsprechende Strafverfahren eingeleitet.<\/p>\n<p style=\"text-align: justify;\"><strong>Esslingen: Fahrzeugbrand<br \/>\n<\/strong>Zu einem Fahrzeugbrand sind Feuerwehr und Polizei am Mittwochmittag nach Berkheim in die Stra\u00dfe Am Kirchberg ausger\u00fcckt. Ein Zeuge w\u00e4hlte gegen 12.25 Uhr den Notruf, nachdem er den kurz zuvor in einer dortigen Firmenzufahrt und nun in Brand stehenden Ford Transit bemerkt hatte. Die Feuerwehr, die mit zwei Fahrzeugen und 13 Einsatzkr\u00e4ften anr\u00fcckte, l\u00f6schte die Flammen. Ersten Erkenntnissen zufolge d\u00fcrfte ein technischer Defekt zum Ausbruch des Brandes gef\u00fchrt haben. Der entstandene Sachschaden wird auf rund 15.000 Euro gesch\u00e4tzt.<\/p>\n<p style=\"text-align: justify;\"><strong>N\u00fcrtingen: Verletzter Fu\u00dfg\u00e4nger gefunden (Zeugenaufruf)<br \/>\n<\/strong>Am Dienstagabend ist ein verletzter Fu\u00dfg\u00e4nger in einem Abhang zwischen der Oberboihinger Stra\u00dfe und einer Schule im Bereich des Busbahnhofs aufgefunden worden. Zeugen hatten den \u00fcber 80 Jahre alten Mann im dortigen Geb\u00fcsch gegen 20.15 Uhr entdeckt und den Notruf gew\u00e4hlt. Der in einem Zaun eingeklemmte Senior wurde von der Feuerwehr befreit und nach not\u00e4rztlicher Erstversorgung vom Rettungsdienst ins Krankenhaus gebracht. Derzeit ist noch unklar, wie der offenbar leicht demente Mann in die Lage geraten war. Zeugen, die den Senior, der mit einem Gehstock unterwegs war, zwischen 18 Uhr und 20.15 Uhr insbesondere im Bereich der Bahnhof- und der Oberboihinger Stra\u00dfe gesehen haben und der Polizei noch nicht bekannt sind, werden gebeten, sich unter Telefon 07022\/9224-0 beim Polizeirevier N\u00fcrtingen zu melden.<\/p>\n<p style=\"text-align: justify;\"><strong>N\u00fcrtingen: Angebliche Schl\u00e4gerei und Widerstand geleistet (Zeugenaufruf)<br \/>\n<\/strong>Zu einer angeblichen Auseinandersetzung zwischen zwei Gruppen Jugendlicher oder Heranwachsender, die im Bereich eines Einkaufsmarktes in der Europastra\u00dfe stattgefunden haben soll, sind die Einsatzkr\u00e4fte der Polizei am Dienstagabend ausger\u00fcckt. Gegen 18.30 Uhr war die Polizei alarmiert worden. Beim Eintreffen der Polizei waren diese Streitigkeiten offenbar schon beendet und mehrere Jugendliche suchten beim Erkennen der Streifenwagen fluchtartig das Weite. Im Verlauf der sofort eingeleiteten Fahndungsma\u00dfnahmen konnten mehrere mutma\u00dflich an den Vorfall beteiligte Jugendliche angetroffen und kontrolliert werden. Alle Personen waren den polizeilichen Ma\u00dfnahmen gegen\u00fcber wenig zug\u00e4nglich. Darunter auch ein 17-J\u00e4hriger, der sich weigerte seine Personalien anzugeben oder sich auszuweisen. Dieser ging sogar so weit, dass er bei der erforderlichen Durchsuchung nach Ausweispapieren erheblichen Widerstand leistete und die Polizeibeamten fortlaufend mit \u00fcbelsten Schimpfworten belegte. Er musste in der Folge in Gewahrsam genommen werden. Nach der Feststellung seiner Personalien und der Durchf\u00fchrung der erforderlichen polizeilichen Ma\u00dfnahmen auf der Dienststelle wurde er wieder auf freien Fu\u00df gesetzt. Er sieht nun einer entsprechenden Strafanzeige bei der Staatsanwaltschaft entgegen. Das Polizeirevier N\u00fcrtingen hat die Ermittlungen zu den Hintergr\u00fcnden und dem Ablauf der Auseinandersetzung aufgenommen und nimmt unter der Telefonnummer 07022\/9224-0 Hinweise entgegen.<\/p>\n<p style=\"text-align: justify;\"><strong>Denkendorf\/Nellingen: Motorrollerfahrer fl\u00fcchtet vor Polizeikontrolle (Zeugenaufruf)<br \/>\n<\/strong>Ein Motorrollerfahrer ist am Dienstagnachmittag vor einer Polizeistreife gefl\u00fcchtet und hat dabei m\u00f6glicherweise mehrere Verkehrsteilnehmer gef\u00e4hrdet. Der Zweiradlenker war kurz nach 16.30 Uhr in Begleitung eines weiteren Rollerfahrers in der Felix-Wankel-Stra\u00dfe unterwegs. Hierbei kamen die beiden einer Streife des Polizeireviers Filderstadt entgegen. Die Beamten bemerkten, dass an einem Roller kein Kennzeichen angebracht war und wendeten daraufhin mit ihrem Fahrzeug. Das Zweirad ohne Kennzeichen konnte kurz darauf fahrenderweise in der Carl-Zeiss-Stra\u00dfe festgestellt werden. Als der Fahrer angehalten werden sollte, gab er Gas und fuhr auf der Rudolf-Diesel-Stra\u00dfe und Felix-Wankel-Stra\u00dfe davon. Hierbei \u00fcberholte der Zweirad-Lenker mehrere Verkehrsteilnehmer. Anschlie\u00dfend bog er in die Magirusstra\u00dfe ein und wollte \u00fcber den dortigen Spielplatz in Richtung Beethovenstra\u00dfe fl\u00fcchten. Dabei kam der Fahrer zu Fall und rannte im Anschluss davon. Trotz einer Fahndung mit mehreren Streifenwagen konnte der Unbekannte entkommen. Der Motorroller wurde sichergestellt. Er k\u00f6nnte m\u00f6glicherweise entwendet worden sein und ist nicht zugelassen. Von dem Fahrer liegt folgende Beschreibung vor: Er ist zirka 16 Jahre alt, etwa 180 cm gro\u00df und hat dunkle, vorne lockige Haare. Der Fahrer hatte eine schwarze Steppjacke, eine graue Jogginghose mit wei\u00dfen senkrechten Streifen an sowie einen schwarzen Helm auf. Weiterhin hatte er eine Zahnspange am Ober- und Unterkiefer. Das Polizeirevier Filderstadt bittet unter Telefon 0711\/7091-3 Verkehrsteilnehmer, die durch die Fahrweise des Rollers gef\u00e4hrdet wurden, sich zu melden. Weiterhin werden Hinweise zu dem Fl\u00fcchtenden erbeten.<\/p>\n<p style=\"text-align: justify;\"><strong>N\u00fcrtingen: Vor Polizei davongefahren (Zeugenaufruf)<br \/>\n<\/strong>Ein Pkw-Lenker ist am Dienstagnachmittag vor einer Kontrolle gefl\u00fcchtet. Eine Streife des Polizeireviers N\u00fcrtingen wollte kurz nach 15 Uhr in der Innenstadt einen schwarzen Volvo anhalten und die Insassen kontrollieren. Der Fahrer gab daraufhin Gas und fuhr mit \u00fcberh\u00f6hter Geschwindigkeit die Neckarsteige hinunter und anschlie\u00dfend \u00fcber die Stadtbr\u00fccke in Richtung Oberensingen davon. Auf der Stuttgarter Stra\u00dfe, H\u00f6he des Tankstellendreiecks, konnte der Wagen von den Beamten wiederentdeckt werden. Der Fahrer bog im Anschluss mit hoher Geschwindgkeit auf den dortigen Festplatz ab, stellte auf diesem das Fahrzeug ab und beide Insassen rannten davon. Ein 18-J\u00e4hriger konnte von den Beamten unter Einsatz von Pfefferspray gestoppt werden. Dem Fahrer gelang die Flucht. Bei dem Volvo handelt es sich um ein Mietfahrzeug. Die Ermittlungen zu dem Fahrer, zu dem erste Hinweise vorliegen, dauern an. Das Polizeirevier N\u00fcrtingen bittet unter Telefon 07022\/9224-0 Verkehrsteilnehmer, die durch die rasante Fahrweise des schwarzen Volvo gef\u00e4hrdet wurden, sich zu melden.<\/p>\n<p style=\"text-align: justify;\"><strong>Plochingen: Fahrzeugbrand<br \/>\n<\/strong>Zum Brand eines Fahrzeugs sind die Einsatzkr\u00e4fte von Feuerwehr und Polizei am Dienstagvormittag, kurz vor zehn Uhr, in die Fabrikstra\u00dfe ausger\u00fcckt. Derzeitigen Erkenntnissen zufolge war es dort beim Laden eines Audi A6 Hybrid aufgrund eines technischen Defekts zun\u00e4chst zu einer Rauchentwicklung gekommen, in deren Folge der Wagen zu brennen begann. Die Feuerwehr, die mit zahlreichen Kr\u00e4ften im Einsatz war, konnte den in Vollbrand stehenden Wagen zwar l\u00f6schen, zu retten war der Audi aber nicht mehr. Er wurde in der Folge von einem Abschleppdienst abtransportiert. Auch ein in der N\u00e4he geparkter VW wurde durch die Hitzeeinwirkung besch\u00e4digt. Zur H\u00f6he des entstandenen Sachschadens liegen noch keine Informationen vor.<\/p>\n<p style=\"text-align: justify;\"><strong>Lenningen: Auf die Gegenfahrbahn geraten<br \/>\n<\/strong>Ein Leichtverletzter und mehrere tausend Euro Sachschaden sind nach derzeitigen Erkenntnissen die Folgen eines Verkehrsunfalls, der sich am Dienstagvormittag auf der L1211 ereignet hat. Ein 69-J\u00e4hriger war gegen 10.15 Uhr mit seinem Porsche auf der Grabenstetter Steige in Richtung Grabenstetten unterwegs. In einer scharfen Linkskurve kam er so weit nach links, dass es zur Kollision mit einem ordnungsgem\u00e4\u00df entgegenkommenden Skoda Kodiaq eines 58-J\u00e4hrigen kam. W\u00e4hrend der Unfallverursacher, der Fahrer des Skoda und dessen 56 Jahre alte Beifahrerin unverletzt blieben, wurde ein weiterer, 18-j\u00e4hriger Mitfahrer im Skoda leicht verletzt. Ein Rettungswagen brachte ihn nach einer ersten not\u00e4rztlichen Versorgung an der Unfallstelle ins Krankenhaus. Beide Autos mussten in der Folge von Abschleppdiensten geborgen werden. Zur Unterst\u00fctzung der Rettungs- und Bergungsma\u00dfnahmen, sowie der Unfallaufnahme waren neben einem Notarzt und dem Rettungsdienst auch die Feuerwehr mit zahlreichen Feuerwehrleuten im Einsatz.<\/p>\n<p style=\"text-align: justify;\"><strong>N\u00fcrtingen: Mutma\u00dflicher Rauschgiftdealer in Haft<\/strong><br \/>\nWegen des Verdachts des unerlaubten Handels mit Bet\u00e4ubungsmitteln ermitteln die Staatsanwaltschaft Stuttgart und die Kriminalpolizeidirektion Esslingen gegen einen 34-J\u00e4hrigen. Der polizeibekannte und vorbestrafte Mann befindet sich mittlerweile in Untersuchungshaft.<br \/>\nIm Verlauf kriminalpolizeilicher Ermittlungen ergab sich der Verdacht, dass der 34-J\u00e4hrige aus seiner Unterkunft in N\u00fcrtingen heraus einen schwunghaften Handel mit Bet\u00e4ubungsmitteln betreiben soll. Nachdem von der Staatsanwaltschaft Stuttgart ein richterlicher Durchsuchungsbeschluss erwirkt werden konnte, durchsuchten die Ermittler am vergangenen Mittwoch, dem 16.04.2025, die Wohnr\u00e4ume des Mannes. Dabei fanden und beschlagnahmten die Kriminalbeamten neben \u00fcber einhundert Gramm Marihuana auch eine kleine Menge Ecstasy-Tabletten sowie mehrere tausend Euro mutma\u00dfliches Dealergeld und weitere Beweismittel. Der Tatverd\u00e4chtige wurde vorl\u00e4ufig festgenommen.<br \/>\nDer beschuldigte guineische Staatsangeh\u00f6rige wurde am Donnerstag dem Haftrichter beim Amtsgericht Stuttgart vorgef\u00fchrt. Dieser erlie\u00df den von der Staatsanwaltschaft Stuttgart beantragten Haftbefehl und setzte ihn in Vollzug. Der Beschuldigte wurde in eine Justizvollzugsanstalt eingeliefert.<\/p>\n<p style=\"text-align: justify;\"><strong>Esslingen: Unfall mit mehreren Verletzten<br \/>\n<\/strong>Ein Unfall mit mehreren Verletzten hat sich am Montagvormittag auf der R\u00f6merstra\u00dfe ereignet. Ein 30-J\u00e4hriger war gegen 11.15 Uhr mit einem VW Touareg auf der Wiflingshauser Stra\u00dfe in ortsausw\u00e4rtiger Richtung unterwegs. Der Mann wollte im Anschluss die R\u00f6merstra\u00dfe geradeaus zum Parkplatz des dortigen Segelflugplatzes \u00fcberqueren. Hierbei missachtete er die Vorfahrt einer von rechts kommenden, 35 Jahre alten Lenkerin einer Mercedes-Benz A-Klasse, die in Richtung Katzenb\u00fchl fuhr. Das Fahrzeug des Unfallverursachers drehte sich durch die Kollision und blieb mitten auf der Stra\u00dfe stehen. Der VW-Fahrer sowie die Lenkerin der A-Klasse und drei Insassen in ihrem Wagen, darunter ein drei Jahre altes Kind, wurden bei dem Unfall leicht verletzt. Der 30-J\u00e4hrige konnte vom Rettungsdienst vor Ort versorgt werden. Die \u00fcbrigen Verletzten wurden mit Rettungswagen in eine Klinik gebracht. Beide Fahrzeuge waren nicht mehr fahrbereit und mussten abgeschleppt werden. Der Schaden wird auf 23.000 Euro gesch\u00e4tzt. Zur Unterst\u00fctzung waren neben der Feuerwehr auch Mitarbeiter der Stra\u00dfenmeisterei an die Unfallstelle ausger\u00fcckt. Die R\u00f6merstra\u00dfe musste w\u00e4hrend der Unfallaufnahme zeitweise gesperrt werden.<\/p>\n<p style=\"text-align: justify;\"><strong>N\u00fcrtingen: 58-J\u00e4hriger angegriffen (Zeugenaufruf)<br \/>\n<\/strong>Das Polizeirevier N\u00fcrtingen sucht Zeugen zu einer Auseinandersetzung am Montagabend am Schillerplatz. Ein 58 Jahre alter Radfahrer soll gegen 19.45 Uhr einen Unbekannten, der die St\u00fchle eines in der N\u00e4he befindlichen Lokals umherwarf, aufgefordert haben, dies zu unterlassen. Der Randalierer und einer seiner beiden Begleiter sollen den 58-J\u00e4hrigen daraufhin provoziert und bedroht haben. Als der Gesch\u00e4digte beim Zur\u00fccklaufen zu seinem Fahrrad stolperte und zu Boden fiel, wurde er von den beiden Unbekannten geschlagen und getreten. Anschlie\u00dfend fl\u00fcchteten die M\u00e4nner in Begleitung eines Unbeteiligten. Der 58-J\u00e4hrige wurde nach ersten Erkenntnissen leicht verletzt. Eine sofortige \u00e4rztliche Versorgung war nicht erforderlich. Von den drei M\u00e4nnern liegt folgende Personenbeschreibung vor: Der Randalierer soll etwa 17 bis 18 Jahre alt, von sportlicher Figur und rund 170 Zentimeter gro\u00df sein. Er sprach akzentfreies Deutsch, war dunkel gekleidet und trug eine schwarze M\u00fctze. Der zweite Tatverd\u00e4chtige soll etwa 180 bis 185 Zentimeter gro\u00df und von schlaksiger Figur sein. Er hat etwas l\u00e4ngere schwarze Haare und sprach akzentfreies Deutsch und trug schwarze Kleidung und eine rote Weste. Ihr unbeteiligter Begleiter soll etwa 30 Jahre alt gewesen sein und einen Vollbart haben. Sachdienliche Hinweise von Zeugen, die der Polizei derzeit noch nicht bekannt sind, nimmt das Polizeirevier N\u00fcrtingen unter Telefon 07022\/9224-0 entgegen.<\/p>\n<p style=\"text-align: justify;\"><strong>Plochingen: In den Gegenverkehr geraten<br \/>\n<\/strong>Noch unklar ist die Ursache eines schadenstr\u00e4chtigen Verkehrsunfalls, der sich am Montagnachmittag auf der Otto-Konz-Br\u00fccke ereignet hat. Ein 67-J\u00e4hriger war kurz vor 15 Uhr mit seinem Mercedes Viano auf der Otto-Konz-Br\u00fccke von Deizisau kommend, in Richtung Plochingen unterwegs, als er aus noch ungekl\u00e4rter Ursache mit seinem Wagen immer weiter nach links und auf die Gegenfahrbahn geriet. Dort schrammte der Mercedes an der linken Seite eines entgegenkommenden Skoda Fabia einer 51-J\u00e4hrigen entlang. Dabei wurde der Skoda zun\u00e4chst gegen den Bordstein gedr\u00fcckt, bevor er auf die linke Fahrbahn geschleudert wurde, wo der Wagen zum Stehen kam. Der Mercedes, der den bisherigen verkehrspolizeilichen Ermittlungen zufolge mit unverminderter Geschwindigkeit auf der Gegenfahrspur weiterfuhr, prallte nachfolgend frontal gegen einen entgegenkommenden VW Golf eines 61-J\u00e4hrigen, der durch die Wucht des Aufpralls gegen einen BMW Mini geschleudert wurde, dessen 29 Jahre alte Fahrer das Unfallgeschehen bemerkt und bereits mehrere Meter dahinter angehalten hatte. W\u00e4hrend der Unfallverursacher und seine beiden Mitfahrer im Mercedes unverletzt blieben, wurden die Golf-Fahrerin und der Mini-Fahrer leicht verletzt. Beide wurden vom Rettungsdienst ins Krankenhaus gebracht, dass sie nach einer ambulanten Behandlung aber wieder verlassen konnten. Alle vier Fahrzeuge waren nach dem Unfall so massiv besch\u00e4digt, dass sie von Abschleppdiensten geborgen werden mussten. Der entstandene Sachschaden wird auf insgesamt mindestens 60.000 Euro gesch\u00e4tzt. Die Ermittlungen der Unfallspezialisten der Verkehrspolizei zur Unfallursache dauern an.<\/p>\n<p style=\"text-align: justify;\"><strong>Bissingen\/Teck und Dettingen\/Teck: Blitzeinschl\u00e4ge in Wohngeb\u00e4ude<br \/>\n<\/strong>Gleich zwei Blitzeinschl\u00e4ge kurz hintereinander haben in Bissingen und in Dettingen die Einsatzkr\u00e4fte von Feuerwehr und Polizei in Atem gehalten. Gegen 17.27 Uhr war ein Blitz in den Dachstuhl eines Mehrfamilienhauses in der Weinbergstra\u00dfe eingeschlagen und hatte dort einen Brand ausgel\u00f6st. Die Feuerwehr, die mit neun Fahrzeugen und 51 Feuerwehrleuten im Einsatz war, konnte durch ihren raschen Einsatz den Brand zum Gl\u00fcck rasch l\u00f6schen und so ein weiteres Ausbreiten verhindern. Verletzt wurde niemand, alle Wohnungen blieben bewohnbar. Ersten Sch\u00e4tzungen zufolge k\u00f6nnte sich der entstandene Sachschaden auf rund 30 bis 50.000 Euro belaufen. Nur wenige Minuten sp\u00e4ter, gegen 17.31 Uhr, schlug ein Blitz in das Dach eines Mehrfamilienhauses in der Blumenstra\u00dfe in Dettingen ein. Auch hier war die Feuerwehr mit drei Fahrzeugen und 17 Feuerwehrleuten im Einsatz. Zu einem Brand war es aber nicht gekommen. Es konnten mehrere zerschlagene Dachschindeln und ein Riss in der Fassade festgestellt werden. Zudem wurden die Stromleitungen im Haus besch\u00e4digt, sodass im ganzen Geb\u00e4ude der Strom ausfiel. Verletzt wurde niemand. Zur H\u00f6he des entstandenen Sachschadens liegen noch keine Informationen vor.<\/p>\n<p style=\"text-align: justify;\"><strong>Aichtal: Frontalzusammensto\u00df mit Streckensperrung<br \/>\n<\/strong>Zwei verletzte Personen und ein hoher Sachschaden sind das Ergebnis eines Verkehrsunfalles am sp\u00e4ten Sonntagabend gegen 22.45 Uhr auf der B312. Die beiden beteiligten Fahrzeuge befuhren die B312 zwischen Metzingen und Stuttgart in entgegengesetzte Fahrtrichtungen. Der 48-J\u00e4hrige Lenker eines Ford kam dabei aus bislang ungekl\u00e4rter Ursache nach links auf die Gegenfahrbahn und kollidierte dort frontal mit dem VW einer ihm entgegenkommenden 51-J\u00e4hrigen. Die Lenkerin des VW und ihr 61-J\u00e4hriger Beifahrer wurden hierbei leichtverletzt, der Unfallverursacher erlitt schwere Verletzungen. Es entstand ein Gesamtsachschaden an den beteiligten Fahrzeugen in H\u00f6he von \u00fcber 30.000 Euro. Im Rahmen der Unfallaufnahme und Fahrbahnreinigung musste die B312 zwischen Aichtal-Nord und Aichtal in beide Fahrtrichtungen f\u00fcr etwa vier Stunden vollst\u00e4ndig gesperrt werden. Neben der Polizei befanden sich sowohl die Feuerwehr, als auch der Rettungsdienst vor Ort.<\/p>\n<p style=\"text-align: justify;\"><strong>Ostfildern: Brand mit einer leichtverletzten Person<br \/>\n<\/strong>Am Montag, gegen 01.35 Uhr, ist es in Nellingen zu einem Balkonbrand an einem Hochhaus gekommen. Eine Vielzahl von Kr\u00e4ften der Polizei, den Feuerwehren Ostfildern und Esslingen sowie dem Rettungsdienst wurden daraufhin zum Brandobjekt entsandt. Beim Eintreffen der Einsatzkr\u00e4fte waren bereits Flammen und starker Rauchgeruch wahrnehmbar. Im Rahmen der sofort eingeleiteten Brandbek\u00e4mpfung und \u00dcberpr\u00fcfung des Geb\u00e4udes konnten sowohl die anwesenden Hausbewohner, als auch der vom Brand betroffene 55 Jahre alte Wohnungsinhaber, evakuiert werden. Hierbei konnte auch ermittelt werden, dass anscheinend eine Kerze auf einem Balkon angez\u00fcndet und diese dann offensichtlich brennend vergessen wurde. Zwar hatte der Bewohner der betreffenden Wohnung das entstandene Feuer kurz darauf festgestellt und eigene L\u00f6schversuche am brennenden und rauchenden Inventar auf dem Balkon unternommen, jedoch verliefen diese nicht erfolgreich. Durch die Feuerwehr musste nach dem L\u00f6schen des Balkons auch Teile der Au\u00dfenverkleidung, der Br\u00fcstung und der Hausfassade abgeschlagen werden, um dort nach Brandnestern zu suchen. Verschiedene Wohnungen mussten zudem bel\u00fcftet werden, da Rauchgase in die R\u00e4ume um den Brandort gezogen waren. Es entstanden durch den Brand Sachsch\u00e4den in H\u00f6he von ca. 30.000 Euro. Der betreffende Wohnungsinhaber wurde vom Rettungsdienst mit Verdacht auf eine Rauchgasvergiftung und weiteren Verletzungen in eine Klink verbracht. Die Feuerwehr war mit insgesamt 42 Kr\u00e4ften und neun Fahrzeugen vor Ort. Der Rettungsdienst mit 15 Einsatzkr\u00e4ften und vier Fahrzeugen. W\u00e4hrend der L\u00f6scharbeiten musste die Rinnenbachstra\u00dfe f\u00fcr den Einsatz der Drehleiter gesperrt werden. Es kam aber zu keinen Verkehrsbehinderungen.<\/p>\n<p style=\"text-align: justify;\"><strong>N\u00fcrtingen: Fahrzeugbrand<br \/>\n<\/strong>Am Sonntag, gegen 13.45 Uhr, ist es in Oberensingen zu einem Fahrzeugbrand auf der Hochwiesenstra\u00dfe gekommen. Eine 31 Jahre alte Lenkerin eines Opels teilte hierbei telefonisch der Polizeidienststelle in N\u00fcrtingen mit, dass ihr Auto soeben in Brand geraten sei. Beim Eintreffen der Streifenwagenbesatzung und der Feuerwehr N\u00fcrtingen konnte festgestellt werden, dass der Motorraum, des auf der Aubr\u00fccke stehenden Fahrzeuges, in Vollbrand stand. Die Einsatzkr\u00e4fte der Feuerwehr konnten den Brand jedoch innerhalb kurzer Zeit unter Kontrolle bringen und l\u00f6schen. Die Feuerwehr war mit zwei Fahrzeugen und elf Einsatzkr\u00e4ften an der Brandstelle im Einsatz. W\u00e4hrend der L\u00f6sch- und Aufr\u00e4umarbeiten war die Hochwiesenstra\u00dfe voll gesperrt. Es wird bislang von einem technischen Defekt ausgegangen. Am Pkw der jungen Frau entstand wirtschaftlicher Totalschaden, weshalb dieser durch einen Abschleppdienst entfernt werden musste. Die Reinigungsma\u00dfnahmen der Fahrbahn dauerten zudem l\u00e4ngere Zeit an, da unter anderem Fahrzeugteile durch die Hitzeentwicklung mit dem Asphalt verschmolzen waren. Vertreter des Bauhofes N\u00fcrtingen konnten diese jedoch vor Ort mittels eines Radladers entfernen und eine entsprechende Gefahrenbeschilderung aufstellen.<\/p>\n<hr \/>\n<p>&nbsp;<\/p>\n","protected":false},"excerpt":{"rendered":"<p>Quelle: ots Esslingen: Jugendliche entwenden zwei 13-J\u00e4hrigen eine geringe Menge an Bargeld Am Freitagabend gegen 18.30 Uhr winkte eine Gruppe Jugendlicher in einem Einkaufszentrum zwei andere Jugendliche zu sich her. Aus den jeweiligen Jackentasche entwendeten die T\u00e4ter dann von den eingesch\u00fcchterten 13-j\u00e4hrigen Jugendlichen eine geringe Menge an Bargeld. Die T\u00e4ter waren circa 16 bis 17 [&hellip;]<\/p>\n","protected":false},"author":4,"featured_media":152245,"comment_status":"closed","ping_status":"open","sticky":false,"template":"","format":"standard","meta":{"inline_featured_image":false,"_exactmetrics_skip_tracking":false,"_exactmetrics_sitenote_active":false,"_exactmetrics_sitenote_note":"","_exactmetrics_sitenote_category":0,"footnotes":""},"categories":[11240],"tags":[14857,14440,68,205,1625,9],"class_list":{"0":"post-155875","1":"post","2":"type-post","3":"status-publish","4":"format-standard","5":"has-post-thumbnail","7":"category-region-esslingen","8":"tag-die-webzeitung","9":"tag-esslingen","10":"tag-online-zeitung","11":"tag-polizei","12":"tag-report","13":"tag-schaumedia"},"image_feature":"https:\/\/die-webzeitung.de\/stuttgart\/wp-content\/uploads\/sites\/4\/2024\/02\/Polizei-Pix-scaled.jpg","author_name":"Redaktion","pure_taxonomies":{"categories":[{"term_id":11240,"name":"Polizei-Report Esslingen","slug":"region-esslingen","term_group":0,"term_taxonomy_id":11278,"taxonomy":"category","description":"Polizeiberichte aus der Region des Landkreises Esslingen","parent":1619,"count":69,"filter":"raw","image":""}],"tags":[{"term_id":14857,"name":"Die-Webzeitung","slug":"die-webzeitung","term_group":0,"term_taxonomy_id":14876,"taxonomy":"post_tag","description":"","parent":0,"count":3625,"filter":"raw","image":""},{"term_id":14440,"name":"Esslingen","slug":"esslingen","term_group":0,"term_taxonomy_id":3885,"taxonomy":"post_tag","description":"","parent":0,"count":202,"filter":"raw","image":""},{"term_id":68,"name":"Online-Zeitung","slug":"online-zeitung","term_group":0,"term_taxonomy_id":69,"taxonomy":"post_tag","description":"","parent":0,"count":3595,"filter":"raw","image":""},{"term_id":205,"name":"Polizei","slug":"polizei","term_group":0,"term_taxonomy_id":208,"taxonomy":"post_tag","description":"","parent":0,"count":277,"filter":"raw","image":""},{"term_id":1625,"name":"Report","slug":"report","term_group":0,"term_taxonomy_id":1634,"taxonomy":"post_tag","description":"","parent":0,"count":210,"filter":"raw","image":""},{"term_id":9,"name":"SchauMedia","slug":"schaumedia","term_group":0,"term_taxonomy_id":9,"taxonomy":"post_tag","description":"","parent":0,"count":1607,"filter":"raw","image":""}]},"_links":{"self":[{"href":"https:\/\/die-webzeitung.de\/stuttgart\/wp-json\/wp\/v2\/posts\/155875","targetHints":{"allow":["GET"]}}],"collection":[{"href":"https:\/\/die-webzeitung.de\/stuttgart\/wp-json\/wp\/v2\/posts"}],"about":[{"href":"https:\/\/die-webzeitung.de\/stuttgart\/wp-json\/wp\/v2\/types\/post"}],"author":[{"embeddable":true,"href":"https:\/\/die-webzeitung.de\/stuttgart\/wp-json\/wp\/v2\/users\/4"}],"replies":[{"embeddable":true,"href":"https:\/\/die-webzeitung.de\/stuttgart\/wp-json\/wp\/v2\/comments?post=155875"}],"version-history":[{"count":11,"href":"https:\/\/die-webzeitung.de\/stuttgart\/wp-json\/wp\/v2\/posts\/155875\/revisions"}],"predecessor-version":[{"id":155935,"href":"https:\/\/die-webzeitung.de\/stuttgart\/wp-json\/wp\/v2\/posts\/155875\/revisions\/155935"}],"wp:featuredmedia":[{"embeddable":true,"href":"https:\/\/die-webzeitung.de\/stuttgart\/wp-json\/wp\/v2\/media\/152245"}],"wp:attachment":[{"href":"https:\/\/die-webzeitung.de\/stuttgart\/wp-json\/wp\/v2\/media?parent=155875"}],"wp:term":[{"taxonomy":"category","embeddable":true,"href":"https:\/\/die-webzeitung.de\/stuttgart\/wp-json\/wp\/v2\/categories?post=155875"},{"taxonomy":"post_tag","embeddable":true,"href":"https:\/\/die-webzeitung.de\/stuttgart\/wp-json\/wp\/v2\/tags?post=155875"}],"curies":[{"name":"wp","href":"https:\/\/api.w.org\/{rel}","templated":true}]}}