{"id":155849,"date":"2025-04-16T13:15:22","date_gmt":"2025-04-16T12:15:22","guid":{"rendered":"https:\/\/die-webzeitung.de\/stuttgart\/?p=155849"},"modified":"2025-12-05T12:58:35","modified_gmt":"2025-12-05T11:58:35","slug":"eigentuemer-der-brandruine-in-der-schafstrasse-scheitert-vor-verwaltungsgerichtshof","status":"publish","type":"post","link":"https:\/\/die-webzeitung.de\/stuttgart\/2025\/04\/16\/eigentuemer-der-brandruine-in-der-schafstrasse-scheitert-vor-verwaltungsgerichtshof\/","title":{"rendered":"Eigent\u00fcmer der Brandruine in der Schafstra\u00dfe scheitert vor Verwaltungsgerichtshof"},"content":{"rendered":"<p style=\"text-align: justify;\">N\u00fcrtingen.| Der Verwaltungsgerichtshof Baden-W\u00fcrttemberg hat den Eilantrag des Eigent\u00fcmers der Brandruine in der Schafstra\u00dfe gegen die Ersatzvornahme der Stadt N\u00fcrtingen abgelehnt.<\/p>\n<p style=\"text-align: justify;\">\u201eIch freue mich, dass damit der Abbruch des Brandhauses n\u00e4her r\u00fcckt. Ich finde es aber unverst\u00e4ndlich, dass wir vor Gericht immer recht bekommen und die Gegenseite trotzdem wiederholt Wege findet, den Abbruch mit Rechtsmitteln hinauszuz\u00f6gern. Selbst jetzt d\u00fcrfen wir den Abbruch noch nicht direkt vornehmen \u2013 f\u00fcr mich liegt da ein Fehler im System\u201c, kommentiert Oberb\u00fcrgermeister Dr. Johannes Fridrich das Urteil, welches nicht angefochten werden kann.<\/p>\n<p style=\"text-align: justify;\">Vor mittlerweile rund vier Jahren forderte ein verheerendes Feuer zwei Todesopfer in dem Geb\u00e4ude Schafstra\u00dfe 2. Seitdem steht die Brandruine leer und ist nicht mehr bewohnbar. Da alle Versuche der Stadtverwaltung scheiterten, eine einvernehmliche L\u00f6sung mit dem Eigent\u00fcmer zu finden, erlie\u00df sie Ende Juni 2023 eine Abrissverf\u00fcgung. Dagegen legte der Eigent\u00fcmer diverse Rechtsmittel ein und verz\u00f6gerte das Verfahren durch mehrere Fristverl\u00e4ngerungsantr\u00e4ge und inhaltslose Begr\u00fcndungsschreiben bei der Stadt, dem Regierungspr\u00e4sidium und dem Verwaltungsgericht. Selbst die Festsetzung von Zwangsgeld, eine Anordnung der sofortigen Vollziehung und der Versuch der au\u00dfergerichtlichen Einigung ignorierte der Eigent\u00fcmer.<\/p>\n<p style=\"text-align: justify;\">Im Juli 2024 drohte die Stadt schlie\u00dflich dem Eigent\u00fcmer die Ersatzvornahme an. Das hei\u00dft, die Stadt h\u00e4tte den Abbruch selbst in Auftrag gegeben, falls das Geb\u00e4ude bis zu einem bestimmten Zeitpunkt noch nicht abgebrochen w\u00e4re. Dagegen stellte der Eigent\u00fcmer einen Eilantrag beim Verwaltungsgericht und beim Verwaltungsgerichtshof. Dieser ist nun abgelehnt worden.<\/p>\n<p style=\"text-align: justify;\">Dadurch kann die Stadt nun in die Vollstreckung gehen. Zun\u00e4chst wird sie ein Zwangsgeld anordnen. Falls dies ohne Wirkung bleibt, wird die Ersatzvornahme erneut angedroht und schlie\u00dflich angeordnet.<\/p>\n<hr \/>\n<p style=\"text-align: justify;\">\n","protected":false},"excerpt":{"rendered":"<p>N\u00fcrtingen.| Der Verwaltungsgerichtshof Baden-W\u00fcrttemberg hat den Eilantrag des Eigent\u00fcmers der Brandruine in der Schafstra\u00dfe gegen die Ersatzvornahme der Stadt N\u00fcrtingen abgelehnt. \u201eIch freue mich, dass damit der Abbruch des Brandhauses n\u00e4her r\u00fcckt. Ich finde es aber unverst\u00e4ndlich, dass wir vor Gericht immer recht bekommen und die Gegenseite trotzdem wiederholt Wege findet, den Abbruch mit Rechtsmitteln [&hellip;]<\/p>\n","protected":false},"author":4,"featured_media":0,"comment_status":"closed","ping_status":"open","sticky":false,"template":"","format":"standard","meta":{"inline_featured_image":false,"_exactmetrics_skip_tracking":false,"_exactmetrics_sitenote_active":false,"_exactmetrics_sitenote_note":"","_exactmetrics_sitenote_category":0,"footnotes":""},"categories":[2247],"tags":[18060,14857,15471,68,18059,9],"class_list":{"0":"post-155849","1":"post","2":"type-post","3":"status-publish","4":"format-standard","6":"category-kreis-esslingen","7":"tag-brandruine","8":"tag-die-webzeitung","9":"tag-nuertingen","10":"tag-online-zeitung","11":"tag-schafstrasse","12":"tag-schaumedia"},"image_feature":null,"author_name":"Redaktion","pure_taxonomies":{"categories":[{"term_id":2247,"name":"Kreis Esslingen","slug":"kreis-esslingen","term_group":0,"term_taxonomy_id":2260,"taxonomy":"category","description":"Informationen aus dem Landkreis Esslingen","parent":171,"count":214,"filter":"raw","image":""}],"tags":[{"term_id":18060,"name":"Brandruine","slug":"brandruine","term_group":0,"term_taxonomy_id":18079,"taxonomy":"post_tag","description":"","parent":0,"count":1,"filter":"raw","image":""},{"term_id":14857,"name":"Die-Webzeitung","slug":"die-webzeitung","term_group":0,"term_taxonomy_id":14876,"taxonomy":"post_tag","description":"","parent":0,"count":3625,"filter":"raw","image":""},{"term_id":15471,"name":"N\u00fcrtingen","slug":"nuertingen","term_group":0,"term_taxonomy_id":15490,"taxonomy":"post_tag","description":"","parent":0,"count":8,"filter":"raw","image":""},{"term_id":68,"name":"Online-Zeitung","slug":"online-zeitung","term_group":0,"term_taxonomy_id":69,"taxonomy":"post_tag","description":"","parent":0,"count":3595,"filter":"raw","image":""},{"term_id":18059,"name":"Schafstra\u00dfe","slug":"schafstrasse","term_group":0,"term_taxonomy_id":18078,"taxonomy":"post_tag","description":"","parent":0,"count":1,"filter":"raw","image":""},{"term_id":9,"name":"SchauMedia","slug":"schaumedia","term_group":0,"term_taxonomy_id":9,"taxonomy":"post_tag","description":"","parent":0,"count":1607,"filter":"raw","image":""}]},"_links":{"self":[{"href":"https:\/\/die-webzeitung.de\/stuttgart\/wp-json\/wp\/v2\/posts\/155849","targetHints":{"allow":["GET"]}}],"collection":[{"href":"https:\/\/die-webzeitung.de\/stuttgart\/wp-json\/wp\/v2\/posts"}],"about":[{"href":"https:\/\/die-webzeitung.de\/stuttgart\/wp-json\/wp\/v2\/types\/post"}],"author":[{"embeddable":true,"href":"https:\/\/die-webzeitung.de\/stuttgart\/wp-json\/wp\/v2\/users\/4"}],"replies":[{"embeddable":true,"href":"https:\/\/die-webzeitung.de\/stuttgart\/wp-json\/wp\/v2\/comments?post=155849"}],"version-history":[{"count":1,"href":"https:\/\/die-webzeitung.de\/stuttgart\/wp-json\/wp\/v2\/posts\/155849\/revisions"}],"predecessor-version":[{"id":155850,"href":"https:\/\/die-webzeitung.de\/stuttgart\/wp-json\/wp\/v2\/posts\/155849\/revisions\/155850"}],"wp:attachment":[{"href":"https:\/\/die-webzeitung.de\/stuttgart\/wp-json\/wp\/v2\/media?parent=155849"}],"wp:term":[{"taxonomy":"category","embeddable":true,"href":"https:\/\/die-webzeitung.de\/stuttgart\/wp-json\/wp\/v2\/categories?post=155849"},{"taxonomy":"post_tag","embeddable":true,"href":"https:\/\/die-webzeitung.de\/stuttgart\/wp-json\/wp\/v2\/tags?post=155849"}],"curies":[{"name":"wp","href":"https:\/\/api.w.org\/{rel}","templated":true}]}}