{"id":155832,"date":"2025-04-14T16:59:10","date_gmt":"2025-04-14T15:59:10","guid":{"rendered":"https:\/\/die-webzeitung.de\/stuttgart\/2025\/04\/14\/wer-gewalttaetig-wird-muss-ausziehen\/"},"modified":"2025-04-14T16:59:10","modified_gmt":"2025-04-14T15:59:10","slug":"wer-gewalttaetig-wird-muss-ausziehen","status":"publish","type":"post","link":"https:\/\/die-webzeitung.de\/stuttgart\/2025\/04\/14\/wer-gewalttaetig-wird-muss-ausziehen\/","title":{"rendered":"Wer gewaltt\u00e4tig wird, muss ausziehen"},"content":{"rendered":"<p style=\"text-align: justify;\"><strong>Wird jemand in einem gemeinsamen Haushalt gegen Mitbewohnerinnen oder Mitbewohner gewaltt\u00e4tig, kann beim Amtsgericht angeordnet werden, dass die \u00fcbergriffige Person ausziehen muss. Die W\u00fcstenrot Bausparkasse AG weist auf eine aktuelle Entscheidung des Oberlandesgerichts Frankfurt\/Main (6 UF 105\/24) hin. Aus ihr ergeben sich die Voraussetzungen f\u00fcr einen solchen Gerichtsbeschluss.<\/strong><\/p>\n<p style=\"text-align: justify;\">Ein nicht verheiratetes Paar lebte mit vier Kindern in einer gemeinsam angemieteten Wohnung. Nachdem es immer wieder zu Streitigkeiten kam, zog die Frau mit den beiden j\u00fcngsten Kindern zu ihrer Mutter. Sie erhielten jedoch einen Wohnungsschl\u00fcssel und betrat wiederholt die alte Wohnung, um Sachen zu holen. Bei einem dieser Besuche wurde der Ex-Partner gewaltt\u00e4tig. Daraufhin beantragte die Frau beim Amtsgericht, dass ihr die Wohnung zur alleinigen Nutzung zugewiesen werde und der Ex-Partner ausziehen m\u00fcsse. Das Amtsgericht gab dem Antrag statt. Auf Beschwerde des Mannes wies jedoch das Oberlandesgericht Frankfurt\/Main das Begehren der Frau zur\u00fcck.<\/p>\n<p style=\"text-align: justify;\">Laut der Entscheidung wurde der gew\u00fcnschte Beschluss vorausgeschickt, dass der gemeinsame Haushalt im Zeitpunkt des gewaltt\u00e4tigen \u00dcbergriffs noch bestanden hat. Dies sei jedoch nicht der Fall gewesen, da die Frau die gemeinsame Wohnung bereits verlassen hatte. Erg\u00e4nzend weist W\u00fcstenrot darauf hin, dass bei einem gewaltt\u00e4tigen \u00dcbergriff in einem gemeinsamen Haushalt das Gericht die Wohnung der verletzten Partnerin bzw. verletzt. dem verletzten Partner in der Regel zeitlich befristet zuweist. Die \u00fcbergriffige Person muss dann f\u00fcr diesen Zeitraum aus der Wohnung ausziehen, selbst wenn sie deren Eigent\u00fcmerin oder Eigent\u00fcmerin ist.<\/p>\n<hr \/>\n<p style=\"text-align: justify;\">\n","protected":false},"excerpt":{"rendered":"<p>Wird jemand in einem gemeinsamen Haushalt gegen Mitbewohnerinnen oder Mitbewohner gewaltt\u00e4tig, kann beim Amtsgericht angeordnet werden, dass die \u00fcbergriffige Person ausziehen muss. Die W\u00fcstenrot Bausparkasse AG weist auf eine aktuelle Entscheidung des Oberlandesgerichts Frankfurt\/Main (6 UF 105\/24) hin. Aus ihr ergeben sich die Voraussetzungen f\u00fcr einen solchen Gerichtsbeschluss. Ein nicht verheiratetes Paar lebte mit vier [&hellip;]<\/p>\n","protected":false},"author":4,"featured_media":0,"comment_status":"closed","ping_status":"open","sticky":false,"template":"","format":"standard","meta":{"inline_featured_image":false,"_exactmetrics_skip_tracking":false,"_exactmetrics_sitenote_active":false,"_exactmetrics_sitenote_note":"","_exactmetrics_sitenote_category":0,"footnotes":""},"categories":[2237],"tags":[18056,14857,18057,68,9,1442,910],"class_list":{"0":"post-155832","1":"post","2":"type-post","3":"status-publish","4":"format-standard","6":"category-ratgeber-leben","7":"tag-ausziehen","8":"tag-die-webzeitung","9":"tag-gewalttaetig","10":"tag-online-zeitung","11":"tag-schaumedia","12":"tag-ww","13":"tag-wohnung"},"image_feature":null,"author_name":"Redaktion","pure_taxonomies":{"categories":[{"term_id":2237,"name":"Ratgeber","slug":"ratgeber-leben","term_group":0,"term_taxonomy_id":2250,"taxonomy":"category","description":"","parent":482,"count":380,"filter":"raw","image":""}],"tags":[{"term_id":18056,"name":"ausziehen","slug":"ausziehen","term_group":0,"term_taxonomy_id":18075,"taxonomy":"post_tag","description":"","parent":0,"count":1,"filter":"raw","image":""},{"term_id":14857,"name":"Die-Webzeitung","slug":"die-webzeitung","term_group":0,"term_taxonomy_id":14876,"taxonomy":"post_tag","description":"","parent":0,"count":3625,"filter":"raw","image":""},{"term_id":18057,"name":"gewaltt\u00e4tig","slug":"gewalttaetig","term_group":0,"term_taxonomy_id":18076,"taxonomy":"post_tag","description":"","parent":0,"count":1,"filter":"raw","image":""},{"term_id":68,"name":"Online-Zeitung","slug":"online-zeitung","term_group":0,"term_taxonomy_id":69,"taxonomy":"post_tag","description":"","parent":0,"count":3595,"filter":"raw","image":""},{"term_id":9,"name":"SchauMedia","slug":"schaumedia","term_group":0,"term_taxonomy_id":9,"taxonomy":"post_tag","description":"","parent":0,"count":1607,"filter":"raw","image":""},{"term_id":1442,"name":"W&amp;W","slug":"ww","term_group":0,"term_taxonomy_id":1451,"taxonomy":"post_tag","description":"","parent":0,"count":79,"filter":"raw","image":""},{"term_id":910,"name":"Wohnung","slug":"wohnung","term_group":0,"term_taxonomy_id":919,"taxonomy":"post_tag","description":"","parent":0,"count":7,"filter":"raw","image":""}]},"_links":{"self":[{"href":"https:\/\/die-webzeitung.de\/stuttgart\/wp-json\/wp\/v2\/posts\/155832","targetHints":{"allow":["GET"]}}],"collection":[{"href":"https:\/\/die-webzeitung.de\/stuttgart\/wp-json\/wp\/v2\/posts"}],"about":[{"href":"https:\/\/die-webzeitung.de\/stuttgart\/wp-json\/wp\/v2\/types\/post"}],"author":[{"embeddable":true,"href":"https:\/\/die-webzeitung.de\/stuttgart\/wp-json\/wp\/v2\/users\/4"}],"replies":[{"embeddable":true,"href":"https:\/\/die-webzeitung.de\/stuttgart\/wp-json\/wp\/v2\/comments?post=155832"}],"version-history":[{"count":0,"href":"https:\/\/die-webzeitung.de\/stuttgart\/wp-json\/wp\/v2\/posts\/155832\/revisions"}],"wp:attachment":[{"href":"https:\/\/die-webzeitung.de\/stuttgart\/wp-json\/wp\/v2\/media?parent=155832"}],"wp:term":[{"taxonomy":"category","embeddable":true,"href":"https:\/\/die-webzeitung.de\/stuttgart\/wp-json\/wp\/v2\/categories?post=155832"},{"taxonomy":"post_tag","embeddable":true,"href":"https:\/\/die-webzeitung.de\/stuttgart\/wp-json\/wp\/v2\/tags?post=155832"}],"curies":[{"name":"wp","href":"https:\/\/api.w.org\/{rel}","templated":true}]}}