{"id":155823,"date":"2025-04-14T16:36:52","date_gmt":"2025-04-14T15:36:52","guid":{"rendered":"https:\/\/die-webzeitung.de\/stuttgart\/?p=155823"},"modified":"2025-04-14T16:36:52","modified_gmt":"2025-04-14T15:36:52","slug":"polizeiliche-massnahmen-beim-85-stuttgarter-fruehlingsfest","status":"publish","type":"post","link":"https:\/\/die-webzeitung.de\/stuttgart\/2025\/04\/14\/polizeiliche-massnahmen-beim-85-stuttgarter-fruehlingsfest\/","title":{"rendered":"Polizeiliche Ma\u00dfnahmen beim 85. Stuttgarter Fr\u00fchlingsfest"},"content":{"rendered":"<p style=\"text-align: justify;\">Stuttgart-Bad Cannstatt.|\u00a0In wenigen Tagen ist es wieder soweit: Auf dem Cannstatter Wasen geht das Stuttgarter Fr\u00fchlingsfest in die 85. Runde. Gemeinsam mit allen beteiligten Sicherheitspartnern bereitet sich die Stuttgarter Polizei intensiv auf dieses Ereignis, das vom 19. April bis 11. Mai 2025 stattfindet, vor. Dabei steht f\u00fcr die Polizei vor allem die Sicherheit der Festbesucherinnen und -besucher im Fokus.<\/p>\n<p style=\"text-align: justify;\">&#8220;Das Stuttgarter Fr\u00fchlingsfest steht f\u00fcr unbeschwerte Freude, Spa\u00df und ein geselliges Miteinander &#8211; und geh\u00f6rt seit 85 Jahren zu unserem Brauch. Die Polizei tut dabei alles, damit sich die Wasenbesucher auch sicher f\u00fchlen k\u00f6nnen. Dabei kommt ein ausgefeiltes Sicherheitskonzept und modernste Videotechnik zum Einsatz. Unsere Sicherheitsbeh\u00f6rden sind wachsam und tun alles daf\u00fcr, die Sicherheit auf dem Festgel\u00e4nde zu gew\u00e4hrleisten&#8221;, sagte der Stv. Ministerpr\u00e4sident und Innenminister Thomas Strobl mit Blick auf das anstehende Volksfest. Eine zentrale Rolle spielt dabei der Betrieb der Wasenwache, an der alle Bausteine der Sicherheitsarchitektur ineinandergreifen. Auf kurzen Wegen arbeiten dabei das Rote Kreuz, die Feuerwehr, der Veranstalter in.stuttgart, die Bundespolizei und die polizeilichen Einsatzkr\u00e4fte der Wasenwache eng zusammen. &#8220;Unser Sicherheitskonzept, das sich seit Jahren auf einem sehr hohen Niveau befindet, hat sich in der Vergangenheit bereits mehrfach bew\u00e4hrt. Dennoch haben wir dieses Konzept weiterentwickelt und verfeinert, um allen G\u00e4sten einen unbeschwerten Besuch des Fr\u00fchlingsfestes zu erm\u00f6glichen&#8221;, so Polizeipr\u00e4sident Markus Eisenbraun.<\/p>\n<p style=\"text-align: justify;\">Unterst\u00fctzt wird das Polizeipr\u00e4sidium Stuttgart w\u00e4hrend der Zeit des Fr\u00fchlingsfestes durch Kolleginnen und Kollegen des Polizeipr\u00e4sidiums Einsatz. T\u00e4glich sind \u00fcber 100 Beamtinnen und Beamte auf dem Festgel\u00e4nde im Einsatz, um die Sicherheit der Festbesucherinnen und Besucher zu gew\u00e4hrleisten.<\/p>\n<p style=\"text-align: justify;\">Die Einsatzkr\u00e4fte werden an den Zug\u00e4ngen und auf dem Festgel\u00e4nde, aber auch rund um den Cannstatter Wasen pr\u00e4sent sein und stehen als Ansprechpartner f\u00fcr alle Besucherinnen und Besucher zur Verf\u00fcgung. Unterst\u00fctzt wird die polizeiliche<\/p>\n<p style=\"text-align: justify;\">Arbeit dabei durch die Videobeobachtungsanlage, die es erm\u00f6glicht, potenzielle Auseinandersetzungen oder Bedrohungslagen bereits im Vorfeld zu erkennen, um schnell intervenieren zu k\u00f6nnen. Auch aufgrund der nach wie vor hohen abstrakten Gefahr von Anschl\u00e4gen wird die Polizei sehr konzentriert und wachsam sein, die Sicherheitslage ganz genau beobachten und dort handeln, wo es n\u00f6tig ist. Besondere Aufmerksamkeit gilt dem Thema Messer und anderen gef\u00e4hrliche Gegenst\u00e4nden. Auf dem gesamten Festgel\u00e4nde gilt ein Waffen- und Messerverbot. Der Veranstalter wird mit seinem Sicherheitsdienst an den Zug\u00e4ngen Kontrollen durchf\u00fchren, um sicherzustellen, dass keine verbotenen Gegenst\u00e4nde auf das Festgel\u00e4nde gelangen. Die Polizei appelliert an alle Besucherinnen und Besucher, verantwortungsbewusst zu handeln und auf das Mitf\u00fchren von Messern und gef\u00e4hrlichen Gegenst\u00e4nden zu verzichten.<\/p>\n<p style=\"text-align: justify;\">Dar\u00fcber hinaus begleitet die Polizei das Fr\u00fchlingsfest wieder mit verschiedenen Pr\u00e4ventionsma\u00dfnahmen. Auf dem Festgel\u00e4nde sind uniformierte und zivile Fu\u00dfstreifen unterwegs, die ihr Augenmerk auf m\u00f6gliche, auff\u00e4llige Gruppierungen sowie die Einhaltung der Jugendschutzbestimmungen legen. Bereits bei der Anreise m\u00fcssen erkennbar Betrunkene damit rechnen, kontrolliert zu werden. Aus der polizeilichen Erfahrung heraus werden dabei junge Menschen vorrangig im Fokus der Polizei stehen. Auch in diesem Jahr k\u00f6nnen sich die Besucherinnen und Besucher des Fr\u00fchlingsfestes an einem Informationsstand informieren. Die Beamtinnen und Beamten des Referats Pr\u00e4vention beraten an folgenden Tagen<\/p>\n<ul>\n<li>Dienstag, 22.04.2025<\/li>\n<li>Mittwoch, 23.04.2025<\/li>\n<li>Mittwoch, 30.04.2025<\/li>\n<li>Dienstag, 06.05.2025<\/li>\n<li>Mittwoch, 07.05.2025<\/li>\n<\/ul>\n<p style=\"text-align: justify;\">von 15.00 Uhr bis 18.00 Uhr an einem Infostand gegen\u00fcber der Tunnelzufahrt aus Richtung Mercedesstra\u00dfe. In diesem Zeitfenstern wird es auch Pr\u00e4ventionsstreifen auf dem Wasengel\u00e4nde geben. Am 07. Mai beteiligt sich die Bundespolizei am Infostand und am 22. April und am 07.Mai ist &#8211; zus\u00e4tzlich zur Pr\u00e4vention &#8211; die Beteiligung der Einstellungsberatung geplant. Die Polizei w\u00fcnscht allen Besucherinnen und Besuchern ein friedliches und fr\u00f6hliches Festvergn\u00fcgen.<\/p>\n<h4 style=\"text-align: justify;\"><strong>Pr\u00e4ventionstipps der Polizei Stuttgart zum Thema Taschendiebstahl:<\/strong><\/h4>\n<ul>\n<li style=\"text-align: justify;\"><strong>Nehmen Sie nur so viel Bargeld mit, wie Sie tats\u00e4chlich ben\u00f6tigen.<\/strong><\/li>\n<li style=\"text-align: justify;\"><strong>Tragen Sie Geld- und Zahlungskarten sowie Dokumente immer in verschiedenen verschlossenen Innentaschen der Kleidung m\u00f6glichst dicht am K\u00f6rper.<\/strong><\/li>\n<li style=\"text-align: justify;\"><strong>Tragen Sie Ihre Hand- oder Umh\u00e4ngetasche immer mit der Verschlussseite zum K\u00f6rper.<\/strong><\/li>\n<li style=\"text-align: justify;\"><strong>Halten Sie Ihre mitgef\u00fchrte Tasche stets geschlossen.<\/strong><\/li>\n<li style=\"text-align: justify;\"><strong>Lassen Sie Ihr Handy, Ihre Handtasche oder Jacke niemals unbeaufsichtigt.<\/strong><\/li>\n<li style=\"text-align: justify;\"><strong>Achten Sie bei einem Menschengedr\u00e4nge verst\u00e4rkt auf Ihre Wertsachen.<\/strong><\/li>\n<\/ul>\n<p style=\"text-align: justify;\">Die Polizei weist \u00fcberdies darauf hin, dass der Veranstalter den Konsum von Cannabis auf dem gesamten Festgel\u00e4nde als auch in den Festzelten untersagt. Weitere Informationen finden Sie im Internet unter <a href=\"http:\/\/www.polizei-stuttgart.de\" target=\"_blank\" rel=\"noopener\">www.polizei-stuttgart.de<\/a>.<\/p>\n<hr \/>\n<p style=\"text-align: justify;\">\n","protected":false},"excerpt":{"rendered":"<p>Stuttgart-Bad Cannstatt.|\u00a0In wenigen Tagen ist es wieder soweit: Auf dem Cannstatter Wasen geht das Stuttgarter Fr\u00fchlingsfest in die 85. Runde. Gemeinsam mit allen beteiligten Sicherheitspartnern bereitet sich die Stuttgarter Polizei intensiv auf dieses Ereignis, das vom 19. April bis 11. Mai 2025 stattfindet, vor. Dabei steht f\u00fcr die Polizei vor allem die Sicherheit der Festbesucherinnen [&hellip;]<\/p>\n","protected":false},"author":4,"featured_media":151012,"comment_status":"closed","ping_status":"open","sticky":false,"template":"","format":"standard","meta":{"inline_featured_image":false,"_exactmetrics_skip_tracking":false,"_exactmetrics_sitenote_active":false,"_exactmetrics_sitenote_note":"","_exactmetrics_sitenote_category":0,"footnotes":""},"categories":[59],"tags":[14857,10443,68,205,9],"class_list":{"0":"post-155823","1":"post","2":"type-post","3":"status-publish","4":"format-standard","5":"has-post-thumbnail","7":"category-aktuell","8":"tag-die-webzeitung","9":"tag-fruhlingsfest","10":"tag-online-zeitung","11":"tag-polizei","12":"tag-schaumedia"},"image_feature":"https:\/\/die-webzeitung.de\/stuttgart\/wp-content\/uploads\/sites\/4\/2023\/09\/cannstatter-wasen-61623_1280-scaled.jpg","author_name":"Redaktion","pure_taxonomies":{"categories":[{"term_id":59,"name":"Aktuell","slug":"aktuell","term_group":0,"term_taxonomy_id":60,"taxonomy":"category","description":"","parent":0,"count":1017,"filter":"raw","image":""}],"tags":[{"term_id":14857,"name":"Die-Webzeitung","slug":"die-webzeitung","term_group":0,"term_taxonomy_id":14876,"taxonomy":"post_tag","description":"","parent":0,"count":3625,"filter":"raw","image":""},{"term_id":10443,"name":"Fr\u00fchlingsfest","slug":"fruhlingsfest","term_group":0,"term_taxonomy_id":10478,"taxonomy":"post_tag","description":"","parent":0,"count":10,"filter":"raw","image":""},{"term_id":68,"name":"Online-Zeitung","slug":"online-zeitung","term_group":0,"term_taxonomy_id":69,"taxonomy":"post_tag","description":"","parent":0,"count":3595,"filter":"raw","image":""},{"term_id":205,"name":"Polizei","slug":"polizei","term_group":0,"term_taxonomy_id":208,"taxonomy":"post_tag","description":"","parent":0,"count":277,"filter":"raw","image":""},{"term_id":9,"name":"SchauMedia","slug":"schaumedia","term_group":0,"term_taxonomy_id":9,"taxonomy":"post_tag","description":"","parent":0,"count":1607,"filter":"raw","image":""}]},"_links":{"self":[{"href":"https:\/\/die-webzeitung.de\/stuttgart\/wp-json\/wp\/v2\/posts\/155823","targetHints":{"allow":["GET"]}}],"collection":[{"href":"https:\/\/die-webzeitung.de\/stuttgart\/wp-json\/wp\/v2\/posts"}],"about":[{"href":"https:\/\/die-webzeitung.de\/stuttgart\/wp-json\/wp\/v2\/types\/post"}],"author":[{"embeddable":true,"href":"https:\/\/die-webzeitung.de\/stuttgart\/wp-json\/wp\/v2\/users\/4"}],"replies":[{"embeddable":true,"href":"https:\/\/die-webzeitung.de\/stuttgart\/wp-json\/wp\/v2\/comments?post=155823"}],"version-history":[{"count":1,"href":"https:\/\/die-webzeitung.de\/stuttgart\/wp-json\/wp\/v2\/posts\/155823\/revisions"}],"predecessor-version":[{"id":155824,"href":"https:\/\/die-webzeitung.de\/stuttgart\/wp-json\/wp\/v2\/posts\/155823\/revisions\/155824"}],"wp:featuredmedia":[{"embeddable":true,"href":"https:\/\/die-webzeitung.de\/stuttgart\/wp-json\/wp\/v2\/media\/151012"}],"wp:attachment":[{"href":"https:\/\/die-webzeitung.de\/stuttgart\/wp-json\/wp\/v2\/media?parent=155823"}],"wp:term":[{"taxonomy":"category","embeddable":true,"href":"https:\/\/die-webzeitung.de\/stuttgart\/wp-json\/wp\/v2\/categories?post=155823"},{"taxonomy":"post_tag","embeddable":true,"href":"https:\/\/die-webzeitung.de\/stuttgart\/wp-json\/wp\/v2\/tags?post=155823"}],"curies":[{"name":"wp","href":"https:\/\/api.w.org\/{rel}","templated":true}]}}