{"id":155818,"date":"2025-04-13T17:45:09","date_gmt":"2025-04-13T16:45:09","guid":{"rendered":"https:\/\/die-webzeitung.de\/stuttgart\/?p=155818"},"modified":"2025-04-13T17:45:09","modified_gmt":"2025-04-13T16:45:09","slug":"stuttgart-netze-erneuert-gasleitung-am-kraeherwald","status":"publish","type":"post","link":"https:\/\/die-webzeitung.de\/stuttgart\/2025\/04\/13\/stuttgart-netze-erneuert-gasleitung-am-kraeherwald\/","title":{"rendered":"Stuttgart Netze erneuert Gasleitung am Kr\u00e4herwald"},"content":{"rendered":"<p style=\"text-align: justify;\">Stuttgart.| Im Rahmen einer routinem\u00e4\u00dfigen Kontrolle des Gasnetzes, das in Stuttgart rund 2.100 Kilometer umfasst, haben Fachkr\u00e4fte der Stuttgarter Netze am Samstagabend, 12. April, an der Kreuzung Am Kr\u00e4herwald \/ Botnanger Stra\u00dfe eine Leckage festgestellt.<\/p>\n<p style=\"text-align: justify;\">Dank hochsensibler Messtechnik konnte das Leck erkannt und die Reparaturarbeiten umgehend eingeleitet werden. Zu keinem Zeitpunkt bestand eine Gef\u00e4hrdung f\u00fcr Anwohnerinnen oder Anwohner. Aufgrund der Komplexit\u00e4t der Arbeiten und der anstehenden Feiertage l\u00e4sst sich noch nicht absehen, ob die Baustelle bis zum Gr\u00fcndonnerstag abgeschlossen sein wird.<\/p>\n<p style=\"text-align: justify;\">Der Verkehr bleibt weitgehend unbeeintr\u00e4chtigt: Lediglich Fahrzeuge, die aus Richtung Killesberg nach Botnang fahren m\u00f6chten, werden \u00fcber den Schattenring umgeleitet, wo sie sich wenden k\u00f6nnen. Der Busverkehr der SSB ist von der Bauma\u00dfnahme nicht betroffen und verkehrt planm\u00e4\u00dfig.<\/p>\n<p style=\"text-align: justify;\">Die Stuttgarter Netze bitten um Verst\u00e4ndnis f\u00fcr die notwendigen Ma\u00dfnahmen und danken sich bei allen Verkehrsteilnehmern f\u00fcr ihre Geduld.<\/p>\n<p style=\"text-align: justify;\">Die Stuttgarter Netze sorgen daf\u00fcr, dass in Stuttgart rund um die Uhr Strom und Gas zuverl\u00e4ssig bei den Menschen ankommen. Als Verteilnetzbetreiber sind wir f\u00fcr Betrieb, Wartung und Modernisierung des 5.600 Kilometer langen Stromnetzes sowie des 2.100 Kilometer langen Gasnetzes der Landeshauptstadt verantwortlich. Neben der Versorgungssicherheit investieren wir in die Weiterentwicklung der Netze, um den steigenden Anforderungen der Energiewende gerecht zu werden und eine zukunftsf\u00e4hige Energieinfrastruktur in Stuttgart zu schaffen. Wir erweitern und verst\u00e4rken das Netz, wenn neue Ladepunkte f\u00fcr Elektrofahrzeuge entstehen, B\u00fcrger Solaranlagen installieren oder Neubauten ans Stromnetz angeschlossen werden. Zus\u00e4tzlich sind wir im Auftrag der Stadt Stuttgart f\u00fcr die \u00f6ffentliche Stra\u00dfenbeleuchtung zust\u00e4ndig und betreuen rund 74.000 Leuchten im gesamten Stadtgebiet. Als Tochtergesellschaft der Stadtwerke Stuttgart unterst\u00fctzen wir mit rund 600 Mitarbeitenden die Landeshauptstadt Stuttgart auf dem Weg zur Klimaneutralit\u00e4t bis 2035.<\/p>\n<hr \/>\n<p style=\"text-align: justify;\">\n","protected":false},"excerpt":{"rendered":"<p>Stuttgart.| Im Rahmen einer routinem\u00e4\u00dfigen Kontrolle des Gasnetzes, das in Stuttgart rund 2.100 Kilometer umfasst, haben Fachkr\u00e4fte der Stuttgarter Netze am Samstagabend, 12. April, an der Kreuzung Am Kr\u00e4herwald \/ Botnanger Stra\u00dfe eine Leckage festgestellt. Dank hochsensibler Messtechnik konnte das Leck erkannt und die Reparaturarbeiten umgehend eingeleitet werden. Zu keinem Zeitpunkt bestand eine Gef\u00e4hrdung f\u00fcr [&hellip;]<\/p>\n","protected":false},"author":4,"featured_media":155819,"comment_status":"closed","ping_status":"open","sticky":false,"template":"","format":"standard","meta":{"inline_featured_image":false,"_exactmetrics_skip_tracking":false,"_exactmetrics_sitenote_active":false,"_exactmetrics_sitenote_note":"","_exactmetrics_sitenote_category":0,"footnotes":""},"categories":[2239],"tags":[14857,13191,18055,12355,68,9,275],"class_list":{"0":"post-155818","1":"post","2":"type-post","3":"status-publish","4":"format-standard","5":"has-post-thumbnail","7":"category-stuttgart-lokal","8":"tag-die-webzeitung","9":"tag-gasleitung","10":"tag-leckage","11":"tag-netze-bw","12":"tag-online-zeitung","13":"tag-schaumedia","14":"tag-stuttgart"},"image_feature":"https:\/\/die-webzeitung.de\/stuttgart\/wp-content\/uploads\/sites\/4\/2025\/04\/gas-9426301_1280-scaled.jpg","author_name":"Redaktion","pure_taxonomies":{"categories":[{"term_id":2239,"name":"Stuttgart","slug":"stuttgart-lokal","term_group":0,"term_taxonomy_id":2252,"taxonomy":"category","description":"Berichte und Informationen aus Stuttgart","parent":1433,"count":942,"filter":"raw","image":""}],"tags":[{"term_id":14857,"name":"Die-Webzeitung","slug":"die-webzeitung","term_group":0,"term_taxonomy_id":14876,"taxonomy":"post_tag","description":"","parent":0,"count":3625,"filter":"raw","image":""},{"term_id":13191,"name":"Gasleitung","slug":"gasleitung","term_group":0,"term_taxonomy_id":13232,"taxonomy":"post_tag","description":"","parent":0,"count":2,"filter":"raw","image":""},{"term_id":18055,"name":"Leckage","slug":"leckage","term_group":0,"term_taxonomy_id":18074,"taxonomy":"post_tag","description":"","parent":0,"count":1,"filter":"raw","image":""},{"term_id":12355,"name":"Netze BW","slug":"netze-bw","term_group":0,"term_taxonomy_id":12393,"taxonomy":"post_tag","description":"","parent":0,"count":6,"filter":"raw","image":""},{"term_id":68,"name":"Online-Zeitung","slug":"online-zeitung","term_group":0,"term_taxonomy_id":69,"taxonomy":"post_tag","description":"","parent":0,"count":3595,"filter":"raw","image":""},{"term_id":9,"name":"SchauMedia","slug":"schaumedia","term_group":0,"term_taxonomy_id":9,"taxonomy":"post_tag","description":"","parent":0,"count":1607,"filter":"raw","image":""},{"term_id":275,"name":"Stuttgart","slug":"stuttgart","term_group":0,"term_taxonomy_id":281,"taxonomy":"post_tag","description":"","parent":0,"count":1195,"filter":"raw","image":""}]},"_links":{"self":[{"href":"https:\/\/die-webzeitung.de\/stuttgart\/wp-json\/wp\/v2\/posts\/155818","targetHints":{"allow":["GET"]}}],"collection":[{"href":"https:\/\/die-webzeitung.de\/stuttgart\/wp-json\/wp\/v2\/posts"}],"about":[{"href":"https:\/\/die-webzeitung.de\/stuttgart\/wp-json\/wp\/v2\/types\/post"}],"author":[{"embeddable":true,"href":"https:\/\/die-webzeitung.de\/stuttgart\/wp-json\/wp\/v2\/users\/4"}],"replies":[{"embeddable":true,"href":"https:\/\/die-webzeitung.de\/stuttgart\/wp-json\/wp\/v2\/comments?post=155818"}],"version-history":[{"count":1,"href":"https:\/\/die-webzeitung.de\/stuttgart\/wp-json\/wp\/v2\/posts\/155818\/revisions"}],"predecessor-version":[{"id":155820,"href":"https:\/\/die-webzeitung.de\/stuttgart\/wp-json\/wp\/v2\/posts\/155818\/revisions\/155820"}],"wp:featuredmedia":[{"embeddable":true,"href":"https:\/\/die-webzeitung.de\/stuttgart\/wp-json\/wp\/v2\/media\/155819"}],"wp:attachment":[{"href":"https:\/\/die-webzeitung.de\/stuttgart\/wp-json\/wp\/v2\/media?parent=155818"}],"wp:term":[{"taxonomy":"category","embeddable":true,"href":"https:\/\/die-webzeitung.de\/stuttgart\/wp-json\/wp\/v2\/categories?post=155818"},{"taxonomy":"post_tag","embeddable":true,"href":"https:\/\/die-webzeitung.de\/stuttgart\/wp-json\/wp\/v2\/tags?post=155818"}],"curies":[{"name":"wp","href":"https:\/\/api.w.org\/{rel}","templated":true}]}}