{"id":155813,"date":"2025-04-14T16:25:22","date_gmt":"2025-04-14T15:25:22","guid":{"rendered":"https:\/\/die-webzeitung.de\/stuttgart\/?p=155813"},"modified":"2025-04-20T16:32:10","modified_gmt":"2025-04-20T15:32:10","slug":"polizei-report-kreis-esslingen-woche-16-5","status":"publish","type":"post","link":"https:\/\/die-webzeitung.de\/stuttgart\/2025\/04\/14\/polizei-report-kreis-esslingen-woche-16-5\/","title":{"rendered":"Polizei-Report Kreis Esslingen | Woche 16"},"content":{"rendered":"<p><em>Quelle: ots<\/em><\/p>\n<p style=\"text-align: justify;\"><strong>B10 Esslingen: Vor beabsichtigter Kontrolle gefl\u00fcchtet (Zeugenaufruf)<br \/>\n<\/strong>Das Polizeirevier Esslingen ermittelt gegen den bislang unbekannten Fahrer eines Pkw Cupra Formentor, welcher einer Streifenwagenbesatzung am Samstagabend aufgrund dessen Fahrweise auf der B 10 H\u00f6he Esslingen-Mettingen aufgefallen ist. Gegen 21.00 Uhr fuhr der Cupra in Richtung Stuttgart mit deutlich mehr als der erlaubten H\u00f6chstgeschwindigkeit, woraufhin die Verfolgung aufgenommen wurde und der Fahrer einer Kontrolle unterzogen werden sollte. Der Cupra-Lenker missachtete jedoch s\u00e4mtliche Anhaltesignale des Streifenwagens und wurde in Stuttgart am Teiler B 10 \/ B 14 aus den Augen verloren. Zeugen, die Angaben zur Fahrweise des Fahrzeuglenkers machen k\u00f6nnen oder gef\u00e4hrdet wurden, werden gebeten, sich unter der Telefonnummer 0711 \/ 3990-330 beim Polizeirevier Esslingen zu melden.<\/p>\n<p style=\"text-align: justify;\"><strong>Ostfildern-Ruit: Ladendetektiv mit Pfefferspray bespr\u00fcht (Zeugenaufruf)<br \/>\n<\/strong>Das Polizeirevier Filderstadt ermittelt derzeit gegen einen noch unbekannten T\u00e4ter, der am fr\u00fchen Donnerstagabend in Zusammenhang mit einem Ladendiebstahl den 59-j\u00e4hrigen Ladendetektiv eines Einkaufsmarktes in der Hedelfinger Stra\u00dfe verletzt hat. Der Detektiv hatte zuvor den vorbereiteten Diebstahl von Alkoholika in dem Markt beobachtet. Im Ausgangsbereich sprach er einen 15-J\u00e4hrigen an, den er diesbez\u00fcglich verd\u00e4chtigte. W\u00e4hrend der Ladendetektiv gemeinsam mit dem Jugendlichen im Kassenbereich auf weitere m\u00f6gliche T\u00e4ter wartete, versuchte der 15-J\u00e4hrige, in den Au\u00dfenbereich zu fl\u00fcchten und wurde von dem 59-J\u00e4hrigen zu Boden gebracht. W\u00e4hrenddessen fuhr nun eine m\u00e4nnliche Person auf einem E-Scooter an die beiden Personen heran und spr\u00fchte dem Ladendetektiv Pfefferspray ins Gesicht. Anschlie\u00dfend fl\u00fcchtete der T\u00e4ter auf seinem E-Scooter unerkannt in Richtung der nahegelegenen U-Bahn-Haltestelle. Eine medizinische Versorgung des 59-J\u00e4hrigen durch den verst\u00e4ndigten Rettungsdienst war nicht notwendig. Das Polizeirevier Filderstadt bittet m\u00f6gliche Zeugen, die Angaben zum Tathergang oder dem fl\u00fcchtigen E-Scooter-Fahrer machen k\u00f6nnen, sich telefonisch unter der Rufnummer 0711\/7091-3 zu melden.<\/p>\n<p style=\"text-align: justify;\"><strong>Neuhausen auf den Fildern: Alkoholisiert Unfall verursacht<br \/>\n<\/strong>Deutlich alkoholisiert war ein 23-J\u00e4hriger, der am Freitagmorgen einen schadenstr\u00e4chtigen Unfall verursacht hat. Der 23-J\u00e4hrige befuhr gegen 2 Uhr mit seinem VW Golf die L 1202 von Neuhausen kommend in Richtung Ostfildern-Nellingen. Kurz vor der Einm\u00fcndung zur L1204 in Richtung Suttgart-Plieningen kam der 23-J\u00e4hrige mutma\u00dflich aufgrund vorherigen Alkoholkonsums nach rechts von der Fahrbahn ab und kollidierte mit der dortigen Leitplanke. Das Fahrzeug wurde nach der Kollision von der Leitplanke abgewiesen und kam schlie\u00dflich auf der Fahrbahn zum Stehen. Im Rahmen der Unfallaufnahme konnte durch die Polizei starker Alkoholgeruch bei dem Golf-Fahrer wahrgenommen werden. Ein Alkoholtest ergab einen Wert von \u00fcber einem Promille, weshalb eine Blutentnahme durchgef\u00fchrt wurde. Sein F\u00fchrerschein wurde zudem einbehalten. Der VW Golf wurde durch den Unfall derart besch\u00e4digt, dass er durch einen Abschlepper geborgen werden musste. Es entstand wirtschaftlicher Totalschaden in H\u00f6he von ca. 50.000 Euro. Der entstandene Sachschaden an der Leitplanke bel\u00e4uft sich auf etwa 2.000 Euro.<\/p>\n<p style=\"text-align: justify;\"><strong>Filderstadt: Mit Gegenverkehr kollidiert<br \/>\n<\/strong>Am fr\u00fchen Donnerstagabend ist es auf der L 1205 bei Filderstadt-Sielmingen zu einem Unfall im Begegnungsverkehr gekommen, bei welchem drei Personen leicht verletzt wurden. Gegen 19 Uhr befuhr eine 34-j\u00e4hrige Lenkerin eines Pkw der Marke Mini die L 1205 von Sielmingen in Richtung Wolfschlugen. Aus unbekannter Ursache geriet die Mini-Fahrerin am Ausgang einer Linkskurve auf die Gegenfahrbahn und kollidierte dort mit der linken Fahrzeugseite eines entgegenkommenden Toyota, der von einem 56-J\u00e4hrigen gelenkt wurde und seinerseits in Richtung Sielmingen fuhr. Durch ein reaktionsschnelles Ausweichen des Toyota-Lenkers nach rechts konnte eine Frontalkollision verhindert werden. Bevor der Mini seinerseits links von der Stra\u00dfe abkam, stie\u00df er noch seitlich mit einem Audi zusammen, der direkt hinter dem Toyota fuhr und von einer 43-J\u00e4hrigen gelenkt wurde. Neben der Unfallverursacherin wurden im Pkw Toyota neben dem Fahrer auch eine 53-j\u00e4hrige Mitfahrerin verletzt. Alle drei Verletzten kamen mit einem Rettungswagen in eine nahegelegene Klinik, in welcher gl\u00fccklicherweise nur leichte Verletzungen diagnostiziert wurden. S\u00e4mtliche bei dem Unfall beteiligten Fahrzeuge wurden so stark besch\u00e4digt, dass sie jeweils abgeschleppt werden mussten. Die Verkehrspolizei Esslingen, die die Ermittlungen hinsichtlich der Unfallursache aufgenommen hat, beziffert den Gesamtschaden auf etwa 40.000 Euro.<\/p>\n<p style=\"text-align: justify;\"><strong>Denkendorf: Mittels Schockanruf betrogen<br \/>\n<\/strong>Ein Senior aus Denkendorf ist am fr\u00fchen Donnerstagnachmittag Opfer von Telefonbetr\u00fcgern geworden. Mit der Masche des sogenannten Schockanrufs meldete sich eine Betr\u00fcgerin bei dem 87-J\u00e4hrigen und gab unter Tr\u00e4nen an, seine Tochter zu sein und einen t\u00f6dlichen Verkehrsunfall verursacht zu haben. Dann wechselte das Gespr\u00e4ch zu einem weiteren Betr\u00fcger, welcher sich als Polizeibeamter ausgab und den Unfall best\u00e4tigte. Es wurde eine Kaution in sechsstelliger H\u00f6he von dem Senior gefordert, um eine Gef\u00e4ngnisstrafe seiner Tochter abzuwenden. Den T\u00e4tern gelang es im weiteren Verlauf, den Senior so unter Druck zu setzten, dass dieser im weiteren Verlauf unter telefonischer Einwirkung des T\u00e4ters einen Goldbarren aus einem Wertschlie\u00dffach seiner Bank holte. \u00dcber sein Mobiltelefon wurde er direkt im Anschluss zu einer anderen \u00d6rtlichkeit dirigiert, wo sich ihm von hinten ein bislang unbekannter Mann n\u00e4herte und den Goldbarren im Wert von mehreren zehntausend Euro entgegennahm. Die Person wurde durch den Senior im Rahmen der polizeilichen Anzeigenaufnahme als ca. 25 Jahre alt und 175 cm gro\u00df beschrieben. Erst als der Senior seinen Sohn sp\u00e4ter \u00fcber das Geschehene informierte, flog der Betrug auf und wurde der Polizei gemeldet. In diesem Zusammenhang warnt die Polizei ausdr\u00fccklich: Sollte jemand, egal f\u00fcr wen er sich ausgibt, am Telefon Geld oder Wertsachen von Ihnen fordern, legen sie auf! Sie werden betrogen!<\/p>\n<p style=\"text-align: justify;\"><strong>Esslingen: Brand auf Betriebsgel\u00e4nde<br \/>\n<\/strong>Zum einem gemeldeten Brand bei einem Entsorgungsunternehmen im Stadtteil Sirnau sind Feuerwehr und Polizei am Mittwochnachmittag ausger\u00fcckt. Gegen 15.45 Uhr hatten mehrere Zeugen eine massive Rauchentwicklung auf dem Betriebsgel\u00e4nde bemerkt und den Notruf get\u00e4tigt. Nach bisherigen Erkenntnissen waren dort aus noch unbekannter Ursache im Freien gelagerte Bauabf\u00e4lle in Brand geraten. Die Brandstelle konnte durch die Feuerwehr, die mit zehn Fahrzeugen und 39 Kr\u00e4ften zur Einsatz\u00f6rtlichkeit geeilt war, z\u00fcgig abgel\u00f6scht werden. Der entstandene Sachschaden wird auf rund 3.000 Euro gesch\u00e4tzt.<\/p>\n<p style=\"text-align: justify;\"><strong>Kirchheim: Wohnungsbrand<br \/>\n<\/strong>Wegen des Verdachts der Brandstiftung ermittelt die Polizei seit Mittwochnachmittag gegen eine 46-J\u00e4hrige. Den derzeitigen Ermittlungen zufolge soll die Frau kurz nach 14 Uhr in ihrer Wohnung im Stadteil Jesingen Gegenst\u00e4nde angez\u00fcndet haben. Nachdem das Feuer auf den Fu\u00dfboden \u00fcbergegriffen hatte und sich eine massive Rauchentwicklung bildete, fl\u00fcchtete die Frau auf den Balkon der Wohnung. Durch die alarmierte Feuerwehr, die mit sieben Fahrzeugen und 33 Einsatzkr\u00e4ften zum Brand geeilt war, konnte die 46-J\u00e4hrige von dort gerettet werden und der Brand noch vor dem \u00dcbergreifen auf weitere Geb\u00e4udeteile abgel\u00f6scht werden. Die psychisch auff\u00e4llige Frau kam mit leichten Verletzungen in ein Krankenhaus und wird im Anschluss in eine Fachklinik \u00fcberstellt. Weitere Bewohner wurden nicht verletzt. Der Brand verursachte einen Schaden von rund 20.000 Euro, die betroffenen R\u00e4umlichkeiten sind derzeit nicht bewohnbar.<\/p>\n<p style=\"text-align: justify;\"><strong>Kirchheim\/Teck: Mehrere Schachtdeckel ausgehoben (Zeugenaufruf)<br \/>\n<\/strong>In der Saarstra\u00dfe und der Einm\u00fcndung mit der Wilhelmstra\u00dfe sind in der Nacht zum Donnerstag zw\u00f6lf Kanaldeckel aus der Fahrbahn gehoben worden. Die Beamten, die gegen 2.50 Uhr von einer Zeugin verst\u00e4ndig worden waren, beseitigten die Gefahrenstellen. Eine eingeleitete Fahndung verlief ohne Erfolg. Meldungen zu etwaigen Folgesch\u00e4den liegen derzeit nicht vor. Zeugen, die in der Nacht zum Donnerstag insbesondere in der Saar- und der Wilhelmstra\u00dfe verd\u00e4chtige Wahrnehmungen gemacht haben, werden gebeten, sich unter Telefon 07021\/501-0 beim Polizeirevier Kirchheim zu melden.<\/p>\n<p style=\"text-align: justify;\"><strong>Plochingen: Pkw kollidieren frontal<br \/>\n<\/strong>Zwei verletzte Autofahrer und ein Sachschaden in H\u00f6he von knapp 35.000 Euro sind die Folgen eines heftigen Frontalzusammensto\u00dfes zweier Pkw am Mittwochnachmittag bei Plochingen. Kurz nach 16.30 Uhr befuhr ein 24-J\u00e4hriger mit einem VW Polo die K1211 in Richtung Kreisverkehr Plochingen. Aus noch ungekl\u00e4rter Ursache geriet der Mann auf die Gegenfahrbahn und stie\u00df dort mit einem entgegenkommenden Skoda Octavia frontal zusammen, den ein 37-J\u00e4hriger steuerte. Der Skoda-Lenker hatte noch versucht auszuweichen und krachte dadurch in der Folge gegen die Schutzplanken. Beide Fahrer erlitten gl\u00fccklicherweise nur leichte Verletzungen und wurden vom Rettungsdienst zur Behandlung in Kliniken gebracht. Ein Abschlepper musste die beiden schwer besch\u00e4digten Pkw aufladen und abtransportieren. F\u00fcr die Dauer der Unfallaufnahme und die Beseitigung der Tr\u00fcmmer war die Kreisstra\u00dfe bis um 20 Uhr komplett gesperrt, was zu entsprechenden Verkehrsbeeintr\u00e4chtigungen f\u00fchrte.<\/p>\n<p style=\"text-align: justify;\"><strong>Ostfildern: Unfall mit mehreren Verletzten<br \/>\n<\/strong>Ein schwerer Verkehrsunfall mit mehreren Verletzten hat sich am Dienstagnachmittag am Ortsrand von Kemnat ereignet. Eine 30-J\u00e4hrige bog gegen 15.20 Uhr mit einem Skoda Fabia von der Hag\u00e4ckerstra\u00dfe herkommend nach rechts auf die SiIlenbucher Stra\u00dfe ab. Hierbei missachtete sie die Vorfahrt einer von links kommenden, 47 Jahre alten Lenkerin eines Seat Ibiza. Diese konnte trotz eines Ausweichman\u00f6vers den Zusammensto\u00df nicht verhindern. Der Seat kam im Anschluss von der Fahrbahn ab und blieb im angrenzenden Gr\u00fcnstreifen stehen. Neben den beiden Fahrerinnen zogen sich in dem Wagen der Unfallverursacherin drei Kinder im Alter von vier bis zehn Jahren und in dem Auto der 47-J\u00e4hrigen zwei Kinder im Alter von acht und zw\u00f6lf Jahren leichte Verletzungen zu. Alle sieben Fahrzeuginsassen wurden vom Rettungsdienst in umliegende Kliniken gebracht. Zur Versorgung der Verletzten waren ein Notarzt- und vier Rettungswagen im Einsatz. Zur Unterst\u00fctzung r\u00fcckte die Feuerwehr mit zwei Fahrzeugen und elf Einsatzkr\u00e4ften an die Unfallstelle aus. Der Seat musste abgeschleppt werden. Der Schaden wird auf 17.000 Euro gesch\u00e4tzt. Gegen 16.15 Uhr war die Unfallaufnahme beendet und die Unfallstelle ger\u00e4umt.<\/p>\n<p style=\"text-align: justify;\"><strong>A8 Denkendorf: Stundenlange Teilsperrung nach Verkehrsunfall mit drei Verletzten<\/strong><br \/>\nF\u00fcr mehr als sechs Stunden musste die Bundesautobahn 8 (BAB 8) in Fahrtrichtung M\u00fcnchen am Montag (14.04.2025) teilgesperrt werden, nachdem sich gegen 18:00 Uhr zwischen den Anschlussstellen Esslingen und Wendlingen ein schwerer Verkehrsunfall ereignet hatte. Ein 21-j\u00e4hriger Ford-Lenker wechselte zun\u00e4chst von der mittleren auf die linke Fahrspur. Hier kollidierte er mit einem herannahenden Renault eines 58-J\u00e4hren, der auf der linken Fahrspur unterwegs war. Nach der Kollision geriet der Ford des 21-J\u00e4hrigen ins Schleudern und prallte zweimal gegen die Mittelleitplanke. Der Ford-Lenker sowie sein 20-j\u00e4hrige Mitfahrer wurden hierbei schwer verletzt. Der Renault-Lenker erlitt leichte Verletzungen. Alle drei Personen wurden vom Rettungsdienst in Krankenh\u00e4user gefahren. An den Fahrzeugen entstand ein Gesamtsachschaden von etwa 5.500 Euro. Die Fahrzeuge waren nicht mehr fahrbereit und mussten abgeschleppt werden. Im Rahmen der Unfallaufnahme wurde die Fahrbahn in Richtung M\u00fcnchen bis etwa 19:45 Uhr voll gesperrt. Danach konnten bis etwa 20:45 Uhr sukzessive der Seitenstreifen und der rechte Fahrstreifen f\u00fcr den Verkehr freigegeben werden. Die intensiven Reinigungsarbeiten auf den beiden linken Fahrspuren dauerten noch bis etwa 00:45 Uhr an. Es kam zu erheblichen Verkehrsbehinderungen in Fahrtrichtung M\u00fcnchen. Neben mehreren Streifen der Verkehrspolizeiinspektion waren Feuerwehrkr\u00e4fte, mehrere Rettungswagen, ein Notarztfahrzeug und ein Rettungshubschrauber im Einsatz.<\/p>\n<p style=\"text-align: justify;\"><strong>N\u00fcrtingen-Neckarhausen: Nach Unfall davongefahren<br \/>\n<\/strong>Ein 45 Jahre alter Mann, der mutma\u00dflich unter Alkoholeinfluss einen Verkehrsunfall verursacht hat und anschlie\u00dfend davongefahren ist, musste am Montagabend seinen F\u00fchrerschein abgeben. Derzeitigen Ermittlungen zufolge war der VW-Lenker beim Abbiegen von der B297 in die Hegaustra\u00dfe nach links von der Fahrbahn abgekommen und auf der dortigen Gr\u00fcnfl\u00e4che mit einem Laternenmast kollidiert, der aus dem Boden gerissen wurde. Anschlie\u00dfend fuhr der Pkw-Lenker davon. Eine Zeugin, die die Besch\u00e4digungen und Fahrzeugteile bemerkte, verst\u00e4ndigte gegen 21 Uhr die Polizei. Aufgrund eines an der Unfallstelle befindlichen Kennzeichens konnten sowohl das besch\u00e4digte Fahrzeug als auch der mutma\u00dfliche Fahrzeuglenker an der Halteranschrift festgestellt werden. Dieser stand unter Alkoholeinfluss, worauf er neben einer Blutentnahme auch seinen F\u00fchrerschein abgeben musste. Der entstandene Sachschaden wird auf rund 20.000 Euro gesch\u00e4tzt.<\/p>\n<p style=\"text-align: justify;\"><strong>A8 Denkendorf: Unfallflucht auf der Tank- und Rastanlage Denkendorf<\/strong><br \/>\nDie Verkehrspolizeiinspektion Ludwigsburg sucht Zeugen eines Verkehrsunfalls, der sich zwischen Samstag (12.04.2025) 11:00 Uhr und Sonntag (13.04.2025) 11:00 Uhr auf der Tank- und Rastanlage Denkendorf ereignete. Im Bereich der E-Lades\u00e4ulen schleuderte ein noch unbekannter Fahrzeuglenker mutma\u00dflich zun\u00e4chst \u00fcber mehrere Parkbuchten hinweg. Im Verlauf fuhr das Fahrzeug \u00fcber einen Bordstein und prallte gegen ein Tischgestell und eine Stra\u00dfenlaterne. Ohne sich um den entstandenen Sachschaden in H\u00f6he von etwa 5.300 Euro zu k\u00fcmmern, fuhr der Unbekannte davon. Zeugen werden gebeten sich mit der Verkehrspolizeiinspektion Ludwigsburg unter Tel. 0711 6869-0 oder per E-Mail an <a href=\"mailto:stuttgart-vaihingen.vpi@polizei.bwl.de\" target=\"_blank\" rel=\"noopener\">stuttgart-vaihingen.vpi@polizei.bwl.de<\/a> in Verbindung zu setzen.<\/p>\n<p style=\"text-align: justify;\"><strong>Kirchheim\/Teck: Nach erneutem Einbruch in Bankfiliale in Untersuchungshaft<\/strong><br \/>\nWegen des Verdachts des Diebstahls mit Waffen ermitteln die Staatsanwaltschaft Stuttgart und das Polizeirevier Kirchheim gegen einen 29-J\u00e4hrigen, der nach einem Einbruch am Montagmorgen (14.04.2025) festgenommen werden konnte. Der Tatverd\u00e4chtige befindet sich in Untersuchungshaft.<br \/>\nIhm wird zur Last gelegt, kurz nach 01:00 Uhr eine Scheibe im Vorraum der Bank in der Alleenstra\u00dfe besch\u00e4digt zu haben und dadurch ins Innere gelangt zu sein. Dort brach der Tatverd\u00e4chtige mit einem mitgef\u00fchrten Brecheisen eine B\u00fcrot\u00fcr auf, um an dort verwahrtes M\u00fcnzgeld in vierstelliger H\u00f6he zu gelangen. Auf seiner Suche nach Diebesgut stie\u00df er ersten Erkenntnissen zufolge auch auf einen Geldschein, den er in seine Hosentasche steckte. Zudem deponierte er das aufgefundene M\u00fcnzgeld in mitgef\u00fchrte Einkaufstaschen. Anschlie\u00dfend fl\u00fcchtete er aus dem Geb\u00e4ude.<br \/>\nDabei konnte der 29-j\u00e4hrige Tatverd\u00e4chtige von den Einsatzkr\u00e4ften, die aufgrund eines ausgel\u00f6sten Alarms zur Bankfiliale gefahren waren, beobachtet und nach kurzer Flucht an der Ecke Max-Eyth- \/ Kanalstra\u00dfe widerstandslos vorl\u00e4ufig festgenommen werden.<br \/>\nAuf Antrag der Staatsanwaltschaft Stuttgart wurde der afghanische Staatsangeh\u00f6rige, dem vorgeworfen wird, bereits am 20.02.2025 in dieselbe Bankfiliale eingebrochen zu sein, am Montagnachmittag dem Haftrichter beim Amtsgericht N\u00fcrtingen vorgef\u00fchrt. Dieser erlie\u00df den beantragten Haftbefehl und setzte ihn in Vollzug. Der 29-J\u00e4hrige wurde daraufhin in eine Justizvollzugsanstalt gebracht.<\/p>\n<p style=\"text-align: justify;\"><strong>Ostfildern\/Stuttgart-Hedelfingen: Mit mutma\u00dflich gestohlenen Kennzeichen davongerast &#8211; 18-j\u00e4hrigen Fahrer vorl\u00e4ufig festgenommen &#8211; Zeugen und weitere Gesch\u00e4digte gesucht<\/strong><br \/>\nPolizeibeamte haben am Sonntagabend (13.04.2025) einen 18 Jahre alten Heranwachsenden vorl\u00e4ufig festgenommen, der versucht haben soll, sich einer Verkehrskontrolle zu entziehen. Beamte des Polizeipr\u00e4sidiums Reutlingen entdeckten den Peugeot gegen 21.20 Uhr in der Breslauer Stra\u00dfe. Als sie das Fahrzeug kontrollieren wollten, beschleunigte der 18-j\u00e4hrige Fahrer in Richtung Stuttgart-Hedelfingen. In der Champagnestra\u00dfe stie\u00df der Peugeot offenbar gegen eine Leitplanke am linken Fahrbahnrand und besch\u00e4digte kurz darauf in der Amstetter Stra\u00dfe bei seiner Flucht einen Renault am Au\u00dfenspiegel. In der Heimgartenstra\u00dfe endete die Fahrt in einem Zusammensto\u00df mit der Absperrung einer Baustelle. Dort nahmen die Polizisten den 18-J\u00e4hrigen und zwei Mitfahrer, ein 17 Jahre altes M\u00e4dchen und einen 17-j\u00e4hrigen Jungen, vorl\u00e4ufig fest. Ersten Ermittlungen zufolge sollen die beiden Jungen die Kennzeichen des Peugeot am Vorabend gestohlen haben. Aufgrund der r\u00fccksichtlosen und deutlich zu schnellen Fahrweise kann eine Gef\u00e4hrdung anderer Verkehrsteilnehmer nicht ausgeschlossen werden. Zeugen und m\u00f6gliche weitere Gesch\u00e4digte werden gebeten, sich unter der Rufnummer +4971189904100 bei der Verkehrspolizei zu melden.<\/p>\n<p style=\"text-align: justify;\"><strong>Reichenbach: Mutma\u00dflicher Rauschgiftdealer in Haft<br \/>\n<\/strong>Wegen des Verdachts des illegalen Handels mit Bet\u00e4ubungsmitteln ermitteln die Staatsanwaltschaft Stuttgart und die Kriminalpolizeidirektion Esslingen gegen einen 33-J\u00e4hrigen. Der einschl\u00e4gig polizeibekannte Mann befindet sich mittlerweile in Untersuchungshaft.<br \/>\nIm Verlauf kriminalpolizeilicher Ermittlungen ergab sich der Verdacht, dass der 33-J\u00e4hrige aus seiner Unterkunft heraus einen schwunghaften Handel mit illegalen Bet\u00e4ubungsmitteln betreiben soll. Nachdem von der Staatsanwaltschaft Stuttgart ein richterlicher Durchsuchungsbeschluss erwirkt werden konnte, durchsuchten die Ermittler am vergangenen Donnerstag, den 10.04.2025, die Wohnung des Mannes. Dabei fanden und beschlagnahmten die Kriminalbeamten mit Unterst\u00fctzung von Polizeihundef\u00fchrern neben knapp 70 Gramm Marihuana auch mehrere hundert Euro mutma\u00dfliches Dealergeld und weitere Beweismittel. Der 33-J\u00e4hrige wurde vorl\u00e4ufig festgenommen.<br \/>\nDer beschuldigte gambische Staatsangeh\u00f6rige wurde am Freitagvormittag (11.04.2025) dem Haftrichter beim Amtsgericht Stuttgart vorgef\u00fchrt. Dieser erlie\u00df den von der Staatsanwaltschaft Stuttgart beantragten Haftbefehl und setzte ihn in Vollzug. Der Beschuldigte wurde in eine Justizvollzugsanstalt eingeliefert. Die Ermittlungen der Kriminalpolizei dauern an.<\/p>\n<p style=\"text-align: justify;\"><strong>Esslingen: Tatverd\u00e4chtige nach versuchtem Einbruch in Tankstellengeb\u00e4ude festgenommen<\/strong><br \/>\nNach einem Einbruchsversuch in eine Tankstelle in der Weilstra\u00dfe ermitteln die Staatsanwaltschaft Stuttgart und der Polizeiposten Berkheim seit Freitagmorgen (11.04.2025) gegen zwei Jugendliche im Alter von 15 und 16 Jahren. Beide Tatverd\u00e4chtige befinden sich zwischenzeitlich in Untersuchungshaft.<br \/>\nEine Anwohnerin hatte am Freitag, gegen 2.15 Uhr, die Polizei alarmiert, nachdem sie laute Ger\u00e4usche aus dem Bereich der Tankstelle bemerkt hatte. Mehrere Streifenwagenbesatzungen r\u00fcckten daraufhin in die Weilstra\u00dfe aus und nahmen die beiden Jugendlichen auf dem Vordach eines Nachbargeb\u00e4udes vorl\u00e4ufig fest. Der 15-J\u00e4hrige, der sich offenbar im Zuge des Einbruchsversuchs eine leichte Handverletzung zugezogen hatte, musste in einer Klinik versorgt werden.<br \/>\nWie sich herausstellte, hatten die beiden Beschuldigten zuvor offenbar versucht, sich durch Tritte gegen die Eingangst\u00fcr Zugang zum Inneren der Tankstelle zu verschaffen. Die T\u00fcr hielt den Tritten jedoch stand.<br \/>\nDer 15-J\u00e4hrige, der unter anderem im Verdacht steht, bereits am Dienstagmorgen in dieselbe Tankstelle in der Weilstra\u00dfe eingebrochen zu sein und der 16-J\u00e4hrige, der ebenfalls bereits strafrechtlich in Erscheinung getreten war, wurden am Freitagnachmittag dem Haftrichter beim Amtsgericht Esslingen vorgef\u00fchrt. Dieser erlie\u00df die beantragten Haftbefehle und setzte sie in Vollzug. Die Beschuldigten wurden daraufhin in eine Justizvollzugsanstalt eingeliefert.<\/p>\n<p style=\"text-align: justify;\"><strong>Esslingen: Bei Streitigkeiten verletzt (Zeugenaufruf)<br \/>\n<\/strong>Zeugen und Hinweise zu einer Auseinandersetzung, die sich am fr\u00fchen Sonntagmorgen an der Bushaltestelle Hohenkreuz zugetragen haben soll, der Polizei aber erst am Nachmittag angezeigt wurde, sucht das Polizeirevier Esslingen. Derzeitigen Ermittlungen zufolge hatte sich ein 23-J\u00e4hriger am Sonntagmorgen, gegen vier Uhr, mit weiteren Personen am Esslinger Busbahnhof aufgehalten. Dabei war es zun\u00e4chst zu einer kurzen, verbalen Auseinandersetzung mit einem Unbekannten aus einer Gruppe, die sich dort am Bussteig aufhielt, und dem 23-J\u00e4hrigen gekommen. Nachfolgend stiegen alle in den Nachtbus der Linie 12 bis zur Haltestelle Hohenkreuz, wo der 23-J\u00e4hrige und sein Begleiter sowie die aus f\u00fcnf Unbekannten bestehende Gruppe den Bus verlie\u00df. Nachfolgend sollen zwei aus der Gruppe heraus den 23-J\u00e4hrigen angegriffen, zu Boden gebracht und ihn mit Faustschl\u00e4gen und Fu\u00dftritten traktiert haben. Erst als ein weiterer Zeuge hinzukam, lie\u00dfen die beiden Schl\u00e4ger von ihrem Opfer ab und fl\u00fcchteten in Richtung Burg. Der 23-J\u00e4hrige wurde bei dem Angriff so schwer verletzt, dass er nachfolgend vom Rettungsdienst ins Krankenhaus gebracht und dort station\u00e4r aufgenommen werden musste. Der erste der beiden Angreifer wird als etwa 185 Zentimeter gro\u00df, von schlanker Statur und dunklerem Teint beschrieben. Er hatte braune, lockige Haare, die seitlich gek\u00fcrzt waren. Er war komplett schwarz gekleidet und trug schwarze Schuhe. Der zweite Angreifer soll mit gesch\u00e4tzten 175 Zentimetern etwas kleiner gewesen sein. Er war von hellem Teint, hatte blonde, mittellange, ebenfalls seitlich gek\u00fcrzte Haare und war mit einer hellen Jeanshose und einer hellen Windbreakerjacke bekleidet. Das Polizeirevier Esslingen hat die Ermittlungen aufgenommen und bittet unter der Telefonnummer 0711\/3990-330 um Hinweise. Insbesondere wird auch nach dem Zeugen gesucht, der zu der Auseinandersetzung hinzugekommen ist.<\/p>\n<p style=\"text-align: justify;\"><strong>Bissingen\/Teck: Gr\u00f6\u00dferer Rettungseinsatz am Breitenstein<br \/>\n<\/strong>Die Einsatzkr\u00e4fte von Polizei, Bergwacht und Rettungsdienst sind am Samstagnachmittag zum Breitenstein an die Ochsenwanger Steige gerufen worden. Dort war kurz nach 17.30 Uhr eine Frau offensichtlich in einem psychischen Ausnahmezustand den Abhang hinuntergesprungen und hatte sich hierbei schwere Verletzungen zugezogen. Zur genauen Lokalisierung der Verletzten war auch ein Polizeihubschrauber im Einsatz. Die Frau konnte nach kurzer Zeit aufgefunden und durch die Bergwacht, die mit vier Fahrzeugen und 26 Kr\u00e4ften vor Ort war, geborgen werden. Ein Rettungshubschrauber flog sie nach not\u00e4rztlicher Erstversorgung zur weiteren Behandlung in eine Klinik.<\/p>\n<hr \/>\n<p style=\"text-align: justify;\">\n","protected":false},"excerpt":{"rendered":"<p>Quelle: ots B10 Esslingen: Vor beabsichtigter Kontrolle gefl\u00fcchtet (Zeugenaufruf) Das Polizeirevier Esslingen ermittelt gegen den bislang unbekannten Fahrer eines Pkw Cupra Formentor, welcher einer Streifenwagenbesatzung am Samstagabend aufgrund dessen Fahrweise auf der B 10 H\u00f6he Esslingen-Mettingen aufgefallen ist. Gegen 21.00 Uhr fuhr der Cupra in Richtung Stuttgart mit deutlich mehr als der erlaubten H\u00f6chstgeschwindigkeit, woraufhin [&hellip;]<\/p>\n","protected":false},"author":4,"featured_media":152245,"comment_status":"closed","ping_status":"open","sticky":false,"template":"","format":"standard","meta":{"inline_featured_image":false,"_exactmetrics_skip_tracking":false,"_exactmetrics_sitenote_active":false,"_exactmetrics_sitenote_note":"","_exactmetrics_sitenote_category":0,"footnotes":""},"categories":[11240],"tags":[14857,14440,68,205,1625,9],"class_list":{"0":"post-155813","1":"post","2":"type-post","3":"status-publish","4":"format-standard","5":"has-post-thumbnail","7":"category-region-esslingen","8":"tag-die-webzeitung","9":"tag-esslingen","10":"tag-online-zeitung","11":"tag-polizei","12":"tag-report","13":"tag-schaumedia"},"image_feature":"https:\/\/die-webzeitung.de\/stuttgart\/wp-content\/uploads\/sites\/4\/2024\/02\/Polizei-Pix-scaled.jpg","author_name":"Redaktion","pure_taxonomies":{"categories":[{"term_id":11240,"name":"Polizei-Report Esslingen","slug":"region-esslingen","term_group":0,"term_taxonomy_id":11278,"taxonomy":"category","description":"Polizeiberichte aus der Region des Landkreises Esslingen","parent":1619,"count":69,"filter":"raw","image":""}],"tags":[{"term_id":14857,"name":"Die-Webzeitung","slug":"die-webzeitung","term_group":0,"term_taxonomy_id":14876,"taxonomy":"post_tag","description":"","parent":0,"count":3625,"filter":"raw","image":""},{"term_id":14440,"name":"Esslingen","slug":"esslingen","term_group":0,"term_taxonomy_id":3885,"taxonomy":"post_tag","description":"","parent":0,"count":202,"filter":"raw","image":""},{"term_id":68,"name":"Online-Zeitung","slug":"online-zeitung","term_group":0,"term_taxonomy_id":69,"taxonomy":"post_tag","description":"","parent":0,"count":3595,"filter":"raw","image":""},{"term_id":205,"name":"Polizei","slug":"polizei","term_group":0,"term_taxonomy_id":208,"taxonomy":"post_tag","description":"","parent":0,"count":277,"filter":"raw","image":""},{"term_id":1625,"name":"Report","slug":"report","term_group":0,"term_taxonomy_id":1634,"taxonomy":"post_tag","description":"","parent":0,"count":210,"filter":"raw","image":""},{"term_id":9,"name":"SchauMedia","slug":"schaumedia","term_group":0,"term_taxonomy_id":9,"taxonomy":"post_tag","description":"","parent":0,"count":1607,"filter":"raw","image":""}]},"_links":{"self":[{"href":"https:\/\/die-webzeitung.de\/stuttgart\/wp-json\/wp\/v2\/posts\/155813","targetHints":{"allow":["GET"]}}],"collection":[{"href":"https:\/\/die-webzeitung.de\/stuttgart\/wp-json\/wp\/v2\/posts"}],"about":[{"href":"https:\/\/die-webzeitung.de\/stuttgart\/wp-json\/wp\/v2\/types\/post"}],"author":[{"embeddable":true,"href":"https:\/\/die-webzeitung.de\/stuttgart\/wp-json\/wp\/v2\/users\/4"}],"replies":[{"embeddable":true,"href":"https:\/\/die-webzeitung.de\/stuttgart\/wp-json\/wp\/v2\/comments?post=155813"}],"version-history":[{"count":8,"href":"https:\/\/die-webzeitung.de\/stuttgart\/wp-json\/wp\/v2\/posts\/155813\/revisions"}],"predecessor-version":[{"id":155879,"href":"https:\/\/die-webzeitung.de\/stuttgart\/wp-json\/wp\/v2\/posts\/155813\/revisions\/155879"}],"wp:featuredmedia":[{"embeddable":true,"href":"https:\/\/die-webzeitung.de\/stuttgart\/wp-json\/wp\/v2\/media\/152245"}],"wp:attachment":[{"href":"https:\/\/die-webzeitung.de\/stuttgart\/wp-json\/wp\/v2\/media?parent=155813"}],"wp:term":[{"taxonomy":"category","embeddable":true,"href":"https:\/\/die-webzeitung.de\/stuttgart\/wp-json\/wp\/v2\/categories?post=155813"},{"taxonomy":"post_tag","embeddable":true,"href":"https:\/\/die-webzeitung.de\/stuttgart\/wp-json\/wp\/v2\/tags?post=155813"}],"curies":[{"name":"wp","href":"https:\/\/api.w.org\/{rel}","templated":true}]}}