{"id":155807,"date":"2025-04-12T11:24:33","date_gmt":"2025-04-12T10:24:33","guid":{"rendered":"https:\/\/die-webzeitung.de\/stuttgart\/2025\/04\/12\/bilanz-des-europaweiten-speedmarathons\/"},"modified":"2025-04-12T11:24:33","modified_gmt":"2025-04-12T10:24:33","slug":"bilanz-des-europaweiten-speedmarathons","status":"publish","type":"post","link":"https:\/\/die-webzeitung.de\/stuttgart\/2025\/04\/12\/bilanz-des-europaweiten-speedmarathons\/","title":{"rendered":"Bilanz des Europaweiten Speedmarathons"},"content":{"rendered":"<p style=\"text-align: justify;\">Die Polizei Baden-W\u00fcrttemberg hat zum Europaweiten Speedmarathon am 9. April 2025 Bilanz gezogen. Die Zahl der festgestellten Geschwindigkeitsverst\u00f6\u00dfe ist zum Vorjahr gestiegen.<\/p>\n<p style=\"text-align: justify;\">Die Polizei Baden-W\u00fcrttemberg beteiligt sich vom 7. bis 13. April 2025 an der europaweiten Geschwindigkeitskontrollwoche ROADPOL-Speedweek. H\u00f6hepunkt der Geschwindigkeitskontrollwoche war am 9. April 2025 der europaweite Speedmarathon. Dabei kontrollierten Polizei, St\u00e4dte, Gemeinden und Landkreise die Geschwindigkeit von mehr als 546.000 Fahrzeugen.<\/p>\n<p style=\"text-align: justify;\">\u201eZu schnelles Fahren ist weiterhin die Unfallursache Nummer 1 im Stra\u00dfenverkehr. 117 Menschen, die im vergangenen Jahr bei Verkehrsunf\u00e4llen starben, k\u00f6nnten noch leben, wenn nicht zu schnell gefahren worden w\u00e4re. Deshalb setzen wir auch auf \u00dcberwachung. Es geht hier nicht ums Kasse machen, sondern darum, Menschenleben zu retten und schwere Verkehrsunf\u00e4lle zu verhindern. 273 zu erwartende Fahrverbote in 24 Stunden zeigen deutlich: Zu viele fahren nach wie vor zu schnell\u201c sagte der stellvertretende Ministerpr\u00e4sident und Innenminister Thomas Strobl zur Bilanz des Speedmarathons.<\/p>\n<h4 style=\"text-align: justify;\"><strong>15.317 Geschwindigkeitsverst\u00f6\u00dfe<\/strong><\/h4>\n<p style=\"text-align: justify;\">An insgesamt 612 eingerichteten Messstellen \u00fcberwachten mehr als 1.400 Polizeibeamtinnen und Polizeibeamte der regionalen Polizeipr\u00e4sidien sowie Besch\u00e4ftigte der zust\u00e4ndigen Beh\u00f6rden die Geschwindigkeit von mehr als 546.000 Fahrzeugen (2024: rund 408.000 Fahrzeuge). Insgesamt wurden dabei 15.317 Geschwindigkeitsverst\u00f6\u00dfe (2024: 13.659) festgestellt. 273 Fahrerinnen und Fahrer (2024: 113) waren so schnell unterwegs, dass sie nun mit einem Fahrverbot rechnen m\u00fcssen.<\/p>\n<p style=\"text-align: justify;\">Die Polizei Baden-W\u00fcrttemberg \u00fcberwacht bei der europaweit abgestimmten Geschwindigkeitskontrollwoche (7. bis 13. April 2025) verst\u00e4rkt die Geschwindigkeit. Anl\u00e4sslich des Speedmarathons am 9. April 2025 verst\u00e4rkte die Polizei ihre Verkehrs\u00fcberwachung noch einmal deutlich. Dabei beteiligten sich landesweit auch zahlreiche St\u00e4dte, Gemeinden und Landkreise an der Verkehrssicherheitsaktion.<\/p>\n<p style=\"text-align: justify;\">Das Netzwerk ROADPOL e.V. (European Roads Policing Network) ist ein Zusammenschluss der Verkehrspolizeien der Mitgliedsl\u00e4nder der Europ\u00e4ischen Union. Es verfolgt das Ziel, die Sicherheit auf europ\u00e4ischen Stra\u00dfen zu verbessern und plant hierzu jedes Jahr europaweite Verkehrs\u00fcberwachungsaktionen.<\/p>\n<p style=\"text-align: justify;\">Baden-W\u00fcrttemberg beteiligt sich j\u00e4hrlich an insgesamt acht Kontrollwochen zu den Themen Geschwindigkeit, mangelnde Verkehrst\u00fcchtigkeit (Alkohol \/ Drogen), Ablenkung (Handy), Gurt und gewerblicher G\u00fcter- und Personenverkehr.<\/p>\n<hr \/>\n<p style=\"text-align: justify;\">\n","protected":false},"excerpt":{"rendered":"<p>Die Polizei Baden-W\u00fcrttemberg hat zum Europaweiten Speedmarathon am 9. April 2025 Bilanz gezogen. Die Zahl der festgestellten Geschwindigkeitsverst\u00f6\u00dfe ist zum Vorjahr gestiegen. Die Polizei Baden-W\u00fcrttemberg beteiligt sich vom 7. bis 13. April 2025 an der europaweiten Geschwindigkeitskontrollwoche ROADPOL-Speedweek. H\u00f6hepunkt der Geschwindigkeitskontrollwoche war am 9. April 2025 der europaweite Speedmarathon. Dabei kontrollierten Polizei, St\u00e4dte, Gemeinden und [&hellip;]<\/p>\n","protected":false},"author":4,"featured_media":155808,"comment_status":"closed","ping_status":"open","sticky":false,"template":"","format":"standard","meta":{"inline_featured_image":false,"_exactmetrics_skip_tracking":false,"_exactmetrics_sitenote_active":false,"_exactmetrics_sitenote_note":"","_exactmetrics_sitenote_category":0,"footnotes":""},"categories":[59,9098],"tags":[4,12420,14857,12421,68,9,18053,18054],"class_list":{"0":"post-155807","1":"post","2":"type-post","3":"status-publish","4":"format-standard","5":"has-post-thumbnail","7":"category-aktuell","8":"category-baden-wuerttemberg","9":"tag-baden-wurttemberg","10":"tag-blitzer","11":"tag-die-webzeitung","12":"tag-geschwindigkeit","13":"tag-online-zeitung","14":"tag-schaumedia","15":"tag-speedmarathon","16":"tag-uebertretung"},"image_feature":"https:\/\/die-webzeitung.de\/stuttgart\/wp-content\/uploads\/sites\/4\/2025\/04\/speed-164063_1280-scaled.jpg","author_name":"Redaktion","pure_taxonomies":{"categories":[{"term_id":59,"name":"Aktuell","slug":"aktuell","term_group":0,"term_taxonomy_id":60,"taxonomy":"category","description":"","parent":0,"count":1017,"filter":"raw","image":""},{"term_id":9098,"name":"Baden-W\u00fcrttemberg","slug":"baden-wuerttemberg","term_group":0,"term_taxonomy_id":9124,"taxonomy":"category","description":"","parent":171,"count":238,"filter":"raw","image":""}],"tags":[{"term_id":4,"name":"Baden-W\u00fcrttemberg","slug":"baden-wurttemberg","term_group":0,"term_taxonomy_id":4,"taxonomy":"post_tag","description":"","parent":0,"count":136,"filter":"raw","image":""},{"term_id":12420,"name":"Blitzer","slug":"blitzer","term_group":0,"term_taxonomy_id":12458,"taxonomy":"post_tag","description":"","parent":0,"count":2,"filter":"raw","image":""},{"term_id":14857,"name":"Die-Webzeitung","slug":"die-webzeitung","term_group":0,"term_taxonomy_id":14876,"taxonomy":"post_tag","description":"","parent":0,"count":3625,"filter":"raw","image":""},{"term_id":12421,"name":"Geschwindigkeit","slug":"geschwindigkeit","term_group":0,"term_taxonomy_id":12459,"taxonomy":"post_tag","description":"","parent":0,"count":3,"filter":"raw","image":""},{"term_id":68,"name":"Online-Zeitung","slug":"online-zeitung","term_group":0,"term_taxonomy_id":69,"taxonomy":"post_tag","description":"","parent":0,"count":3595,"filter":"raw","image":""},{"term_id":9,"name":"SchauMedia","slug":"schaumedia","term_group":0,"term_taxonomy_id":9,"taxonomy":"post_tag","description":"","parent":0,"count":1607,"filter":"raw","image":""},{"term_id":18053,"name":"Speedmarathon","slug":"speedmarathon","term_group":0,"term_taxonomy_id":18072,"taxonomy":"post_tag","description":"","parent":0,"count":1,"filter":"raw","image":""},{"term_id":18054,"name":"\u00dcbertretung","slug":"uebertretung","term_group":0,"term_taxonomy_id":18073,"taxonomy":"post_tag","description":"","parent":0,"count":1,"filter":"raw","image":""}]},"_links":{"self":[{"href":"https:\/\/die-webzeitung.de\/stuttgart\/wp-json\/wp\/v2\/posts\/155807","targetHints":{"allow":["GET"]}}],"collection":[{"href":"https:\/\/die-webzeitung.de\/stuttgart\/wp-json\/wp\/v2\/posts"}],"about":[{"href":"https:\/\/die-webzeitung.de\/stuttgart\/wp-json\/wp\/v2\/types\/post"}],"author":[{"embeddable":true,"href":"https:\/\/die-webzeitung.de\/stuttgart\/wp-json\/wp\/v2\/users\/4"}],"replies":[{"embeddable":true,"href":"https:\/\/die-webzeitung.de\/stuttgart\/wp-json\/wp\/v2\/comments?post=155807"}],"version-history":[{"count":0,"href":"https:\/\/die-webzeitung.de\/stuttgart\/wp-json\/wp\/v2\/posts\/155807\/revisions"}],"wp:featuredmedia":[{"embeddable":true,"href":"https:\/\/die-webzeitung.de\/stuttgart\/wp-json\/wp\/v2\/media\/155808"}],"wp:attachment":[{"href":"https:\/\/die-webzeitung.de\/stuttgart\/wp-json\/wp\/v2\/media?parent=155807"}],"wp:term":[{"taxonomy":"category","embeddable":true,"href":"https:\/\/die-webzeitung.de\/stuttgart\/wp-json\/wp\/v2\/categories?post=155807"},{"taxonomy":"post_tag","embeddable":true,"href":"https:\/\/die-webzeitung.de\/stuttgart\/wp-json\/wp\/v2\/tags?post=155807"}],"curies":[{"name":"wp","href":"https:\/\/api.w.org\/{rel}","templated":true}]}}