{"id":155800,"date":"2025-04-11T16:33:47","date_gmt":"2025-04-11T15:33:47","guid":{"rendered":"https:\/\/die-webzeitung.de\/stuttgart\/2025\/04\/11\/saisonabschluss-mit-happy-end\/"},"modified":"2025-04-11T16:33:47","modified_gmt":"2025-04-11T15:33:47","slug":"saisonabschluss-mit-happy-end","status":"publish","type":"post","link":"https:\/\/die-webzeitung.de\/stuttgart\/2025\/04\/11\/saisonabschluss-mit-happy-end\/","title":{"rendered":"Saisonabschluss mit Happy End?"},"content":{"rendered":"<h3 style=\"text-align: justify;\"><strong>Die Barock Volleys wollen sich mit einem Heimsieg am Sonntag einen Aufstiegsplatz sichern \u2013 Endg\u00fcltige Entscheidung f\u00e4llt bis 2. Mai<\/strong><\/h3>\n<p style=\"text-align: justify;\">Der Sport schreibt oft besondere Geschichten, doch mit solch einem Ausgang haben nur noch wenige gerechnet: Im Dezember lagen die Barock Volleys MTV Ludwigsburg noch auf einem Abstiegsplatz, nun k\u00f6nnen sie mit einem klaren Dreipunkte-Sieg am Sonntag im letzten Heimspiel gegen den SV Schwaig (13. April, 15 Uhr, Innenstadtsporthalle) den dritten Tabellenplatz klarmachen, um damit die sportliche Grundlage f\u00fcr den Aufstieg in die erste Liga zu sichern. Im Anschluss an das Spiel wird das Saisonende zusammen mit den Fans und Zuschauern gefeiert.<\/p>\n<p style=\"text-align: justify;\">Zu untersch\u00e4tzen ist der Gegner keinesfalls, auch wenn Schwaig derzeit nur auf Tabellenplatz elf liegt. Im Hinspiel unterlag Ludwigsburg ausw\u00e4rts im fr\u00e4nkischen Schwaig noch 0:3 \u2013 allerdings in einer v\u00f6llig anderen Mannschaftskonstellation. \u201eWir sind uns der Aufgabe bewusst und m\u00fcssen mit der gleichen Einstellung wie am vergangenen Sonntag beim klaren 3:0-Sieg in Leipzig spielen\u201c, sagt Kapit\u00e4n Ben-Simon Bonin. \u201eWir wollen eine richtungsweisende Zweitliga-Saison erfolgreich beenden\u201c, so der Kapit\u00e4n weiter. Auch Trainer Dornheim macht klar: \u201eSchwaig hat die letzten zwei Spiele gewonnen \u2013 wir m\u00fcssen mit vollem Fokus spielen, um zu gewinnen. Wir wollen dieses Projekt erfolgreich abschlie\u00dfen.\u201c<\/p>\n<h4 style=\"text-align: justify;\"><strong>Entscheidung \u00fcber Aufstieg f\u00e4llt bis 2. Mai<\/strong><\/h4>\n<p style=\"text-align: justify;\">Die Barock Volleys haben es im letzten Saisonspiel selbst in der Hand und k\u00f6nnen mit einem deutlichen Sieg (3:0 oder 3:1) am Sonntag und weiteren drei Punkten als Tabellendritter von den dahinter liegenden Mannschaften nicht mehr \u00fcberholt werden. Denn w\u00e4hrend f\u00fcr Ludwigsburg am 13. April die Saison endet, spielen alle weiteren Teams nach dem spielfreien Osterwochenende erst Ende April die letzten Spiele aus. Mit 49 Punkten w\u00e4re Ludwigsburg der dritte Rang schon davor nicht mehr zu nehmen.<\/p>\n<p style=\"text-align: justify;\">Die endg\u00fcltige Entscheidung \u00fcber einen Aufstieg f\u00e4llt ebenfalls erst nach dem offiziellen Saisonende: Bis dahin sollen die finanzielle Situation, Sponsorengespr\u00e4che und die weitere Sponsorensuche abgeschlossen sein. Erst dann entscheiden die Verantwortlichen, ob am 2. Mai der Lizenzantrag f\u00fcr die erste Liga bei der Volleyball-Bundesliga (VBL) gestellt wird.<\/p>\n<hr \/>\n<p style=\"text-align: justify;\">\n","protected":false},"excerpt":{"rendered":"<p>Die Barock Volleys wollen sich mit einem Heimsieg am Sonntag einen Aufstiegsplatz sichern \u2013 Endg\u00fcltige Entscheidung f\u00e4llt bis 2. Mai Der Sport schreibt oft besondere Geschichten, doch mit solch einem Ausgang haben nur noch wenige gerechnet: Im Dezember lagen die Barock Volleys MTV Ludwigsburg noch auf einem Abstiegsplatz, nun k\u00f6nnen sie mit einem klaren Dreipunkte-Sieg [&hellip;]<\/p>\n","protected":false},"author":4,"featured_media":0,"comment_status":"closed","ping_status":"open","sticky":false,"template":"","format":"standard","meta":{"inline_featured_image":false,"_exactmetrics_skip_tracking":false,"_exactmetrics_sitenote_active":false,"_exactmetrics_sitenote_note":"","_exactmetrics_sitenote_category":0,"footnotes":""},"categories":[110],"tags":[17904,14857,68,9,10629],"class_list":{"0":"post-155800","1":"post","2":"type-post","3":"status-publish","4":"format-standard","6":"category-sport","7":"tag-barock-volleys","8":"tag-die-webzeitung","9":"tag-online-zeitung","10":"tag-schaumedia","11":"tag-volleyball"},"image_feature":null,"author_name":"Redaktion","pure_taxonomies":{"categories":[{"term_id":110,"name":"Sport","slug":"sport","term_group":0,"term_taxonomy_id":112,"taxonomy":"category","description":"Sportberichte","parent":0,"count":1043,"filter":"raw","image":""}],"tags":[{"term_id":17904,"name":"Barock-Volleys","slug":"barock-volleys","term_group":0,"term_taxonomy_id":17923,"taxonomy":"post_tag","description":"","parent":0,"count":39,"filter":"raw","image":""},{"term_id":14857,"name":"Die-Webzeitung","slug":"die-webzeitung","term_group":0,"term_taxonomy_id":14876,"taxonomy":"post_tag","description":"","parent":0,"count":3625,"filter":"raw","image":""},{"term_id":68,"name":"Online-Zeitung","slug":"online-zeitung","term_group":0,"term_taxonomy_id":69,"taxonomy":"post_tag","description":"","parent":0,"count":3595,"filter":"raw","image":""},{"term_id":9,"name":"SchauMedia","slug":"schaumedia","term_group":0,"term_taxonomy_id":9,"taxonomy":"post_tag","description":"","parent":0,"count":1607,"filter":"raw","image":""},{"term_id":10629,"name":"Volleyball","slug":"volleyball","term_group":0,"term_taxonomy_id":10665,"taxonomy":"post_tag","description":"","parent":0,"count":90,"filter":"raw","image":""}]},"_links":{"self":[{"href":"https:\/\/die-webzeitung.de\/stuttgart\/wp-json\/wp\/v2\/posts\/155800","targetHints":{"allow":["GET"]}}],"collection":[{"href":"https:\/\/die-webzeitung.de\/stuttgart\/wp-json\/wp\/v2\/posts"}],"about":[{"href":"https:\/\/die-webzeitung.de\/stuttgart\/wp-json\/wp\/v2\/types\/post"}],"author":[{"embeddable":true,"href":"https:\/\/die-webzeitung.de\/stuttgart\/wp-json\/wp\/v2\/users\/4"}],"replies":[{"embeddable":true,"href":"https:\/\/die-webzeitung.de\/stuttgart\/wp-json\/wp\/v2\/comments?post=155800"}],"version-history":[{"count":0,"href":"https:\/\/die-webzeitung.de\/stuttgart\/wp-json\/wp\/v2\/posts\/155800\/revisions"}],"wp:attachment":[{"href":"https:\/\/die-webzeitung.de\/stuttgart\/wp-json\/wp\/v2\/media?parent=155800"}],"wp:term":[{"taxonomy":"category","embeddable":true,"href":"https:\/\/die-webzeitung.de\/stuttgart\/wp-json\/wp\/v2\/categories?post=155800"},{"taxonomy":"post_tag","embeddable":true,"href":"https:\/\/die-webzeitung.de\/stuttgart\/wp-json\/wp\/v2\/tags?post=155800"}],"curies":[{"name":"wp","href":"https:\/\/api.w.org\/{rel}","templated":true}]}}