{"id":155762,"date":"2025-04-07T17:36:18","date_gmt":"2025-04-07T16:36:18","guid":{"rendered":"https:\/\/die-webzeitung.de\/stuttgart\/?p=155762"},"modified":"2025-04-07T17:36:18","modified_gmt":"2025-04-07T16:36:18","slug":"suedamerika-zwischen-anden-und-amazonas","status":"publish","type":"post","link":"https:\/\/die-webzeitung.de\/stuttgart\/2025\/04\/07\/suedamerika-zwischen-anden-und-amazonas\/","title":{"rendered":"S\u00fcdamerika: Zwischen Anden und Amazonas"},"content":{"rendered":"<h3 style=\"text-align: justify;\"><strong>Ein Kontinent voller Kontraste: Abenteuerliche H\u00f6henz\u00fcge und verborgene Sch\u00e4tze im Herzen S\u00fcdamerikas<\/strong><\/h3>\n<p style=\"text-align: justify;\">Kaum eine Region der Welt verzaubert so eindrucksvoll mit geografischer Vielfalt wie S\u00fcdamerika. Von eisgepanzerten Gipfeln der Anden bis zu den sattgr\u00fcnen Weiten des Amazonasregenwaldes offenbart sich eine schillernde Landschaft, deren Vielfalt ihresgleichen sucht. Jahrtausende alte Traditionen indigener Kulturen treffen hier auf pulsierende Metropolen, moderne Technologie trifft auf Nachhaltigkeit und Umweltschutz &#8211; ein authentischer Mikrokosmos, dessen Erkundung immer wieder aufs Neue fasziniert.<\/p>\n<h4 style=\"text-align: justify;\"><strong>Andenregionen &#8211; zwischen Bergwelten und kultureller Magie<\/strong><\/h4>\n<p style=\"text-align: justify;\">Das gigantische Gebirge der Anden durchzieht den Kontinent vom venezolanischen Norden bis hinunter in die windumtoste Weite Feuerlands und pr\u00e4gt dabei Natur, Kultur und Gesellschaft in einzigartiger Weise. Der Alltag der Bev\u00f6lkerung gleicht hier einem faszinierenden Puzzle aus Tradition und Moderne, lebendig gepflegten alten Ritualen und modernen technologischen Entwicklungen. Ob in Quechua-Gemeinschaften in Peru, traditionell gepr\u00e4gten M\u00e4rkten in Bolivien oder auf hochgelegenen Farmen in Ecuador: \u00dcberall verschmilzt Geschichte mit Fortschritt, authentisches Brauchtum mit spannenden Innovationen.<\/p>\n<p style=\"text-align: justify;\">Das Jahr 2022 sorgte hier f\u00fcr viel Aufmerksamkeit: Eine bahnbrechende Neuerung zeigte auf imposante Weise, dass nachhaltiges Wirtschaften und \u00f6kologische Verantwortung auch praktisch hervorragend vereinbar sind. In den peruanischen Hochanden wurden erstmals <a href=\"https:\/\/www.amnesty.de\/informieren\/amnesty-journal\/klimawandel-peru-wassermangel\" target=\"_blank\" rel=\"noopener\"><span style=\"color: #0000ff;\">gro\u00dffl\u00e4chige Nebelf\u00e4nger-Netze<\/span><\/a>\u00a0installiert, um eine schonendere, nat\u00fcrliche Wasserversorgung f\u00fcr landwirtschaftlich genutzte Regionen zu erm\u00f6glichen. Diese von einheimischen Ingenieuren entwickelten Strukturen kondensieren Feuchtigkeit aus vorbeiziehenden Wolken und sammeln auf diese Weise sauberes Trinkwasser. Der Effekt ist beachtlich: Agrarwirtschaftliche Betriebe, die zuvor auf umweltsch\u00e4dliche und energieintensive Pumpen angewiesen waren, profitieren nun von frischem, klimafreundlichem Wasser ohne jegliche Belastung f\u00fcr den Boden und die Tierwelt.<\/p>\n<p style=\"text-align: justify;\">Um sich intensiv mit der s\u00fcdamerikanischen Kulturwelt vertraut zu machen, sind einige zentrale Aspekte von Bedeutung. F\u00fcr Reisende oder allgemein Interessierte sind folgende sechs Tipps hilfreich:<\/p>\n<p style=\"text-align: justify;\">1. Ein Bewusstsein f\u00fcr die kulturelle Vielfalt entwickeln<br \/>\n2. Regionale Spezialit\u00e4ten kennenlernen<br \/>\n3. Historische St\u00e4tten mit Respekt besuchen<br \/>\n4. Lokale Traditionen begreifen und wertsch\u00e4tzen<br \/>\n5. Informiert sein \u00fcber Klima und Wetterschwankungen der einzelnen Regionen<br \/>\n6. Anpassungsf\u00e4higkeit und die Bereitschaft zu Offenheit und Neugierde zeigen<\/p>\n<p style=\"text-align: justify;\">Wer beispielsweise die argentinische Kultur authentisch nachvollziehen oder pr\u00e4sentieren m\u00f6chte, hat die Option, <a href=\"https:\/\/www.vereinsbedarf-deitert.de\/argentinien-flagge\/\" target=\"_blank\" rel=\"noopener\"><span style=\"color: #0000ff;\">eine originalgetreue Argentinien Flagge<\/span><\/a>\u00a0zu kaufen. Ob zur Ausstattung eines Kulturzentrums, einer Veranstaltung zu Ehren Argentiniens oder einfach, um der pers\u00f6nlichen Begeisterung f\u00fcr das Land Ausdruck zu verleihen &#8211; eine Flagge erweist sich stets als geeignetes Symbol, um die Bedeutung nationaler Traditionen angemessen zu w\u00fcrdigen.<\/p>\n<h4 style=\"text-align: justify;\"><strong>Amazonas &#8211; die gr\u00fcne Schatzkammer S\u00fcdamerikas im Spannungsfeld zwischen Natur und Fortschritt<\/strong><\/h4>\n<p style=\"text-align: justify;\">Weit entfernt von den eisigen H\u00f6hen und luziden H\u00e4ngen der Anden verbirgt sich ein weiterer faszinierender Schatz S\u00fcdamerikas &#8211; der <span style=\"color: #0000ff;\"><a style=\"color: #0000ff;\" href=\"https:\/\/www.wwf.de\/themen-projekte\/projektregionen\/amazonien\/der-amazonas-vor-dem-kollaps\" target=\"_blank\" rel=\"noopener\">Amazonas-Regenwald<\/a><\/span>. Er geh\u00f6rt zweifellos zu den bedeutendsten \u00d6kosystemen unseres Planeten, der mit einem einzigartigen Artenreichtum jahrzehntelang als R\u00fcckzugsgebiet geheimnisvoller Fauna und Flora galt. Doch das \u00f6kologische Gleichgewicht ger\u00e4t immer mehr ins Wanken durch die stetige Ausbreitung menschlicher Aktivit\u00e4ten, etwa durch industrielle Landwirtschaft oder Rohstofff\u00f6rderung. Wohlwissend um die immense Bedeutsamkeit, k\u00e4mpft die Region seit geraumer Zeit mit Nachdruck darum, \u00f6kologische Innovationen im Naturschutz einzusetzen.<\/p>\n<h4 style=\"text-align: justify;\"><strong>S\u00fcdamerikas Zukunft zwischen Innovation und kultureller Verantwortung<\/strong><\/h4>\n<p style=\"text-align: justify;\">Die s\u00fcdamerikanische Welt ist weitaus mehr als blo\u00dfes Sehnsuchtsziel von Abenteurern und Naturbegeisterten. S\u00fcdamerika steht als Paradebeispiel daf\u00fcr, welche Bedeutung die Verbindung zwischen Natur und technologischem Fortschritt in naher Zukunft einnehmen wird. Die j\u00fcngsten Erfindungen in den Anden und am Amazonas zeigen eindrucksvoll, dass technologische Neuerungen hervorragend mit kultureller Vielfalt und \u00f6kologischer Verantwortung im Einklang stehen. Gerade die kommenden Jahre und Jahrzehnte k\u00f6nnten S\u00fcdamerika diesbez\u00fcglich weltweit auf herausragende Weise in den Fokus r\u00fccken lassen: als einen Kontinent, auf dem traditionsreiche Lebensweisen, Hochtechnologie und \u00f6kologische Visionen koexistieren und voneinander profitieren. Inmitten seiner spektakul\u00e4ren Landschaften entstehen Ideen, die bis heute einmalig sind und wegweisenden Charakter f\u00fcr die gesamte Weltgemeinschaft besitzen.<\/p>\n<hr \/>\n<p style=\"text-align: justify;\">\n","protected":false},"excerpt":{"rendered":"<p>Ein Kontinent voller Kontraste: Abenteuerliche H\u00f6henz\u00fcge und verborgene Sch\u00e4tze im Herzen S\u00fcdamerikas Kaum eine Region der Welt verzaubert so eindrucksvoll mit geografischer Vielfalt wie S\u00fcdamerika. Von eisgepanzerten Gipfeln der Anden bis zu den sattgr\u00fcnen Weiten des Amazonasregenwaldes offenbart sich eine schillernde Landschaft, deren Vielfalt ihresgleichen sucht. Jahrtausende alte Traditionen indigener Kulturen treffen hier auf pulsierende [&hellip;]<\/p>\n","protected":false},"author":4,"featured_media":155763,"comment_status":"closed","ping_status":"open","sticky":false,"template":"","format":"standard","meta":{"inline_featured_image":false,"_exactmetrics_skip_tracking":false,"_exactmetrics_sitenote_active":false,"_exactmetrics_sitenote_note":"","_exactmetrics_sitenote_category":0,"footnotes":""},"categories":[2237],"tags":[18047,18048,14857,68,18049,9],"class_list":{"0":"post-155762","1":"post","2":"type-post","3":"status-publish","4":"format-standard","5":"has-post-thumbnail","7":"category-ratgeber-leben","8":"tag-amazonas","9":"tag-anden","10":"tag-die-webzeitung","11":"tag-online-zeitung","12":"tag-regenwald","13":"tag-schaumedia"},"image_feature":"https:\/\/die-webzeitung.de\/stuttgart\/wp-content\/uploads\/sites\/4\/2025\/04\/amazon-2406438_1280-scaled.jpg","author_name":"Redaktion","pure_taxonomies":{"categories":[{"term_id":2237,"name":"Ratgeber","slug":"ratgeber-leben","term_group":0,"term_taxonomy_id":2250,"taxonomy":"category","description":"","parent":482,"count":380,"filter":"raw","image":""}],"tags":[{"term_id":18047,"name":"Amazonas","slug":"amazonas","term_group":0,"term_taxonomy_id":18066,"taxonomy":"post_tag","description":"","parent":0,"count":1,"filter":"raw","image":""},{"term_id":18048,"name":"Anden","slug":"anden","term_group":0,"term_taxonomy_id":18067,"taxonomy":"post_tag","description":"","parent":0,"count":1,"filter":"raw","image":""},{"term_id":14857,"name":"Die-Webzeitung","slug":"die-webzeitung","term_group":0,"term_taxonomy_id":14876,"taxonomy":"post_tag","description":"","parent":0,"count":3625,"filter":"raw","image":""},{"term_id":68,"name":"Online-Zeitung","slug":"online-zeitung","term_group":0,"term_taxonomy_id":69,"taxonomy":"post_tag","description":"","parent":0,"count":3595,"filter":"raw","image":""},{"term_id":18049,"name":"Regenwald","slug":"regenwald","term_group":0,"term_taxonomy_id":18068,"taxonomy":"post_tag","description":"","parent":0,"count":1,"filter":"raw","image":""},{"term_id":9,"name":"SchauMedia","slug":"schaumedia","term_group":0,"term_taxonomy_id":9,"taxonomy":"post_tag","description":"","parent":0,"count":1607,"filter":"raw","image":""}]},"_links":{"self":[{"href":"https:\/\/die-webzeitung.de\/stuttgart\/wp-json\/wp\/v2\/posts\/155762","targetHints":{"allow":["GET"]}}],"collection":[{"href":"https:\/\/die-webzeitung.de\/stuttgart\/wp-json\/wp\/v2\/posts"}],"about":[{"href":"https:\/\/die-webzeitung.de\/stuttgart\/wp-json\/wp\/v2\/types\/post"}],"author":[{"embeddable":true,"href":"https:\/\/die-webzeitung.de\/stuttgart\/wp-json\/wp\/v2\/users\/4"}],"replies":[{"embeddable":true,"href":"https:\/\/die-webzeitung.de\/stuttgart\/wp-json\/wp\/v2\/comments?post=155762"}],"version-history":[{"count":1,"href":"https:\/\/die-webzeitung.de\/stuttgart\/wp-json\/wp\/v2\/posts\/155762\/revisions"}],"predecessor-version":[{"id":155764,"href":"https:\/\/die-webzeitung.de\/stuttgart\/wp-json\/wp\/v2\/posts\/155762\/revisions\/155764"}],"wp:featuredmedia":[{"embeddable":true,"href":"https:\/\/die-webzeitung.de\/stuttgart\/wp-json\/wp\/v2\/media\/155763"}],"wp:attachment":[{"href":"https:\/\/die-webzeitung.de\/stuttgart\/wp-json\/wp\/v2\/media?parent=155762"}],"wp:term":[{"taxonomy":"category","embeddable":true,"href":"https:\/\/die-webzeitung.de\/stuttgart\/wp-json\/wp\/v2\/categories?post=155762"},{"taxonomy":"post_tag","embeddable":true,"href":"https:\/\/die-webzeitung.de\/stuttgart\/wp-json\/wp\/v2\/tags?post=155762"}],"curies":[{"name":"wp","href":"https:\/\/api.w.org\/{rel}","templated":true}]}}