{"id":155741,"date":"2025-04-06T11:51:31","date_gmt":"2025-04-06T10:51:31","guid":{"rendered":"https:\/\/die-webzeitung.de\/stuttgart\/?p=155741"},"modified":"2025-04-06T11:51:31","modified_gmt":"2025-04-06T10:51:31","slug":"rotunde-beim-leonhardsplatz-ab-ende-april-gesperrt","status":"publish","type":"post","link":"https:\/\/die-webzeitung.de\/stuttgart\/2025\/04\/06\/rotunde-beim-leonhardsplatz-ab-ende-april-gesperrt\/","title":{"rendered":"Rotunde beim Leonhardsplatz ab Ende April gesperrt"},"content":{"rendered":"<h3 style=\"text-align: justify;\"><strong>Zugang zur Rathauspassage ab 2029 wieder nutzbar<\/strong><\/h3>\n<p style=\"text-align: justify;\">Stuttgart.| Die Bauarbeiten am Leonhardsplatz gehen voran. F\u00fcr den n\u00e4chsten Schritt der Bauma\u00dfnahmen f\u00fcr das Haus f\u00fcr Film und Medien schlie\u00dft Ende April am Leonhardsplatz der Zugang zur unterirdischen Rathauspassage, der auch \u201eRotunde\u201c genannt wird.<\/p>\n<p style=\"text-align: justify;\">Wer ab dann die Hauptst\u00e4tter Stra\u00dfe (B14) an dieser Stelle queren m\u00f6chte, kann oberirdisch die beiden Fu\u00dfg\u00e4ngerampeln am Leonhardsplatz und am Charlottenplatz nutzen. Die Schaltung beider Ampeln wurde daf\u00fcr angepasst. Beide M\u00f6glichkeiten zur \u00dcberquerung sind barrierefrei.<\/p>\n<p style=\"text-align: justify;\">Der Zugang wird nach der Fertigstellung des Hauses f\u00fcr Film und Medien, voraussichtlich im Jahr 2029, wieder ge\u00f6ffnet. Danach kann die Rotunde wie zuvor\u00a0von beiden Seiten aus genutzt werden.<\/p>\n<hr \/>\n<p style=\"text-align: justify;\">\n","protected":false},"excerpt":{"rendered":"<p>Zugang zur Rathauspassage ab 2029 wieder nutzbar Stuttgart.| Die Bauarbeiten am Leonhardsplatz gehen voran. F\u00fcr den n\u00e4chsten Schritt der Bauma\u00dfnahmen f\u00fcr das Haus f\u00fcr Film und Medien schlie\u00dft Ende April am Leonhardsplatz der Zugang zur unterirdischen Rathauspassage, der auch \u201eRotunde\u201c genannt wird. Wer ab dann die Hauptst\u00e4tter Stra\u00dfe (B14) an dieser Stelle queren m\u00f6chte, kann [&hellip;]<\/p>\n","protected":false},"author":4,"featured_media":155742,"comment_status":"closed","ping_status":"open","sticky":false,"template":"","format":"standard","meta":{"inline_featured_image":false,"_exactmetrics_skip_tracking":false,"_exactmetrics_sitenote_active":false,"_exactmetrics_sitenote_note":"","_exactmetrics_sitenote_category":0,"footnotes":""},"categories":[2239],"tags":[14857,68,10776,1047,18044,9,275],"class_list":{"0":"post-155741","1":"post","2":"type-post","3":"status-publish","4":"format-standard","5":"has-post-thumbnail","7":"category-stuttgart-lokal","8":"tag-die-webzeitung","9":"tag-online-zeitung","10":"tag-passage","11":"tag-rathaus","12":"tag-rotunde","13":"tag-schaumedia","14":"tag-stuttgart"},"image_feature":"https:\/\/die-webzeitung.de\/stuttgart\/wp-content\/uploads\/sites\/4\/2025\/04\/rathaus-stuttgart-scaled.jpg","author_name":"Redaktion","pure_taxonomies":{"categories":[{"term_id":2239,"name":"Stuttgart","slug":"stuttgart-lokal","term_group":0,"term_taxonomy_id":2252,"taxonomy":"category","description":"Berichte und Informationen aus Stuttgart","parent":1433,"count":942,"filter":"raw","image":""}],"tags":[{"term_id":14857,"name":"Die-Webzeitung","slug":"die-webzeitung","term_group":0,"term_taxonomy_id":14876,"taxonomy":"post_tag","description":"","parent":0,"count":3625,"filter":"raw","image":""},{"term_id":68,"name":"Online-Zeitung","slug":"online-zeitung","term_group":0,"term_taxonomy_id":69,"taxonomy":"post_tag","description":"","parent":0,"count":3595,"filter":"raw","image":""},{"term_id":10776,"name":"Passage","slug":"passage","term_group":0,"term_taxonomy_id":10812,"taxonomy":"post_tag","description":"","parent":0,"count":1,"filter":"raw","image":""},{"term_id":1047,"name":"Rathaus","slug":"rathaus","term_group":0,"term_taxonomy_id":1056,"taxonomy":"post_tag","description":"","parent":0,"count":7,"filter":"raw","image":""},{"term_id":18044,"name":"Rotunde","slug":"rotunde","term_group":0,"term_taxonomy_id":18063,"taxonomy":"post_tag","description":"","parent":0,"count":1,"filter":"raw","image":""},{"term_id":9,"name":"SchauMedia","slug":"schaumedia","term_group":0,"term_taxonomy_id":9,"taxonomy":"post_tag","description":"","parent":0,"count":1607,"filter":"raw","image":""},{"term_id":275,"name":"Stuttgart","slug":"stuttgart","term_group":0,"term_taxonomy_id":281,"taxonomy":"post_tag","description":"","parent":0,"count":1195,"filter":"raw","image":""}]},"_links":{"self":[{"href":"https:\/\/die-webzeitung.de\/stuttgart\/wp-json\/wp\/v2\/posts\/155741","targetHints":{"allow":["GET"]}}],"collection":[{"href":"https:\/\/die-webzeitung.de\/stuttgart\/wp-json\/wp\/v2\/posts"}],"about":[{"href":"https:\/\/die-webzeitung.de\/stuttgart\/wp-json\/wp\/v2\/types\/post"}],"author":[{"embeddable":true,"href":"https:\/\/die-webzeitung.de\/stuttgart\/wp-json\/wp\/v2\/users\/4"}],"replies":[{"embeddable":true,"href":"https:\/\/die-webzeitung.de\/stuttgart\/wp-json\/wp\/v2\/comments?post=155741"}],"version-history":[{"count":1,"href":"https:\/\/die-webzeitung.de\/stuttgart\/wp-json\/wp\/v2\/posts\/155741\/revisions"}],"predecessor-version":[{"id":155743,"href":"https:\/\/die-webzeitung.de\/stuttgart\/wp-json\/wp\/v2\/posts\/155741\/revisions\/155743"}],"wp:featuredmedia":[{"embeddable":true,"href":"https:\/\/die-webzeitung.de\/stuttgart\/wp-json\/wp\/v2\/media\/155742"}],"wp:attachment":[{"href":"https:\/\/die-webzeitung.de\/stuttgart\/wp-json\/wp\/v2\/media?parent=155741"}],"wp:term":[{"taxonomy":"category","embeddable":true,"href":"https:\/\/die-webzeitung.de\/stuttgart\/wp-json\/wp\/v2\/categories?post=155741"},{"taxonomy":"post_tag","embeddable":true,"href":"https:\/\/die-webzeitung.de\/stuttgart\/wp-json\/wp\/v2\/tags?post=155741"}],"curies":[{"name":"wp","href":"https:\/\/api.w.org\/{rel}","templated":true}]}}