{"id":155739,"date":"2025-04-07T13:09:45","date_gmt":"2025-04-07T12:09:45","guid":{"rendered":"https:\/\/die-webzeitung.de\/stuttgart\/?p=155739"},"modified":"2025-04-13T10:50:27","modified_gmt":"2025-04-13T09:50:27","slug":"polizei-report-stuttgart-woche-15-5","status":"publish","type":"post","link":"https:\/\/die-webzeitung.de\/stuttgart\/2025\/04\/07\/polizei-report-stuttgart-woche-15-5\/","title":{"rendered":"Polizei-Report Stuttgart | Woche 15"},"content":{"rendered":"<p><em>Quelle: ots<\/em><\/p>\n<p style=\"text-align: justify;\"><strong>Stuttgart-Mitte: 48-J\u00e4hrigen ausgeraubt &#8211; Zeugen gesucht<\/strong><br \/>\nUnbekannte haben am Samstag (12.04.2025) einen 48 Jahre alten Mann im Leonhardsviertel geschlagen und ausgeraubt. Die unbekannten M\u00e4nner n\u00e4herten sich dem 48-J\u00e4hrigen im Tatzeitraum zwischen 05.00 Uhr und 10.00 Uhr, rissen ihn zu Boden und schlugen auf ihn ein. Dann nahmen sie seinen Geldbeutel mit 30 Euro Bargeld, sein Mobiltelefon und seinen Schl\u00fcssel an sich und fl\u00fcchteten. Der Mann wurde bei dem \u00dcberfall leicht verletzt, er wurde durch den Rettungsdienst in ein Krankenhaus gebracht. Zeugen werden gebeten, sich unter der Rufnummer +4971189905778 bei der Kriminalpolizei zu melden.<\/p>\n<p style=\"text-align: justify;\"><strong>Stuttgart-Mitte: Unfall nach r\u00fccksichtsloser Fahrweise &#8211; Zeugen und Gesch\u00e4digte gesucht<\/strong><br \/>\nEin 25-j\u00e4hriger Fahrer eines Mercedes G500 verursachte am Sonntag (13.04.2025) an der Heilbronner Stra\u00dfe einen Verkehrsunfall mit einem Sachschaden von ca. 15.000 Euro. Der Mercedesfahrer wurde durch Polizeibeamte gegen 03:45 Uhr an der Friedrichstra\u00dfe in Fahrtrichtung Heilbronner Stra\u00dfe mit mutma\u00dflich deutlich \u00fcberh\u00f6hter Geschwindigkeit festgestellt. Im weiteren Verlauf der Friedrichstra\u00dfe soll der Fahrer zwei rote Ampeln missachtet haben, dann geriet er au\u00dfer Sicht der folgenden Polizeibeamten und fuhr die Heilbronner Stra\u00dfe in Richtung Pragsattel. Im Bereich der Wolframstra\u00dfe stie\u00df der Mercedes bei einem Spurwechsel mit einem dort fahrenden Toyota zusammen, in dem ein 66-J\u00e4hriger sa\u00df. Da der Unfallverursacher vermutlich stark alkoholisiert war, wurde bei ihm eine \u00e4rztliche Blutentnahme durchgef\u00fchrt und sein F\u00fchrerschein beschlagnahmt. Im Rahmen der Unfallaufnahme stellten die Beamten weitere Besch\u00e4digungen an dem Mercedes, die nicht aus dem Unfall an der Heilbronner Stra\u00dfe stammen k\u00f6nnen, fest. M\u00f6glicherweise hat der Fahrer vor dem bereits bekannten Unfall einen weiteren verursacht. Zeugen und m\u00f6gliche Gesch\u00e4digte werden gebeten, sich unter der Rufnummer +4971189903100 beim Polizeirevier 1 Theodor-Heuss-Stra\u00dfe zu melden.<\/p>\n<p style=\"text-align: justify;\"><strong>Stuttgart-Zuffenhausen: Autofahrer prallt gegen Supermarkt<\/strong><br \/>\nEin leicht Verletzter und ca. 15.000 Euro Sachschaden sind die Bilanz eines Verkehrsunfalls, der sich am Samstagabend (12.04.2025) an der Haldenrainstra\u00dfe ereignet hat.<br \/>\nGegen 23:25 Uhr kam ein 27-J\u00e4hriger, der mit seinem Ford Fiesta in Richtung Schozacher Stra\u00dfe unterwegs war, von der Fahrbahn ab. Er prallte mit seinem Pkw gegen die Eingangst\u00fcr eines Supermarktes und einen geparkten Opel Corsa. Der 25-j\u00e4hrige Beifahrer wurde hierbei leicht verletzt, er wurde durch den Rettungsdienst in ein Krankenhaus gebracht. Der Ford Fiesta wurde durch den Unfall so stark besch\u00e4digt, dass er abgeschleppt werden musste.<br \/>\nDa der Pkw-Lenker mutma\u00dflich unter Alkoholeinfluss stand, wurde bei ihm eine \u00e4rztliche Blutentnahme durchgef\u00fchrt und sein F\u00fchrerschein beschlagnahmt.<\/p>\n<p style=\"text-align: justify;\"><strong>Stuttgart-Nord: M\u00fclltonnen in Brand geraten &#8211; Zeugen gesucht<\/strong><br \/>\nAus bislang ungekl\u00e4rter Ursache sind Freitagnacht (11.04.2025) an der Kleinstra\u00dfe mehrere M\u00fclltonnen in Brand geraten. Gegen 22.25 Uhr meldete ein Zeuge der Rettungsleitstelle brennende M\u00fclltonnen, welche in einem Durchgang zwischen zwei Mehrfamilienh\u00e4usern standen. Als die Beamten eintrafen, standen mehrere gro\u00dfe M\u00fclltonnen neben einem Geb\u00e4ude in Brand. Durch das Feuer wurden vier M\u00fclltonnen zerst\u00f6rt und an den Geb\u00e4uden die Fassade und mehrere Fenster besch\u00e4digt. Alle Wohnungen blieben bewohnbar und es wurde niemand verletzt. Der Schaden betr\u00e4gt nach ersten Sch\u00e4tzungen \u00fcber 10.000 Euro. Die Ermittlungen zur genauen Brandursache dauern an. Zeugen werden gebeten, sich unter der Rufnummer +4971189905778 bei der Kriminalpolizei zu melden.<\/p>\n<p style=\"text-align: justify;\"><strong>Stuttgart-Feuerbach: Mutma\u00dflich aufgrund \u00fcberh\u00f6hter Geschwindigkeit Unfall verursacht &#8211; Zeugen gesucht<\/strong><br \/>\nSechs beteiligte Fahrzeuge und ein Gesamtschaden von rund 40.000 Euro sind die Bilanz eines Verkehrsunfalles vom Freitag (11.04.2025) in der Grazer Stra\u00dfe. Ein 21 Jahre alter Fahrer eines BMW, sowie ein 20 Jahre alter Fahrer eines Opel, fuhren gegen 11.30 Uhr in der Grazer Stra\u00dfe aus Richtung Steierm\u00e4rker Stra\u00dfe mit mutma\u00dflich deutlich \u00fcberh\u00f6hter Geschwindigkeit. Der 21-J\u00e4hrige verlor in der Linkskurve die Kontrolle \u00fcber seinen BMW und stie\u00df mit einem am Fahrbahnrand parkenden Opel zusammen. Der Opel wurde dabei auf einen parkenden VW geschoben, dieser auf einen Skoda und der Skoda wiederum auf einen Smart. Die Beamten stellten bei den beiden 20- und 21-j\u00e4hrigen Fahrern fest, dass sie mutma\u00dflich unter Drogeneinfluss standen. Sie mussten eine Blutprobe abgeben und die Beamten beschlagnahmten ihre F\u00fchrerscheine. Die Ermittlungen, insbesondere zu einem m\u00f6glicherweise verbotenen Kraftfahrzeugrennen der beiden Fahrer, dauern an. Zeugen und m\u00f6gliche Gesch\u00e4digte werden gebeten, sich bei der Verkehrspolizei unter der Rufnummer +4971189904100 zu melden.<\/p>\n<p style=\"text-align: justify;\"><strong>Stuttgart-Plieningen: Zwei Seniorinnen sexuell bel\u00e4stigt &#8211; Tatverd\u00e4chtigen vorl\u00e4ufig festgenommen<\/strong><br \/>\nPolizeibeamte haben am Freitagmorgen (11.04.2025) einen 17 Jahre alten Mann vorl\u00e4ufig festgenommen, der im Verdacht steht, zwei Frauen im Alter von 76 und 81 Jahren im Bereich der Stra\u00dfe Im Asemwald sexuell bel\u00e4stigt zu haben. Umfangreiche Ermittlungen f\u00fchrten auf die Spur des 17-J\u00e4hrigen, Beamten nahmen ihn gegen 07.00 Uhr vorl\u00e4ufig fest. Nach Abschluss der polizeilichen Ma\u00dfnahmen setzten sie ihn wieder auf freien Fu\u00df.<\/p>\n<p style=\"text-align: justify;\"><strong>Stuttgart-Mitte: Mehrfach gegen den Kopf getreten &#8211; Tatverd\u00e4chtiger in Haft<\/strong><br \/>\nPolizeibeamte haben am Freitag (04.04.2025) einen 46 Jahre alten Mann an der Sophienstra\u00dfe festgenommen, der eine 55 Jahre alte Frau mehrfach gegen den Kopf getreten haben soll. Gegen 16.45 Uhr gerieten die beiden im Bereich von Parkpl\u00e4tzen zun\u00e4chst in einen verbalen Streit. In dessen Verlauf soll der 46-J\u00e4hrige gegen den Kopf der Frau getreten haben. Ein Zeuge bemerkte die Situation und alarmierte die Polizei. Diese nahm den 46-J\u00e4hrigen fest. Der Mann mit rum\u00e4nischer Staatsangeh\u00f6rigkeit wurde am Samstag (05.04.2025) auf Antrag der Staatsanwaltschaft einem Haftrichter vorgef\u00fchrt, der Haftbefehl erlie\u00df und den Tatverd\u00e4chtigen in eine Justizvollzugsanstalt einwies.<\/p>\n<p style=\"text-align: justify;\"><strong>Stuttgart-Ost: In Sauna onaniert und dann geschlagen &#8211; Tatverd\u00e4chtigen vorl\u00e4ufig festgenommen<\/strong><br \/>\nPolizeibeamte haben am Mittwoch (10.04.2025) einen 25 Jahre alten Mann vorl\u00e4ufig festgenommen, der in einem Mineralbad an der Stra\u00dfe Am Leuzebad zuerst onaniert und sich dann mit einem 36 Jahre alten Mann geschlagen haben soll. Der 36-J\u00e4hrige befand sich mit einer 33 Jahre alten Frau gegen 21.20 Uhr in einer Sauna, als der 25 Jahre alte Mann an seinem Glied manipuliert und in Richtung der 33-J\u00e4hrigen geschaut haben soll. Der 36-J\u00e4hrige und die 33-J\u00e4hrige verlie\u00dfen daraufhin die Sauna und trafen den Tatverd\u00e4chtigen wenig sp\u00e4ter in einem Whirlpool wieder an. Nachdem der 36-J\u00e4hrige den 25-J\u00e4hrigen mit dem Vorfall konfrontierte, entwickelte sich zun\u00e4chst eine verbale Auseinandersetzung zwischen den beiden M\u00e4nnern, die im Verlauf handgreiflich wurde. Alarmierte Polizeibeamte nahmen den 25-J\u00e4hrigen vorl\u00e4ufig fest und setzten ihn nach Abschluss der polizeilichen Ma\u00dfnahmen wieder auf freien Fu\u00df.<\/p>\n<p style=\"text-align: justify;\"><strong>Stuttgart-S\u00fcd: 59-J\u00e4hrigen ausgeraubt &#8211; Zeugen gesucht<\/strong><br \/>\nEin unbekannter Mann hat am Mittwochnachmittag (09.04.2025) eine 59-J\u00e4hrigen am \u00d6sterreichischen Platz ausgeraubt und ihn kurze Zeit sp\u00e4ter am Marienplatz geschlagen. Der Unbekannte stahl dem Mann gegen 16.15 Uhr an der Stadtbahnhaltestelle \u00d6sterreichischer Platz rund 160 Euro Bargeld und fl\u00fcchtete in die Stadtbahn der Linie U1. Der 59-J\u00e4hrige folgte ihm bis zur Haltestelle Marienlatz, wo beide ausstiegen. Dort schlug der T\u00e4ter dem Mann ins Gesicht und fl\u00fcchtete. Der Tatverd\u00e4chtige ist etwa 180 bis 185 Zentimeter gro\u00df und etwa 30 bis 35 Jahre alt. Er hatte eine schlanke Statur und gebr\u00e4unte Haut sowie schwarze Haare. Er trug eine wei\u00dfe Schirmm\u00fctze, einen hellen Pullover und eine dunkle Jacke und war mit einem weiteren Mann unterwegs. Zeugen werden gebeten, sich unter der Rufnummer +4971189905778 beim Raubdezernat zu melden.<\/p>\n<p style=\"text-align: justify;\"><strong>Stuttgart-Mitte: Polizeieinsatz wegen herrenlosem Koffer<\/strong><br \/>\nEin herrenloser Koffer hat am Mittwoch (09.04.2025) in unmittelbarer N\u00e4he des Landtages zu einem Polizeieinsatz gef\u00fchrt. Ein Zeuge entdeckte den herrenlosen Koffer auf der Seite des Eckensees gegen 17.30 Uhr, alarmierte Polizeibeamte sperrten daraufhin den Bereich ab. Spezialisten des Landekriminalamtes untersuchten den Koffer und gaben gegen 19.35 Uhr Entwarnung. Im Koffer befanden sich lediglich Moderationsgegenst\u00e4nde. Wer der Besitzer des Koffers ist, ist bislang nicht bekannt.<\/p>\n<p style=\"text-align: justify;\"><strong>Stuttgart-West: Beim Abbiegen mit Stadtbahn zusammengesto\u00dfen<\/strong><br \/>\nBeim Zusammensto\u00df eines Mercedes Sprinter mit einer Stadtbahn der Linie U2 sind am Mittwoch (09.04.2025) auf der Kreuzung Schlo\u00dfstra\u00dfe\/Silberburgstra\u00dfe zwei Fahrg\u00e4ste in der Stadtbahn verletzt worden. Ein 48 Jahre alter Mann fuhr gegen 13.10 Uhr mit seinem Sprinter in der Schlo\u00dfstra\u00dfe Richtung Innenstadt und wollte ersten Ermittlungen zufolge verbotenerweise nach links in die Silberburgstra\u00dfe abbiegen. Dabei stie\u00df er mit einer Stadtbahn der Linie U2 zusammen, die in der gleichen Richtung unterwegs war. In der Stadtbahn verletzten sich zwei Frauen im Alter von 72 und 82 Jahren leicht. Rettungskr\u00e4fte k\u00fcmmerten sich um die Verletzten und brachten sie vorsorglich in Krankenh\u00e4user. Ersten Sch\u00e4tzungen zufolge entstand ein Schaden von 10.000 Euro.<\/p>\n<p style=\"text-align: justify;\"><strong>Stuttgart-Bad Cannstatt: Auf Motorradfahrsch\u00fcler aufgefahren &#8211; Drei Verletzte<\/strong><br \/>\nEin 39 Jahre alter Fahrer eines Motorrades ist am Dienstag (08.04.2025) auf einem Parkplatz in der Mercedesstra\u00dfe auf einen 28 Jahre alten Motorradfahrsch\u00fcler aufgefahren. Der Fahrsch\u00fcler sollte gegen 16.45 Uhr mit seinem Motorrad eine Gefahrenbremsung durchf\u00fchren. Hinter diesem fuhr ein 39 Jahre alter Fahrlehrer einer anderen Fahrschule und fuhr auf den 28-J\u00e4hrigen auf, als dieser sein Motorrad abbremste. Hierbei verletzten sich der 39 Jahre alte Mann und seine 33-j\u00e4hrige Sozia leicht. Der 28-J\u00e4hrige erlitt schwere Verletzungen. Rettungskr\u00e4fte k\u00fcmmerten sich um die Verletzten und brachten sie in Krankenh\u00e4user. An den beiden Motorr\u00e4dern entstand ein Sachschaden von rund 15.000 Euro.<\/p>\n<p style=\"text-align: justify;\"><strong>Stuttgart-Nord: Zu weit ausgeschert &#8211; Hoher Sachschaden<\/strong><br \/>\nBei einem Verkehrsunfall am Montagmittag (07.04.2025) in der Stra\u00dfe Hauptmannsreute ist ein Sachschaden in H\u00f6he von \u00fcber 100.000 Euro entstanden. Ein 42 Jahre alter Lkw-Fahrer war gegen 11.40 Uhr in der Stra\u00dfe Hauptmannsreute unterwegs und wollte auf H\u00f6he der Hausnummer 54 nach links in den Herdweg abbiegen. Beim Ausscheren streifte er einen am rechten Fahrbahnrand geparkten Aston Martin. Beim Zur\u00fccksetzen schob er den Aston Martin dann auf den dahinterstehenden Toyota, der dadurch ebenfalls an der Front besch\u00e4digt wurde. Der Aston Martin war nicht mehr fahrbereit und musste abgeschleppt werden.<\/p>\n<p style=\"text-align: justify;\"><strong>Stuttgart-Nord: Jugendlicher nach Gruppenauseinandersetzung in Haft<\/strong><br \/>\nPolizeibeamte haben am Freitagvormittag (04.04.2025) zwei 15-j\u00e4hrige und zwei 16-j\u00e4hrige Tatverd\u00e4chtige ermittelt, die im Verdacht stehen, am Abend des 29.03.2025 mehrere Personen verletzt und ausgeraubt zu haben. Eine 14-J\u00e4hrige feierte eine Party in einem Wohngeb\u00e4ude an der Lenzhalde. Die vier Tatverd\u00e4chtigen verlangten an der Eingangst\u00fcr Zutritt zur Party, der ihnen allerdings nicht gew\u00e4hrt wurde. Das 14-j\u00e4hrige M\u00e4dchen rief ihren 17-j\u00e4hrigen Bruder zur Hilfe, als die Tatverd\u00e4chtigen nicht gehen wollten und sich zunehmend aggressiv verhielten. Als der 17-J\u00e4hrige mit weiteren Freunden zur Party kam, sollen die Tatverd\u00e4chtigen die Gruppe unvermittelt angegriffen und ausgeraubt haben. Hierbei sollen sie die Jungen geschlagen und Pfefferspray benutzt haben, um Jacken und Geldbeutel zu rauben, bevor sie fl\u00fcchteten. Umfangreiche Ermittlungen f\u00fchrten die Beamten auf die Spur der vier Tatverd\u00e4chtigen, deren Wohnungen in Stuttgart sie am Freitag ab 10.00 Uhr durchsuchten. Sie beschlagnahmten umfangreiche Beweismittel. Einen 15 Jahre alten Tatverd\u00e4chtigen nahmen sie fest. Er wurde am selben Tag auf Antrag der Staatsanwaltschaft Stuttgart einem Haftrichter vorgef\u00fchrt, der Haftbefehl erlie\u00df und ihn in eine Justizvollzugsanstalt einwies. Die drei \u00fcbrigen Tatverd\u00e4chtigen \u00fcbergaben die Beamten nach Durchf\u00fchrung der polizeilichen Ma\u00dfnahmen ihren Eltern.<\/p>\n<p style=\"text-align: justify;\"><strong>Stuttgart-Zuffenhausen: Auto in Brand geraten &#8211; Zeugen gesucht<\/strong><br \/>\nAus bislang unbekannter Ursache ist am Sonntagmorgen (06.04.2025) ein Nissan an der Nordseestra\u00dfe in Brand geraten. Zeugen entdeckten gegen 05.45 Uhr das brennende Auto und w\u00e4hlten den Notruf. Es entstand ein Schaden von zirka 15.000 Euro. Die Kriminalpolizei hat die Ermittlungen zur Brandursache aufgenommen Zeugen werden gebeten, sich unter der Rufnummer +4971189905778 bei der Kriminalpolizei zu melden.<\/p>\n<p style=\"text-align: justify;\"><strong>Stuttgart-Wangen: Halskette geraubt &#8211; Zeugen gesucht<\/strong><br \/>\nEin unbekannter Mann hat am Freitagmittag (04.04.2025) an der Stra\u00dfe Im Degen die Halskette einer 66 Jahre alten Frau geraubt. Die 66-J\u00e4hrige ging gegen 12.30 Uhr von der Stadtbahnhaltestelle Inselstra\u00dfe die Stra\u00dfe Im Degen entlang, als der Unbekannte von hinten an sie herantrat, ihr die Halskette herunterriss und sie zu Boden stie\u00df. Anschlie\u00dfend fl\u00fcchtete er mit einem schwarzroten Mountainbike in Richtung N\u00e4hterstra\u00dfe. Trotz sofortiger Fahndung der alarmierten Beamten gelang dem Unbekannten die Flucht. Er ist etwa 35 Jahre alt und zirka 175 Zentimeter gro\u00df. Er hat eine mollige Figur und schwarze kurze Haare sowie einen schwarzen Bart. Zur Tatzeit trug er eine dunkle Jogginghose, eine dunkle Joggingjacke und war mit einer schwarzen Corona-Maske aus Stoff vermummt. Zeugen werden gebeten, sich unter der Rufnummer +4971189905778 bei der Kriminalpolizei zu melden.<\/p>\n<p style=\"text-align: justify;\"><strong>Stuttgart-Bad Cannstatt: Hotelangestellter soll Sch\u00fclerinnen sexuell bedr\u00e4ngt haben &#8211; 34-J\u00e4hriger in Haft<\/strong><br \/>\nPolizeibeamte haben am fr\u00fchen Freitagmorgen (04.04.2025) in einem Hotel in Bad Cannstatt einen 34-J\u00e4hrigen festgenommen, der im Verdacht steht, zwei 16-j\u00e4hrige Frauen sexuell bedr\u00e4ngt zu haben. Der Tatverd\u00e4chtige soll zwischen 02.00 Uhr und 03.00 Uhr unter einem Vorwand das Zimmer betreten und die beiden in ein Gespr\u00e4ch verwickelt haben. Dabei soll er sie unsittlich ber\u00fchrt und sexuell bedr\u00e4ngt haben. Die beiden jungen Frauen verwiesen den Tatverd\u00e4chtigen dann aus dem Zimmer und alarmierten eine Begleiterin, welche die Polizei verst\u00e4ndigte. Die Beamten nahmen den Tatverd\u00e4chtigen daraufhin fest. Der 34-J\u00e4hrige mit deutscher Staatsangeh\u00f6rigkeit, der in Verdacht steht, bereits im Januar 2025 \u00e4hnliche Taten begangen zu haben, wurde am Freitag auf Antrag der Staatsanwaltschaft Stuttgart einem Haftrichter vorgef\u00fchrt, der den Haftbefehl erlie\u00df und den Tatverd\u00e4chtigen in eine Justizvollzugsanstalt einwies.<\/p>\n<p style=\"text-align: justify;\"><strong>Stuttgart-Mitte:\u00a0 &#8211; Polizei sucht <\/strong><strong>nach Erpressung <\/strong><strong>Tatverd\u00e4chtige mit Echtbildern einer \u00dcberwachungskamera &#8211; Zeugen gesucht<\/strong><br \/>\nDie Polizei sucht mit Bildern aus einer \u00dcberwachungskamera nach mehreren Tatverd\u00e4chtigen, die am Samstag, 01. M\u00e4rz 2025, gegen 15.40 Uhr im Bereich der Kopenhagener Stra\u00dfe drei Jugendliche bedroht und von einem 16-J\u00e4hrigen dessen Weste der Marke North Face erpresst haben sollen. Die drei Jugendlichen hielten sich zun\u00e4chst im Milaneo auf und gingen dann \u00fcber die Moskauer Stra\u00dfe in die Kopenhagener Stra\u00dfe. Dort wurden sie von einem unbekannten jungen Mann angesprochen. Nach einem Telefonat traten kamen acht bis zehn Personen hinzu, welche die drei Jugendlichen umringt und bedroht haben sollen. Sie sollen Bargeld gefordert haben und anschlie\u00dfend mit der Weste in Richtung Milaneo gefl\u00fcchtet sein. Einer der Tatverd\u00e4chtigen ist etwa 16 bis 17 Jahre alt, d\u00fcnn und zirka 170 Zentimeter gro\u00df. Er hatte braune Augen, die auff\u00e4llig rot unterlaufen waren. Zur Tatzeit trug er eine dunkelbraune Hose, eine schwarze Jacke sowie eine Schildm\u00fctze. Der zweite Tatverd\u00e4chtige ist etwa 17 bis 19 Jahre alt, rund 185 bis 190 Zentimeter gro\u00df und hatte lockige Haare. Der dritte Tatverd\u00e4chtige ist rund 14 Jahre alt und trug eine auff\u00e4llige blau-violette Sportjacke, vermutlich mit einem Vereinsemblem darauf. Der vierte Tatverd\u00e4chtige ist etwa 17 Jahre alt und rund 175 bis 180 Zentimeter gro\u00df. Er hatte schwarze Locken und trug eine schwarze Jacke. Ein f\u00fcnfter Tatverd\u00e4chtiger ist etwa 180 Zentimeter gro\u00df und trug eine dunkle Jacke, eine dunkle Jeanshose und schwarze Schuhe sowie eine schwarze Baseballm\u00fctze. Die weiteren Tatverd\u00e4chtigen waren zwischen 16 und 20 Jahre alt und trugen teilweise Nike Turnschuhe, Jeanshosen und Trapstar Jacken. Einige hatten Bauchtaschen dabei und trugen Baseballm\u00fctzen. Unter folgendem Link finden Sie die Bilder aus der \u00dcberwachungskamera: <a class=\"uri-ext outbound\" href=\"https:\/\/fahndung.polizei-bw.de\/tracing\/stuttgart-erpressung\/\" target=\"_blank\" rel=\"noopener\">https:\/\/fahndung.polizei-bw.de\/tracing\/stuttgart-erpressung\/<\/a> Zeugen werden gebeten, sich unter der Rufnummer +4971189905778 bei der Kriminalpolizei zu melden.<\/p>\n<p style=\"text-align: justify;\"><strong>Stuttgart-Stammheim: Radfahrer gest\u00fcrzt und schwer verletzt &#8211; Zeugen gesucht<br \/>\n<\/strong>Ein 68 Jahre alter Fahrradfahrer ist am Freitagmittag (04.04.2025) auf einem Feldweg im Bereich der Solitudeallee gest\u00fcrzt und hat sich schwere Verletzungen zugezogen. Der Mann war mit seinem Pedelec gegen 13.50 Uhr auf einem Feldweg in der N\u00e4he des historischen Wasserwerkes Richtung Solitudeallee unterwegs, als ihn ein unbekannter Radfahrer \u00fcberholte. Hierbei soll er den Pedelecfahrer nicht ber\u00fchrt haben. Mutma\u00dflich weil sich der 68-J\u00e4hrige erschreckte verlor er die Kontrolle \u00fcber sein Fahrrad und st\u00fcrzte. Ein Rettungswagen k\u00fcmmerte sich um den schwerverletzten Mann und brachte ihn in ein Krankenhaus. Zeugen, insbesondere der unbekannte Radfahrer werden gebeten, sich unter der Rufnummer +4971189904100 bei der Verkehrspolizei Stuttgart zu melden.<\/p>\n<hr \/>\n<p style=\"text-align: justify;\">\n","protected":false},"excerpt":{"rendered":"<p>Quelle: ots Stuttgart-Mitte: 48-J\u00e4hrigen ausgeraubt &#8211; Zeugen gesucht Unbekannte haben am Samstag (12.04.2025) einen 48 Jahre alten Mann im Leonhardsviertel geschlagen und ausgeraubt. Die unbekannten M\u00e4nner n\u00e4herten sich dem 48-J\u00e4hrigen im Tatzeitraum zwischen 05.00 Uhr und 10.00 Uhr, rissen ihn zu Boden und schlugen auf ihn ein. Dann nahmen sie seinen Geldbeutel mit 30 Euro [&hellip;]<\/p>\n","protected":false},"author":4,"featured_media":152245,"comment_status":"closed","ping_status":"open","sticky":false,"template":"","format":"standard","meta":{"inline_featured_image":false,"_exactmetrics_skip_tracking":false,"_exactmetrics_sitenote_active":false,"_exactmetrics_sitenote_note":"","_exactmetrics_sitenote_category":0,"footnotes":""},"categories":[11241],"tags":[14857,68,205,1625,9,275],"class_list":{"0":"post-155739","1":"post","2":"type-post","3":"status-publish","4":"format-standard","5":"has-post-thumbnail","7":"category-region-stuttgart","8":"tag-die-webzeitung","9":"tag-online-zeitung","10":"tag-polizei","11":"tag-report","12":"tag-schaumedia","13":"tag-stuttgart"},"image_feature":"https:\/\/die-webzeitung.de\/stuttgart\/wp-content\/uploads\/sites\/4\/2024\/02\/Polizei-Pix-scaled.jpg","author_name":"Redaktion","pure_taxonomies":{"categories":[{"term_id":11241,"name":"Polizei-Report Stuttgart","slug":"region-stuttgart","term_group":0,"term_taxonomy_id":11279,"taxonomy":"category","description":"Polizeiberichte aus der Region Stuttgart","parent":1619,"count":68,"filter":"raw","image":""}],"tags":[{"term_id":14857,"name":"Die-Webzeitung","slug":"die-webzeitung","term_group":0,"term_taxonomy_id":14876,"taxonomy":"post_tag","description":"","parent":0,"count":3625,"filter":"raw","image":""},{"term_id":68,"name":"Online-Zeitung","slug":"online-zeitung","term_group":0,"term_taxonomy_id":69,"taxonomy":"post_tag","description":"","parent":0,"count":3595,"filter":"raw","image":""},{"term_id":205,"name":"Polizei","slug":"polizei","term_group":0,"term_taxonomy_id":208,"taxonomy":"post_tag","description":"","parent":0,"count":277,"filter":"raw","image":""},{"term_id":1625,"name":"Report","slug":"report","term_group":0,"term_taxonomy_id":1634,"taxonomy":"post_tag","description":"","parent":0,"count":210,"filter":"raw","image":""},{"term_id":9,"name":"SchauMedia","slug":"schaumedia","term_group":0,"term_taxonomy_id":9,"taxonomy":"post_tag","description":"","parent":0,"count":1607,"filter":"raw","image":""},{"term_id":275,"name":"Stuttgart","slug":"stuttgart","term_group":0,"term_taxonomy_id":281,"taxonomy":"post_tag","description":"","parent":0,"count":1195,"filter":"raw","image":""}]},"_links":{"self":[{"href":"https:\/\/die-webzeitung.de\/stuttgart\/wp-json\/wp\/v2\/posts\/155739","targetHints":{"allow":["GET"]}}],"collection":[{"href":"https:\/\/die-webzeitung.de\/stuttgart\/wp-json\/wp\/v2\/posts"}],"about":[{"href":"https:\/\/die-webzeitung.de\/stuttgart\/wp-json\/wp\/v2\/types\/post"}],"author":[{"embeddable":true,"href":"https:\/\/die-webzeitung.de\/stuttgart\/wp-json\/wp\/v2\/users\/4"}],"replies":[{"embeddable":true,"href":"https:\/\/die-webzeitung.de\/stuttgart\/wp-json\/wp\/v2\/comments?post=155739"}],"version-history":[{"count":12,"href":"https:\/\/die-webzeitung.de\/stuttgart\/wp-json\/wp\/v2\/posts\/155739\/revisions"}],"predecessor-version":[{"id":155810,"href":"https:\/\/die-webzeitung.de\/stuttgart\/wp-json\/wp\/v2\/posts\/155739\/revisions\/155810"}],"wp:featuredmedia":[{"embeddable":true,"href":"https:\/\/die-webzeitung.de\/stuttgart\/wp-json\/wp\/v2\/media\/152245"}],"wp:attachment":[{"href":"https:\/\/die-webzeitung.de\/stuttgart\/wp-json\/wp\/v2\/media?parent=155739"}],"wp:term":[{"taxonomy":"category","embeddable":true,"href":"https:\/\/die-webzeitung.de\/stuttgart\/wp-json\/wp\/v2\/categories?post=155739"},{"taxonomy":"post_tag","embeddable":true,"href":"https:\/\/die-webzeitung.de\/stuttgart\/wp-json\/wp\/v2\/tags?post=155739"}],"curies":[{"name":"wp","href":"https:\/\/api.w.org\/{rel}","templated":true}]}}