{"id":155709,"date":"2025-04-03T14:27:52","date_gmt":"2025-04-03T13:27:52","guid":{"rendered":"https:\/\/die-webzeitung.de\/stuttgart\/?p=155709"},"modified":"2025-12-05T12:59:09","modified_gmt":"2025-12-05T11:59:09","slug":"anmeldung-zum-nuertinger-stadtradeln-ist-geoeffnet","status":"publish","type":"post","link":"https:\/\/die-webzeitung.de\/stuttgart\/2025\/04\/03\/anmeldung-zum-nuertinger-stadtradeln-ist-geoeffnet\/","title":{"rendered":"Anmeldung zum N\u00fcrtinger STADTRADELN ist ge\u00f6ffnet"},"content":{"rendered":"<p style=\"text-align: justify;\">N\u00fcrtingen.| Mit Umstellung der Uhren auf Sommerzeit werden die Tage gef\u00fchlt ein wenig l\u00e4nger und langsam steigende Temperaturen locken nach drau\u00dfen. Dies ist nicht nur die Zeit f\u00fcr den Fr\u00fchjahrsputz in den eigenen vier W\u00e4nden. Auch das zweir\u00e4drige Gef\u00e4hrt, das \u00fcber den Winter im Keller schlummerte, wird nun wieder herausgeputzt. P\u00fcnktlich zur neuen Radsaison ist ab sofort die Anmeldung zur diesj\u00e4hrigen N\u00fcrtinger STADTRADEL-Aktion unter <a href=\"https:\/\/stadtradeln.de\/nuertingen\" target=\"_blank\" rel=\"noopener\">https:\/\/stadtradeln.de\/nuertingen<\/a> ge\u00f6ffnet. Vom 12. Mai bis 1. Juni z\u00e4hlt wieder jeder Kilometer, der von registrierten Teilnehmenden per Fahrrad zur\u00fcckgelegt wurde.<\/p>\n<p style=\"text-align: justify;\">Die Stadt N\u00fcrtingen nimmt seit 2017 an der Kampagne STADTRADELN des Klima-B\u00fcndnis teil. Bei der Premiere standen am Ende etwas mehr als 43.500 Kilometer zu Buche. Dass sich in Sachen Radverkehr in N\u00fcrtingen seitdem einiges zum Positiven ver\u00e4ndert hat, zeigt sich in der Infrastruktur und an der Entwicklung der gefahrenen Strecken. Im vergangenen Jahr litt die Aktion w\u00e4hrend des Zeitraums zwar unter regnerischem Wetter. Dennoch wurden rund stolze 230.000 Kilometer zur\u00fcckgelegt. Oberb\u00fcrgermeister Dr. Johannes Fridrich, der auch selbst in die Pedale steigt, peilt in diesem Jahr wieder die Marke von 300.000 Kilometern an, die im Rekordjahr 2023 \u00fcbertroffen wurde: \u201eJede Radtour, die eine Autofahrt ersetzt, ist ein Beitrag zum positiven Stadtklima. Und so ganz nebenbei f\u00f6rdert man damit auch seine Gesundheit\u201c, beschreibt er die Vorteile des Radfahrens.<\/p>\n<p style=\"text-align: justify;\">Etwa ein F\u00fcnftel der klimasch\u00e4dlichen Kohlendioxid-Emissionen in Deutschland entstehen im Verkehr. Alleine ein Viertel der CO<sub>2<\/sub>-Emissionen des gesamten Verkehrs verursacht der Innerortsverkehr. Wenn circa 30 Prozent der Kurzstrecken von bis zu sechs Kilometern in den Innenst\u00e4dten mit dem Fahrrad statt mit dem Auto gefahren w\u00fcrden, lie\u00dfen sich etwa 7,5 Millionen Tonnen CO<sub>2<\/sub> vermeiden.<\/p>\n<p style=\"text-align: justify;\">Teilnehmen k\u00f6nnen alle Personen, die in N\u00fcrtingen und den Teilorten Hardt, Neckarhausen, Raidwangen, Reudern oder Zizishausen leben, arbeiten, einem dortigen Verein angeh\u00f6ren oder eine (Hoch-)Schule besuchen. \u201eInsbesondere f\u00fcr Sch\u00fclerinnen und Sch\u00fcler der weiterf\u00fchrenden Schulen lohnt es sich, den Schulweg mit dem Fahrrad zur\u00fcckzulegen\u201c, verr\u00e4t der st\u00e4dtische Radverkehrskoordinator Stephan Maul. Die drei angemeldeten Klassen mit den meisten registrierten Kilometern k\u00f6nnen sich \u00fcber Geldpreise zwischen 200 und 500 Euro freuen.<\/p>\n<p style=\"text-align: justify;\">Jede Klasse kann sich als Unterteam in einem Schulteam anmelden. Dann z\u00e4hlen die gefahrenen Kilometer f\u00fcr das Schulteam und f\u00fcr das Klassenteam. F\u00fcr ein Klassenteam sind ausschlie\u00dflich Sch\u00fclerinnen und Sch\u00fcler der jeweiligen Klasse zugelassen.<\/p>\n<p style=\"text-align: justify;\">Die Siegerehrung findet in diesem Jahr wieder am Aktionstag \u201eMOA \u2013 Mobil ohne Auto\u201c am 28. September 2025 im Tiefenbachtal statt.<\/p>\n<p style=\"text-align: justify;\">Im vergangenen Jahr belegte die Stadt N\u00fcrtingen den zweiten Platz im Landkreis und den f\u00fcnften Platz im landesweiten Vergleich mit St\u00e4dten vergleichbarer Gr\u00f6\u00dfe. \u201eIn diesem Jahr wollen wir wieder auf das Podium\u201c, gibt Maul das diesj\u00e4hrige Ziel aus.<\/p>\n<p style=\"text-align: justify;\">W\u00e4hrend des Kampagnenzeitraums und dar\u00fcber hinaus bietet N\u00fcrtingen erneut allen Verkehrsteilnehmenden die M\u00f6glichkeit an, online oder per App \u00fcber die Meldeplattform RADar! auf Gefahrenstellen im Radwegeverlauf aufmerksam zu machen.<\/p>\n<hr \/>\n<p style=\"text-align: justify;\">\n","protected":false},"excerpt":{"rendered":"<p>N\u00fcrtingen.| Mit Umstellung der Uhren auf Sommerzeit werden die Tage gef\u00fchlt ein wenig l\u00e4nger und langsam steigende Temperaturen locken nach drau\u00dfen. Dies ist nicht nur die Zeit f\u00fcr den Fr\u00fchjahrsputz in den eigenen vier W\u00e4nden. Auch das zweir\u00e4drige Gef\u00e4hrt, das \u00fcber den Winter im Keller schlummerte, wird nun wieder herausgeputzt. P\u00fcnktlich zur neuen Radsaison ist [&hellip;]<\/p>\n","protected":false},"author":4,"featured_media":0,"comment_status":"closed","ping_status":"open","sticky":false,"template":"","format":"standard","meta":{"inline_featured_image":false,"_exactmetrics_skip_tracking":false,"_exactmetrics_sitenote_active":false,"_exactmetrics_sitenote_note":"","_exactmetrics_sitenote_category":0,"footnotes":""},"categories":[2247],"tags":[14857,15471,68,9,7788],"class_list":{"0":"post-155709","1":"post","2":"type-post","3":"status-publish","4":"format-standard","6":"category-kreis-esslingen","7":"tag-die-webzeitung","8":"tag-nuertingen","9":"tag-online-zeitung","10":"tag-schaumedia","11":"tag-stadtradeln"},"image_feature":null,"author_name":"Redaktion","pure_taxonomies":{"categories":[{"term_id":2247,"name":"Kreis Esslingen","slug":"kreis-esslingen","term_group":0,"term_taxonomy_id":2260,"taxonomy":"category","description":"Informationen aus dem Landkreis Esslingen","parent":171,"count":214,"filter":"raw","image":""}],"tags":[{"term_id":14857,"name":"Die-Webzeitung","slug":"die-webzeitung","term_group":0,"term_taxonomy_id":14876,"taxonomy":"post_tag","description":"","parent":0,"count":3625,"filter":"raw","image":""},{"term_id":15471,"name":"N\u00fcrtingen","slug":"nuertingen","term_group":0,"term_taxonomy_id":15490,"taxonomy":"post_tag","description":"","parent":0,"count":8,"filter":"raw","image":""},{"term_id":68,"name":"Online-Zeitung","slug":"online-zeitung","term_group":0,"term_taxonomy_id":69,"taxonomy":"post_tag","description":"","parent":0,"count":3595,"filter":"raw","image":""},{"term_id":9,"name":"SchauMedia","slug":"schaumedia","term_group":0,"term_taxonomy_id":9,"taxonomy":"post_tag","description":"","parent":0,"count":1607,"filter":"raw","image":""},{"term_id":7788,"name":"Stadtradeln","slug":"stadtradeln","term_group":0,"term_taxonomy_id":7810,"taxonomy":"post_tag","description":"","parent":0,"count":12,"filter":"raw","image":""}]},"_links":{"self":[{"href":"https:\/\/die-webzeitung.de\/stuttgart\/wp-json\/wp\/v2\/posts\/155709","targetHints":{"allow":["GET"]}}],"collection":[{"href":"https:\/\/die-webzeitung.de\/stuttgart\/wp-json\/wp\/v2\/posts"}],"about":[{"href":"https:\/\/die-webzeitung.de\/stuttgart\/wp-json\/wp\/v2\/types\/post"}],"author":[{"embeddable":true,"href":"https:\/\/die-webzeitung.de\/stuttgart\/wp-json\/wp\/v2\/users\/4"}],"replies":[{"embeddable":true,"href":"https:\/\/die-webzeitung.de\/stuttgart\/wp-json\/wp\/v2\/comments?post=155709"}],"version-history":[{"count":1,"href":"https:\/\/die-webzeitung.de\/stuttgart\/wp-json\/wp\/v2\/posts\/155709\/revisions"}],"predecessor-version":[{"id":155710,"href":"https:\/\/die-webzeitung.de\/stuttgart\/wp-json\/wp\/v2\/posts\/155709\/revisions\/155710"}],"wp:attachment":[{"href":"https:\/\/die-webzeitung.de\/stuttgart\/wp-json\/wp\/v2\/media?parent=155709"}],"wp:term":[{"taxonomy":"category","embeddable":true,"href":"https:\/\/die-webzeitung.de\/stuttgart\/wp-json\/wp\/v2\/categories?post=155709"},{"taxonomy":"post_tag","embeddable":true,"href":"https:\/\/die-webzeitung.de\/stuttgart\/wp-json\/wp\/v2\/tags?post=155709"}],"curies":[{"name":"wp","href":"https:\/\/api.w.org\/{rel}","templated":true}]}}