{"id":155697,"date":"2025-04-02T17:24:03","date_gmt":"2025-04-02T16:24:03","guid":{"rendered":"https:\/\/die-webzeitung.de\/stuttgart\/2025\/04\/02\/fruehlingsfrische-in-garmisch-partenkirchen\/"},"modified":"2025-04-02T17:24:03","modified_gmt":"2025-04-02T16:24:03","slug":"fruehlingsfrische-in-garmisch-partenkirchen","status":"publish","type":"post","link":"https:\/\/die-webzeitung.de\/stuttgart\/2025\/04\/02\/fruehlingsfrische-in-garmisch-partenkirchen\/","title":{"rendered":"Fr\u00fchlingsfrische in Garmisch-Partenkirchen"},"content":{"rendered":"<h3 class=\"hP\" style=\"text-align: justify;\" tabindex=\"-1\" data-thread-perm-id=\"thread-f:1828282748663970740\" data-legacy-thread-id=\"195f5d7927173bb4\"><strong>Aufbl\u00fchen im Heilklima und neue Energie tanken<\/strong><\/h3>\n<p style=\"text-align: justify;\">Garmisch-Partenkirchen\/<wbr \/>M\u00fcnchen.| Endlich ist er da, der Fr\u00fchling! F\u00fcr viele bedeutet diese Jahreszeit einen kleinen Neuanfang \u2013 die perfekte Gelegenheit, sich neue Ziele zu setzen, sich selbst etwas Gutes zu tun und die ersten Sonnenstrahlen mit einem breiten L\u00e4cheln einzufangen. Inmitten der Natur von Garmisch-Partenkirchen finden Erholungssuchende vielf\u00e4ltige Fr\u00fchlingsangebote, die Leichtigkeit in den Alltag bringen und f\u00fcr ein k\u00f6rperliches und seelisches Aufbl\u00fchen sorgen.<\/p>\n<h4 style=\"text-align: justify;\"><strong>Wandern, Kneippen und Reserven auff\u00fcllen im Heilklima <\/strong><\/h4>\n<p style=\"text-align: justify;\">Tief ein- und ausatmen, die klare Bergluft genie\u00dfen und sp\u00fcren, wie der K\u00f6rper St\u00fcck f\u00fcr St\u00fcck lebendiger wird \u2013 im heilklimatischen Kurort Garmisch-Partenkirchen werden K\u00f6rper und Geist auf nat\u00fcrliche Weise gest\u00e4rkt. Die Kombination aus klarer Bergluft, niedrigem Luftdruck und gem\u00e4\u00dfigtem Klima schafft ideale Bedingungen f\u00fcr Erholung und Regeneration. Umgeben von einem beeindruckenden Bergpanorama bieten Wanderwege wie der Kramerplateauweg, der Philosophenweg oder die Runde um den Riessersee einzigartige Naturerlebnisse.<\/p>\n<p style=\"text-align: justify;\">Das Heilklima sp\u00fcren? Das geht etwa bei den regelm\u00e4\u00dfig stattfindenden \u201eWanderungen im Heilklima\u201c vom GaPa Gesundheitsteam. Die mit der G\u00e4stekarte kostenlose Touren stehen jeweils unter einem besonderen Thema und werden von fachkundiger Begleitung geleitet \u2013 ganz mit Fokus auf innere Balance und die Steigerung des Wohlbefindens im Alltag.<\/p>\n<p style=\"text-align: justify;\">Oder bei der Tour \u201ePartnachklamm f\u00fcr alle\u201c, die von Mai bis Oktober regelm\u00e4\u00dfig angeboten wird. Sie f\u00fchrt durch die beeindruckende Klamm und ist speziell auf die Bed\u00fcrfnisse von Menschen mit k\u00f6rperlichen Einschr\u00e4nkungen abgestimmt, um die Natur mit allen Sinnen erlebbar zu machen. <em>Mehr Informationen: <\/em><a href=\"https:\/\/www.gapa-tourismus.de\/de\/Gesundheit\/Wellbeing\/Gesundheitserlebnisse#\/erlebnisse\/BAY\/f7239d81-8531-4888-adcf-46e1029b182e\/partnachklamm-fuer-alle\" target=\"_blank\" rel=\"noopener\" data-saferedirecturl=\"https:\/\/www.google.com\/url?q=https:\/\/www.gapa-tourismus.de\/de\/Gesundheit\/Wellbeing\/Gesundheitserlebnisse%23\/erlebnisse\/BAY\/f7239d81-8531-4888-adcf-46e1029b182e\/partnachklamm-fuer-alle&amp;source=gmail&amp;ust=1743683621967000&amp;usg=AOvVaw0BtZRK4IAGzvh6b-kV6mwP\"><em>Partnachklamm f\u00fcr Alle<\/em><\/a><\/p>\n<p style=\"text-align: justify;\">Weitere frische Energie gibt es im Michael-Ende-Kurpark: Ob auf den GaPa-Sonnenliegen, beim Balancieren auf der Slackline, am erfrischenden Gradierwerk oder im belebenden Kneippbecken \u2013 hier ist das Heilklima quasi zum Anfassen.<\/p>\n<h4 style=\"text-align: justify;\"><strong>Kneippen \u2013 Naturkraft erleben<\/strong><\/h4>\n<p style=\"text-align: justify;\">Kneippen hat in Garmisch-Partenkirchen eine lange Tradition. Das bew\u00e4hrte Naturheilverfahren st\u00e4rkt das Immunsystem und belebt den gesamten Organismus. Besonders empfehlenswert ist die nat\u00fcrliche Kneippanlage am Brunnh\u00e4uslweg in Partenkirchen: Mitten in der Natur k\u00f6nnen G\u00e4ste beim Wassertreten und Armbaden die erfrischende Wirkung sp\u00fcren und neue Vitalit\u00e4t sch\u00f6pfen.<\/p>\n<h4 style=\"text-align: justify;\"><strong>Aufs Rad schwingen und Freiheit sp\u00fcren<\/strong><\/h4>\n<p style=\"text-align: justify;\">Ob Gravelbike, E-Mountainbike oder Trekkingbike \u2013 die Region rund um GaPa bietet vielf\u00e4ltige Routen durch bl\u00fchende Wiesen und entlang sprudelnder B\u00e4che. Jede Tour ist ein Erlebnis f\u00fcr die Sinne und vermittelt ein Gef\u00fchl von Freiheit und Leichtigkeit \u2013 genau das, was der Fr\u00fchling verspricht.<\/p>\n<hr \/>\n<p style=\"text-align: justify;\">\n","protected":false},"excerpt":{"rendered":"<p>Aufbl\u00fchen im Heilklima und neue Energie tanken Garmisch-Partenkirchen\/M\u00fcnchen.| Endlich ist er da, der Fr\u00fchling! F\u00fcr viele bedeutet diese Jahreszeit einen kleinen Neuanfang \u2013 die perfekte Gelegenheit, sich neue Ziele zu setzen, sich selbst etwas Gutes zu tun und die ersten Sonnenstrahlen mit einem breiten L\u00e4cheln einzufangen. Inmitten der Natur von Garmisch-Partenkirchen finden Erholungssuchende vielf\u00e4ltige Fr\u00fchlingsangebote, [&hellip;]<\/p>\n","protected":false},"author":4,"featured_media":155698,"comment_status":"closed","ping_status":"open","sticky":false,"template":"","format":"standard","meta":{"inline_featured_image":false,"_exactmetrics_skip_tracking":false,"_exactmetrics_sitenote_active":false,"_exactmetrics_sitenote_note":"","_exactmetrics_sitenote_category":0,"footnotes":""},"categories":[89],"tags":[17908,17909,10628],"class_list":{"0":"post-155697","1":"post","2":"type-post","3":"status-publish","4":"format-standard","5":"has-post-thumbnail","7":"category-reisezeit","8":"tag-garmisch","9":"tag-partenkirchen","10":"tag-wandern"},"image_feature":"https:\/\/die-webzeitung.de\/stuttgart\/wp-content\/uploads\/sites\/4\/2025\/04\/garm1.jpg","author_name":"Redaktion","pure_taxonomies":{"categories":[{"term_id":89,"name":"Freizeit &amp; Reise","slug":"reisezeit","term_group":0,"term_taxonomy_id":90,"taxonomy":"category","description":"","parent":482,"count":34,"filter":"raw","image":""}],"tags":[{"term_id":17908,"name":"Garmisch","slug":"garmisch","term_group":0,"term_taxonomy_id":17927,"taxonomy":"post_tag","description":"","parent":0,"count":1,"filter":"raw","image":""},{"term_id":17909,"name":"Partenkirchen","slug":"partenkirchen","term_group":0,"term_taxonomy_id":17928,"taxonomy":"post_tag","description":"","parent":0,"count":1,"filter":"raw","image":""},{"term_id":10628,"name":"Wandern","slug":"wandern","term_group":0,"term_taxonomy_id":10664,"taxonomy":"post_tag","description":"","parent":0,"count":1,"filter":"raw","image":""}]},"_links":{"self":[{"href":"https:\/\/die-webzeitung.de\/stuttgart\/wp-json\/wp\/v2\/posts\/155697","targetHints":{"allow":["GET"]}}],"collection":[{"href":"https:\/\/die-webzeitung.de\/stuttgart\/wp-json\/wp\/v2\/posts"}],"about":[{"href":"https:\/\/die-webzeitung.de\/stuttgart\/wp-json\/wp\/v2\/types\/post"}],"author":[{"embeddable":true,"href":"https:\/\/die-webzeitung.de\/stuttgart\/wp-json\/wp\/v2\/users\/4"}],"replies":[{"embeddable":true,"href":"https:\/\/die-webzeitung.de\/stuttgart\/wp-json\/wp\/v2\/comments?post=155697"}],"version-history":[{"count":0,"href":"https:\/\/die-webzeitung.de\/stuttgart\/wp-json\/wp\/v2\/posts\/155697\/revisions"}],"wp:featuredmedia":[{"embeddable":true,"href":"https:\/\/die-webzeitung.de\/stuttgart\/wp-json\/wp\/v2\/media\/155698"}],"wp:attachment":[{"href":"https:\/\/die-webzeitung.de\/stuttgart\/wp-json\/wp\/v2\/media?parent=155697"}],"wp:term":[{"taxonomy":"category","embeddable":true,"href":"https:\/\/die-webzeitung.de\/stuttgart\/wp-json\/wp\/v2\/categories?post=155697"},{"taxonomy":"post_tag","embeddable":true,"href":"https:\/\/die-webzeitung.de\/stuttgart\/wp-json\/wp\/v2\/tags?post=155697"}],"curies":[{"name":"wp","href":"https:\/\/api.w.org\/{rel}","templated":true}]}}