{"id":155688,"date":"2025-04-05T18:58:37","date_gmt":"2025-04-05T17:58:37","guid":{"rendered":"https:\/\/die-webzeitung.de\/stuttgart\/?p=155688"},"modified":"2025-04-06T11:37:40","modified_gmt":"2025-04-06T10:37:40","slug":"polizeipraesidium-stuttgart-neue-beschaeftigte-begruesst","status":"publish","type":"post","link":"https:\/\/die-webzeitung.de\/stuttgart\/2025\/04\/05\/polizeipraesidium-stuttgart-neue-beschaeftigte-begruesst\/","title":{"rendered":"Polizeipr\u00e4sidium Stuttgart: Neue Besch\u00e4ftigte begr\u00fc\u00dft"},"content":{"rendered":"<p style=\"text-align: justify;\">Stuttgart.| Oberb\u00fcrgermeister Dr. Frank Nopper und Polizeipr\u00e4sident Markus Eisenbraun haben am Dienstag, den 1. April 2025, 83 neue Besch\u00e4ftigte beim Polizeipr\u00e4sidium Stuttgart im Rathaus der Landeshauptstadt begr\u00fc\u00dft.<\/p>\n<p style=\"text-align: justify;\">Ende M\u00e4rz haben 68 der Polizeibeamtinnen und Polizeibeamten ihr Studium f\u00fcr den gehobenen Polizeivollzugsdienst erfolgreich abgeschlossen und beginnen nun ihre Karriere bei der Polizei in Stuttgart.<\/p>\n<p style=\"text-align: justify;\">Zudem gab es neun Versetzungen von Polizeibeamtinnen und Beamten, welche bereits in anderen Polizeipr\u00e4sidien t\u00e4tig waren sowie eine Versetzung eines Polizeibeamten, der zuvor in einem anderen Bundesland als Polizist t\u00e4tig war. Weiterhin wurden zwei Beamte f\u00fcr die Sonderlaufbahn der Cyberkriminalisten und drei Beamtinnen und Beamte f\u00fcr die Sonderlaufbahn der Wirtschaftskriminalisten eingestellt.<\/p>\n<p style=\"text-align: justify;\">Oberb\u00fcrgermeister Dr. Frank Nopper sagte zu den angehenden Polizeibeamtinnen und Polizeibeamten: &#8220;Sie haben sich f\u00fcr einen sehr verantwortungsvollen f\u00fcr unsere Stadt und f\u00fcr unser Land ganz wichtigen Beruf entschieden. Deswegen ist der heutige Tag ein gro\u00dfer Tag f\u00fcr unsere Stadt, ein gro\u00dfer Tag f\u00fcr unsere Polizei und er ist gerade auch ein gro\u00dfer Tag f\u00fcr Sie pers\u00f6nlich. Der heutige Tag gibt mir auch Gelegenheit, der Polizei als Ganzes unser Vertrauen, unsere Anerkennung und unseren aufrichtigen Dank f\u00fcr ihre oftmals schwierige T\u00e4tigkeit auszusprechen.&#8221;<\/p>\n<p style=\"text-align: justify;\">In einer feierlichen Zeremonie leisteten 73 der neu eingestellten und frischgebackenen Polizei- und Kriminaloberkommissarinnen und -kommissare den Eid auf die Landesverfassung von Baden-W\u00fcrttemberg. Etwas mehr als die H\u00e4lfte der Beamtinnen und Beamten stammen nicht aus dem Raum Stuttgart, jedoch sind sie f\u00fcr mindestens f\u00fcnf Jahre dienstlich an das Pr\u00e4sidium gebunden.<\/p>\n<p style=\"text-align: justify;\">&#8220;Die Landeshauptstadt Stuttgart bietet dienstlich einige Herausforderungen und auch die Themen Wohnung und Lebenshaltungskosten sind f\u00fcr junge Kolleginnen und Kollegen nicht einfach. Die vielf\u00e4ltigen Freizeitm\u00f6glichkeiten sind hier sicher ein gewisser Ausgleich&#8221;, so Polizeipr\u00e4sident Markus Eisenbraun. &#8220;Es ist allerdings wichtig, dass wir den Kolleginnen und Kollegen den Start so leicht wie m\u00f6glich machen und sie sich in aller K\u00fcrze in Stuttgart sowohl dienstlich, als auch pers\u00f6nlich wohl f\u00fchlen und sich mit Stuttgart identifizieren, um diesen tollen Job bei der Stuttgarter Polizei erf\u00fcllen zu k\u00f6nnen.&#8221;<\/p>\n<p style=\"text-align: justify;\">Einen ersten Einblick davon erhielten die Neuzug\u00e4nge im Anschluss an die Vereidigung w\u00e4hrend einer Stadtrundfahrt.<\/p>\n<hr \/>\n<p style=\"text-align: justify;\">\n","protected":false},"excerpt":{"rendered":"<p>Stuttgart.| Oberb\u00fcrgermeister Dr. Frank Nopper und Polizeipr\u00e4sident Markus Eisenbraun haben am Dienstag, den 1. April 2025, 83 neue Besch\u00e4ftigte beim Polizeipr\u00e4sidium Stuttgart im Rathaus der Landeshauptstadt begr\u00fc\u00dft. Ende M\u00e4rz haben 68 der Polizeibeamtinnen und Polizeibeamten ihr Studium f\u00fcr den gehobenen Polizeivollzugsdienst erfolgreich abgeschlossen und beginnen nun ihre Karriere bei der Polizei in Stuttgart. Zudem gab [&hellip;]<\/p>\n","protected":false},"author":4,"featured_media":155689,"comment_status":"closed","ping_status":"open","sticky":false,"template":"","format":"standard","meta":{"inline_featured_image":false,"_exactmetrics_skip_tracking":false,"_exactmetrics_sitenote_active":false,"_exactmetrics_sitenote_note":"","_exactmetrics_sitenote_category":0,"footnotes":""},"categories":[2239],"tags":[14857,68,205,1058,9,275],"class_list":{"0":"post-155688","1":"post","2":"type-post","3":"status-publish","4":"format-standard","5":"has-post-thumbnail","7":"category-stuttgart-lokal","8":"tag-die-webzeitung","9":"tag-online-zeitung","10":"tag-polizei","11":"tag-prasidium","12":"tag-schaumedia","13":"tag-stuttgart"},"image_feature":"https:\/\/die-webzeitung.de\/stuttgart\/wp-content\/uploads\/sites\/4\/2025\/04\/ppstgt.jpg","author_name":"Redaktion","pure_taxonomies":{"categories":[{"term_id":2239,"name":"Stuttgart","slug":"stuttgart-lokal","term_group":0,"term_taxonomy_id":2252,"taxonomy":"category","description":"Berichte und Informationen aus Stuttgart","parent":1433,"count":942,"filter":"raw","image":""}],"tags":[{"term_id":14857,"name":"Die-Webzeitung","slug":"die-webzeitung","term_group":0,"term_taxonomy_id":14876,"taxonomy":"post_tag","description":"","parent":0,"count":3625,"filter":"raw","image":""},{"term_id":68,"name":"Online-Zeitung","slug":"online-zeitung","term_group":0,"term_taxonomy_id":69,"taxonomy":"post_tag","description":"","parent":0,"count":3595,"filter":"raw","image":""},{"term_id":205,"name":"Polizei","slug":"polizei","term_group":0,"term_taxonomy_id":208,"taxonomy":"post_tag","description":"","parent":0,"count":277,"filter":"raw","image":""},{"term_id":1058,"name":"Pr\u00e4sidium","slug":"prasidium","term_group":0,"term_taxonomy_id":1067,"taxonomy":"post_tag","description":"","parent":0,"count":2,"filter":"raw","image":""},{"term_id":9,"name":"SchauMedia","slug":"schaumedia","term_group":0,"term_taxonomy_id":9,"taxonomy":"post_tag","description":"","parent":0,"count":1607,"filter":"raw","image":""},{"term_id":275,"name":"Stuttgart","slug":"stuttgart","term_group":0,"term_taxonomy_id":281,"taxonomy":"post_tag","description":"","parent":0,"count":1195,"filter":"raw","image":""}]},"_links":{"self":[{"href":"https:\/\/die-webzeitung.de\/stuttgart\/wp-json\/wp\/v2\/posts\/155688","targetHints":{"allow":["GET"]}}],"collection":[{"href":"https:\/\/die-webzeitung.de\/stuttgart\/wp-json\/wp\/v2\/posts"}],"about":[{"href":"https:\/\/die-webzeitung.de\/stuttgart\/wp-json\/wp\/v2\/types\/post"}],"author":[{"embeddable":true,"href":"https:\/\/die-webzeitung.de\/stuttgart\/wp-json\/wp\/v2\/users\/4"}],"replies":[{"embeddable":true,"href":"https:\/\/die-webzeitung.de\/stuttgart\/wp-json\/wp\/v2\/comments?post=155688"}],"version-history":[{"count":1,"href":"https:\/\/die-webzeitung.de\/stuttgart\/wp-json\/wp\/v2\/posts\/155688\/revisions"}],"predecessor-version":[{"id":155690,"href":"https:\/\/die-webzeitung.de\/stuttgart\/wp-json\/wp\/v2\/posts\/155688\/revisions\/155690"}],"wp:featuredmedia":[{"embeddable":true,"href":"https:\/\/die-webzeitung.de\/stuttgart\/wp-json\/wp\/v2\/media\/155689"}],"wp:attachment":[{"href":"https:\/\/die-webzeitung.de\/stuttgart\/wp-json\/wp\/v2\/media?parent=155688"}],"wp:term":[{"taxonomy":"category","embeddable":true,"href":"https:\/\/die-webzeitung.de\/stuttgart\/wp-json\/wp\/v2\/categories?post=155688"},{"taxonomy":"post_tag","embeddable":true,"href":"https:\/\/die-webzeitung.de\/stuttgart\/wp-json\/wp\/v2\/tags?post=155688"}],"curies":[{"name":"wp","href":"https:\/\/api.w.org\/{rel}","templated":true}]}}