{"id":155675,"date":"2025-03-31T16:50:22","date_gmt":"2025-03-31T15:50:22","guid":{"rendered":"https:\/\/die-webzeitung.de\/stuttgart\/?p=155675"},"modified":"2025-03-31T16:50:22","modified_gmt":"2025-03-31T15:50:22","slug":"waldau-blindgaenger-gefunden","status":"publish","type":"post","link":"https:\/\/die-webzeitung.de\/stuttgart\/2025\/03\/31\/waldau-blindgaenger-gefunden\/","title":{"rendered":"Waldau: Blindga\u0308nger gefunden"},"content":{"rendered":"<h3 style=\"text-align: justify;\"><strong>Bombe wird am 6. April entscha\u0308rft<\/strong><\/h3>\n<p style=\"text-align: justify;\">Stuttgart.| Im Sport- und Erholungsgebiet Waldau wird es am Sonntag, 6. April, ab acht Uhr zu Sperrungen kommen fu\u0308r die Entscha\u0308rfung eines Blindga\u0308ngers. Diesen hatte der Kampfmittelbeseitigungsdienst Baden-Wu\u0308rttemberg im Regierungspra\u0308sidium Stuttgart bei Sondierungsarbeiten entdeckt. Die Bombe aus dem Zweiten Weltkrieg liegt in einem Waldstu\u0308ck, das dem Land Baden-Wu\u0308rttemberg geho\u0308rt.<\/p>\n<p style=\"text-align: justify;\">An dem Sonntag soll ein Sprengmeister den Sprengko\u0308rper bergen und entscha\u0308rfen. Aus Sicherheitsgru\u0308nden muss vor dem Beginn der Entscha\u0308rfung ein Sicherheitsbereich im Umfeld der Fundstelle evakuiert werden. Dieser Bereich umfasst auch den Fernsehturm, eine Gemeinschaftsunterkunft fu\u0308r Flu\u0308chtlinge und den Sportpark Waldau mit zahlreichen Sportsta\u0308tten und angeschlossenen Gastronomiebetrieben, sowie die Sporthalle Waldau mit Bewegungswelt und die Eiswelt Stuttgart.<\/p>\n<p style=\"text-align: justify;\">Die durch den Sicherheitsbereich verlaufenden Mittlere Filderstra\u00dfe, Kirchheimer Stra\u00dfe und Jahnstra\u00dfe sind wa\u0308hrend der Entscha\u0308rfungsma\u00dfnahme voru\u0308bergehend gesperrt. Der Verkehr wird o\u0308rtlich umgeleitet.<\/p>\n<p style=\"text-align: justify;\">Die Stadtbahnlinien U7, U8 und U15 sowie die Buslinie 70 ko\u0308nnen in diesem Bereich ebenfalls voru\u0308bergehend nicht verkehren, werden aber noch so lange weiterfahren, bis der Sicherheitsbereich vollsta\u0308ndig evakuiert ist.<\/p>\n<hr \/>\n<p style=\"text-align: justify;\">\n","protected":false},"excerpt":{"rendered":"<p>Bombe wird am 6. April entscha\u0308rft Stuttgart.| Im Sport- und Erholungsgebiet Waldau wird es am Sonntag, 6. April, ab acht Uhr zu Sperrungen kommen fu\u0308r die Entscha\u0308rfung eines Blindga\u0308ngers. Diesen hatte der Kampfmittelbeseitigungsdienst Baden-Wu\u0308rttemberg im Regierungspra\u0308sidium Stuttgart bei Sondierungsarbeiten entdeckt. Die Bombe aus dem Zweiten Weltkrieg liegt in einem Waldstu\u0308ck, das dem Land Baden-Wu\u0308rttemberg geho\u0308rt. [&hellip;]<\/p>\n","protected":false},"author":4,"featured_media":155677,"comment_status":"closed","ping_status":"open","sticky":false,"template":"","format":"standard","meta":{"inline_featured_image":false,"_exactmetrics_skip_tracking":false,"_exactmetrics_sitenote_active":false,"_exactmetrics_sitenote_note":"","_exactmetrics_sitenote_category":0,"footnotes":""},"categories":[2239],"tags":[15096,10523,14857,15062,68,9,275,8655],"class_list":{"0":"post-155675","1":"post","2":"type-post","3":"status-publish","4":"format-standard","5":"has-post-thumbnail","7":"category-stuttgart-lokal","8":"tag-blindgaenger","9":"tag-bombe","10":"tag-die-webzeitung","11":"tag-entschaerfung","12":"tag-online-zeitung","13":"tag-schaumedia","14":"tag-stuttgart","15":"tag-waldau"},"image_feature":"https:\/\/die-webzeitung.de\/stuttgart\/wp-content\/uploads\/sites\/4\/2025\/03\/Sicherheitsbereich.jpg","author_name":"Redaktion","pure_taxonomies":{"categories":[{"term_id":2239,"name":"Stuttgart","slug":"stuttgart-lokal","term_group":0,"term_taxonomy_id":2252,"taxonomy":"category","description":"Berichte und Informationen aus Stuttgart","parent":1433,"count":942,"filter":"raw","image":""}],"tags":[{"term_id":15096,"name":"Blindg\u00e4nger","slug":"blindgaenger","term_group":0,"term_taxonomy_id":15115,"taxonomy":"post_tag","description":"","parent":0,"count":2,"filter":"raw","image":""},{"term_id":10523,"name":"Bombe","slug":"bombe","term_group":0,"term_taxonomy_id":10558,"taxonomy":"post_tag","description":"","parent":0,"count":6,"filter":"raw","image":""},{"term_id":14857,"name":"Die-Webzeitung","slug":"die-webzeitung","term_group":0,"term_taxonomy_id":14876,"taxonomy":"post_tag","description":"","parent":0,"count":3625,"filter":"raw","image":""},{"term_id":15062,"name":"Entsch\u00e4rfung","slug":"entschaerfung","term_group":0,"term_taxonomy_id":15081,"taxonomy":"post_tag","description":"","parent":0,"count":7,"filter":"raw","image":""},{"term_id":68,"name":"Online-Zeitung","slug":"online-zeitung","term_group":0,"term_taxonomy_id":69,"taxonomy":"post_tag","description":"","parent":0,"count":3595,"filter":"raw","image":""},{"term_id":9,"name":"SchauMedia","slug":"schaumedia","term_group":0,"term_taxonomy_id":9,"taxonomy":"post_tag","description":"","parent":0,"count":1607,"filter":"raw","image":""},{"term_id":275,"name":"Stuttgart","slug":"stuttgart","term_group":0,"term_taxonomy_id":281,"taxonomy":"post_tag","description":"","parent":0,"count":1195,"filter":"raw","image":""},{"term_id":8655,"name":"Waldau","slug":"waldau","term_group":0,"term_taxonomy_id":8680,"taxonomy":"post_tag","description":"","parent":0,"count":3,"filter":"raw","image":""}]},"_links":{"self":[{"href":"https:\/\/die-webzeitung.de\/stuttgart\/wp-json\/wp\/v2\/posts\/155675","targetHints":{"allow":["GET"]}}],"collection":[{"href":"https:\/\/die-webzeitung.de\/stuttgart\/wp-json\/wp\/v2\/posts"}],"about":[{"href":"https:\/\/die-webzeitung.de\/stuttgart\/wp-json\/wp\/v2\/types\/post"}],"author":[{"embeddable":true,"href":"https:\/\/die-webzeitung.de\/stuttgart\/wp-json\/wp\/v2\/users\/4"}],"replies":[{"embeddable":true,"href":"https:\/\/die-webzeitung.de\/stuttgart\/wp-json\/wp\/v2\/comments?post=155675"}],"version-history":[{"count":1,"href":"https:\/\/die-webzeitung.de\/stuttgart\/wp-json\/wp\/v2\/posts\/155675\/revisions"}],"predecessor-version":[{"id":155678,"href":"https:\/\/die-webzeitung.de\/stuttgart\/wp-json\/wp\/v2\/posts\/155675\/revisions\/155678"}],"wp:featuredmedia":[{"embeddable":true,"href":"https:\/\/die-webzeitung.de\/stuttgart\/wp-json\/wp\/v2\/media\/155677"}],"wp:attachment":[{"href":"https:\/\/die-webzeitung.de\/stuttgart\/wp-json\/wp\/v2\/media?parent=155675"}],"wp:term":[{"taxonomy":"category","embeddable":true,"href":"https:\/\/die-webzeitung.de\/stuttgart\/wp-json\/wp\/v2\/categories?post=155675"},{"taxonomy":"post_tag","embeddable":true,"href":"https:\/\/die-webzeitung.de\/stuttgart\/wp-json\/wp\/v2\/tags?post=155675"}],"curies":[{"name":"wp","href":"https:\/\/api.w.org\/{rel}","templated":true}]}}