{"id":155662,"date":"2025-03-30T11:16:23","date_gmt":"2025-03-30T10:16:23","guid":{"rendered":"https:\/\/die-webzeitung.de\/stuttgart\/?p=155662"},"modified":"2025-03-30T11:16:23","modified_gmt":"2025-03-30T10:16:23","slug":"erweiterte-b27-anschlussstelle-traenke-fuer-den-verkehr-freigegeben","status":"publish","type":"post","link":"https:\/\/die-webzeitung.de\/stuttgart\/2025\/03\/30\/erweiterte-b27-anschlussstelle-traenke-fuer-den-verkehr-freigegeben\/","title":{"rendered":"Erweiterte B27-Anschlussstelle Tr\u00e4nke f\u00fcr den Verkehr freigegeben"},"content":{"rendered":"<h3 style=\"text-align: justify;\"><strong>Neue Rampe entlastet Bezirke M\u00f6hringen und Degerloch vom Durchgangsverkehr<\/strong><\/h3>\n<p style=\"text-align: justify;\">Stuttgart.| Die B27-Anschlussstelle Tr\u00e4nke ist um eine Auffahrtsrampe erweitert. K\u00fcnftig k\u00f6nnen Autofahrer aus dem Stuttgarter Stadtbezirk M\u00f6hringen und dem benachbarten Gewerbegebiet Tr\u00e4nke direkt auf die B27 in Richtung S\u00fcden (T\u00fcbingen\/A8\/Flughafen) einfahren. J\u00fcrgen Mutz, der Leiter des st\u00e4dtischen Tiefbauamtes, gab die in Regie der Landeshauptstadt Stuttgart errichtete Rampe am Freitag, 28. M\u00e4rz, f\u00fcr den Verkehr frei.<\/p>\n<p style=\"text-align: justify;\">Hermann Klyeisen, stellvertretender Leiter der Abteilung \u201eMobilit\u00e4t, Verkehr, Stra\u00dfen\u201c im Regierungspr\u00e4sidium Stuttgart, betont die Bedeutung dieser Ma\u00dfnahme: \u201eDie neue Auffahrt verbessert die Anbindung in Richtung S\u00fcden und verk\u00fcrzt Fahrzeiten. Sie leistet damit einen nachhaltigen und effizienten Beitrag zur Verkehrsentlastung. Das unterst\u00fctzen wir gerne.\u201c<\/p>\n<p style=\"text-align: justify;\">Tiefbauamtsleiter Mutz erg\u00e4nzte bei der Verkehrsfreigabe: \u201eEin lang gehegter Wunsch aus der Einwohnerschaft wird heute umgesetzt. Die neue Stra\u00dfe verkn\u00fcpft die nahen Wohn\u2010 und Gewerbegebiete besser mit der Schnellstra\u00dfe. Damit werden viele Bewohnerinnen und Bewohner von L\u00e4rm und Durchfahrtsverkehr entlastet.\u201c<\/p>\n<h4 style=\"text-align: justify;\"><strong>Schneller fertiggestellt als geplant<\/strong><\/h4>\n<p style=\"text-align: justify;\">Die Bauzeit f\u00fcr die neue Rampe betrug sechs Monate. Dies war mit zeitweiligen Umleitungen und Engstellen verbunden. Dank der z\u00fcgigen Arbeit der beauftragten Baufirma konnte der Anschluss einen Monat fr\u00fcher als geplant fertiggestellt werden. Das eingeplante Budget von 3,35 Millionen Euro wurde eingehalten. Es sind daf\u00fcr Zusch\u00fcsse in H\u00f6he von 1,5 Millionen Euro beantragt.<\/p>\n<p style=\"text-align: justify;\">Autofahrer k\u00f6nnen nun von der Sigmaringer Stra\u00dfe auf die B27 in Fahrtrichtung S\u00fcden einfahren. Die Ma\u00dfnahme umfasste den Bau neuer Abbiegespuren, die Erneuerung angrenzender Stra\u00dfen und Wege sowie die Installation einer modernen Ampelanlage. Alle \u00dcberwege und Signalanlagen wurden barrierefrei nach aktuellen Standards errichtet. Dar\u00fcber hinaus wurden auf den B\u00f6schungen und Gr\u00fcnfl\u00e4chen neue B\u00e4ume gepflanzt.<\/p>\n<p style=\"text-align: justify;\">Die neue Erweiterung des Anschlusses entlastet die Stuttgarter Stadtbezirke M\u00f6hringen und Degerloch sp\u00fcrbar vom Durchgangsverkehr. Sch\u00e4tzungen gehen von t\u00e4glich 6.000 Fahrzeugen aus, die diese Orte nun nicht mehr durchqueren. Mit dem neuen Anschluss wird zudem eine Entlastung des Anschlussknotens SI\u2010Centrum sowie der Landhauskreuzung erreicht. Bisher waren f\u00fcr die Auffahrt auf die B27 in Richtung T\u00fcbingen Umwege \u00fcber die Epplestra\u00dfe oder die Plieninger Stra\u00dfe zur Anschlussstelle SI\u2010Centrum erforderlich.<\/p>\n<p style=\"text-align: justify;\">Die B27 ist eine der wichtigsten Einfahrtsrouten, um die Landeshauptstadt Stuttgart von S\u00fcden aus zu erreichen. Auf H\u00f6he der Anschlussstelle Tr\u00e4nke sind t\u00e4glich in beide Richtungen insgesamt rund 71.000 Fahrzeuge unterwegs.<\/p>\n<hr \/>\n<p style=\"text-align: justify;\">\n","protected":false},"excerpt":{"rendered":"<p>Neue Rampe entlastet Bezirke M\u00f6hringen und Degerloch vom Durchgangsverkehr Stuttgart.| Die B27-Anschlussstelle Tr\u00e4nke ist um eine Auffahrtsrampe erweitert. K\u00fcnftig k\u00f6nnen Autofahrer aus dem Stuttgarter Stadtbezirk M\u00f6hringen und dem benachbarten Gewerbegebiet Tr\u00e4nke direkt auf die B27 in Richtung S\u00fcden (T\u00fcbingen\/A8\/Flughafen) einfahren. J\u00fcrgen Mutz, der Leiter des st\u00e4dtischen Tiefbauamtes, gab die in Regie der Landeshauptstadt Stuttgart errichtete [&hellip;]<\/p>\n","protected":false},"author":4,"featured_media":155663,"comment_status":"closed","ping_status":"open","sticky":false,"template":"","format":"standard","meta":{"inline_featured_image":false,"_exactmetrics_skip_tracking":false,"_exactmetrics_sitenote_active":false,"_exactmetrics_sitenote_note":"","_exactmetrics_sitenote_category":0,"footnotes":""},"categories":[2239],"tags":[13827,3424,14857,12494,68,11191,9,275],"class_list":{"0":"post-155662","1":"post","2":"type-post","3":"status-publish","4":"format-standard","5":"has-post-thumbnail","7":"category-stuttgart-lokal","8":"tag-b27","9":"tag-degerloch","10":"tag-die-webzeitung","11":"tag-moehringen","12":"tag-online-zeitung","13":"tag-rampe","14":"tag-schaumedia","15":"tag-stuttgart"},"image_feature":"https:\/\/die-webzeitung.de\/stuttgart\/wp-content\/uploads\/sites\/4\/2025\/03\/Neue-Rampe-an-B27-freigegeben-Entlastung-fuer-Moehringen-und-Degerloch-Bild-1-scaled.jpg","author_name":"Redaktion","pure_taxonomies":{"categories":[{"term_id":2239,"name":"Stuttgart","slug":"stuttgart-lokal","term_group":0,"term_taxonomy_id":2252,"taxonomy":"category","description":"Berichte und Informationen aus Stuttgart","parent":1433,"count":942,"filter":"raw","image":""}],"tags":[{"term_id":13827,"name":"B27","slug":"b27","term_group":0,"term_taxonomy_id":13869,"taxonomy":"post_tag","description":"","parent":0,"count":1,"filter":"raw","image":""},{"term_id":3424,"name":"Degerloch","slug":"degerloch","term_group":0,"term_taxonomy_id":3439,"taxonomy":"post_tag","description":"","parent":0,"count":2,"filter":"raw","image":""},{"term_id":14857,"name":"Die-Webzeitung","slug":"die-webzeitung","term_group":0,"term_taxonomy_id":14876,"taxonomy":"post_tag","description":"","parent":0,"count":3625,"filter":"raw","image":""},{"term_id":12494,"name":"M\u00f6hringen","slug":"moehringen","term_group":0,"term_taxonomy_id":12532,"taxonomy":"post_tag","description":"","parent":0,"count":3,"filter":"raw","image":""},{"term_id":68,"name":"Online-Zeitung","slug":"online-zeitung","term_group":0,"term_taxonomy_id":69,"taxonomy":"post_tag","description":"","parent":0,"count":3595,"filter":"raw","image":""},{"term_id":11191,"name":"Rampe","slug":"rampe","term_group":0,"term_taxonomy_id":11229,"taxonomy":"post_tag","description":"","parent":0,"count":1,"filter":"raw","image":""},{"term_id":9,"name":"SchauMedia","slug":"schaumedia","term_group":0,"term_taxonomy_id":9,"taxonomy":"post_tag","description":"","parent":0,"count":1607,"filter":"raw","image":""},{"term_id":275,"name":"Stuttgart","slug":"stuttgart","term_group":0,"term_taxonomy_id":281,"taxonomy":"post_tag","description":"","parent":0,"count":1195,"filter":"raw","image":""}]},"_links":{"self":[{"href":"https:\/\/die-webzeitung.de\/stuttgart\/wp-json\/wp\/v2\/posts\/155662","targetHints":{"allow":["GET"]}}],"collection":[{"href":"https:\/\/die-webzeitung.de\/stuttgart\/wp-json\/wp\/v2\/posts"}],"about":[{"href":"https:\/\/die-webzeitung.de\/stuttgart\/wp-json\/wp\/v2\/types\/post"}],"author":[{"embeddable":true,"href":"https:\/\/die-webzeitung.de\/stuttgart\/wp-json\/wp\/v2\/users\/4"}],"replies":[{"embeddable":true,"href":"https:\/\/die-webzeitung.de\/stuttgart\/wp-json\/wp\/v2\/comments?post=155662"}],"version-history":[{"count":1,"href":"https:\/\/die-webzeitung.de\/stuttgart\/wp-json\/wp\/v2\/posts\/155662\/revisions"}],"predecessor-version":[{"id":155664,"href":"https:\/\/die-webzeitung.de\/stuttgart\/wp-json\/wp\/v2\/posts\/155662\/revisions\/155664"}],"wp:featuredmedia":[{"embeddable":true,"href":"https:\/\/die-webzeitung.de\/stuttgart\/wp-json\/wp\/v2\/media\/155663"}],"wp:attachment":[{"href":"https:\/\/die-webzeitung.de\/stuttgart\/wp-json\/wp\/v2\/media?parent=155662"}],"wp:term":[{"taxonomy":"category","embeddable":true,"href":"https:\/\/die-webzeitung.de\/stuttgart\/wp-json\/wp\/v2\/categories?post=155662"},{"taxonomy":"post_tag","embeddable":true,"href":"https:\/\/die-webzeitung.de\/stuttgart\/wp-json\/wp\/v2\/tags?post=155662"}],"curies":[{"name":"wp","href":"https:\/\/api.w.org\/{rel}","templated":true}]}}