{"id":155597,"date":"2025-03-24T15:49:33","date_gmt":"2025-03-24T14:49:33","guid":{"rendered":"https:\/\/die-webzeitung.de\/stuttgart\/?p=155597"},"modified":"2025-03-30T10:46:03","modified_gmt":"2025-03-30T09:46:03","slug":"polizei-report-stuttgart-woche-13-4","status":"publish","type":"post","link":"https:\/\/die-webzeitung.de\/stuttgart\/2025\/03\/24\/polizei-report-stuttgart-woche-13-4\/","title":{"rendered":"Polizei-Report Stuttgart | Woche 13"},"content":{"rendered":"<p><em>Quelle: ots<\/em><\/p>\n<p style=\"text-align: justify;\"><strong>Stuttgart-Bad Cannstatt: Vier verletzte Fu\u00dfg\u00e4ngerinnen nach Verkehrsunfall &#8211; Zeugen gesucht<\/strong><br \/>\nZwei schwer verletzte und zwei leicht verletzte Fu\u00dfg\u00e4ngerinnen sowie rund 5.000 Euro Sachschaden ist die Bilanz eines Verkehrsunfalls, der sich am Samstag (29.03.2025) an der Mercedesstra\u00dfe ereignet hat. Eine Gruppe aus drei 21-j\u00e4hrigen Frauen und einer 22-j\u00e4hrigen Frau \u00fcberquerte gegen 17.10 Uhr mutma\u00dflich bei Rotlicht die Fu\u00dfg\u00e4ngerampel auf H\u00f6he der Porsche-Arena. Hierbei wurden sie von einem wei\u00dfen Pkw Toyota Corolla erfasst, der von einem 31-J\u00e4hrigen gelenkt wurde und in Richtung Talstra\u00dfe unterwegs war. Zwei der Frauen erlitten erhebliche Verletzungen, die beiden anderen Frauen wurden leicht verletzt. Drei Fu\u00dfg\u00e4ngerinnen wurden durch den Rettungsdienst zur weiteren Versorgung in Krankenh\u00e4user gebracht. Zeugen des Unfalls werden gebeten, sich unter der Rufnummer +4971189904100 bei der Verkehrspolizei zu melden.<\/p>\n<p style=\"text-align: justify;\"><strong>Stuttgart-Bad Cannstatt: Verkehrsunfall mit mehreren Verletzten &#8211; Zeugen gesucht<\/strong><br \/>\nBei einem Verkehrsunfall am Freitag (28.03.2025) gegen 17.55 Uhr im Kreuzungsbereich Pragstra\u00dfe\/L\u00f6wentorstra\u00dfe haben sich drei Personen Verletzungen zugezogen. Ein 21 Jahre alter Fahrer eines Rettungswagens befuhr mit eingeschaltetem Blaulicht und Martinshorn die L\u00f6wentorstra\u00dfe Richtung Pragstra\u00dfe. Im Kreuzungsbereich Prag-\/L\u00f6wentorstra\u00dfe stie\u00df er mit dem Mercedes-Benz eines 23 Jahre alten Mannes zusammen, welcher in Richtung Wilhelma fuhr und nach bisherigen Erkenntnissen bei Gr\u00fcn in die Kreuzung eingefahren war. Bei dem Zusammensto\u00df zogen sich die Rettungswagenbesatzung und deren Patient leichte Verletzungen zu. Alarmierte Rettungskr\u00e4fte brachten den Patient in ein Krankenhaus. Es entstand ein Gesamtsachschaden von ca. 50.000 Euro. Es kam zu Verkehrsbehinderungen. Zeugen werden gebeten, sich unter der Rufnummer +4971189904100 bei der Verkehrspolizei zu melden.<\/p>\n<p style=\"text-align: justify;\"><strong>Stuttgart-Mitte: Jugendlichen ausgeraubt &#8211; Zeugen gesucht<\/strong><br \/>\nZwei unbekannte Jugendliche haben am Donnerstagmittag am (27.03.2025) einen 14-J\u00e4hrigen in der Stadtbahnhaltestelle Schlossplatz ausgeraubt. Der 14-J\u00e4hrige war gegen 13:30 Uhr an der Haltestelle, als die beiden Jugendlichen unter Androhung von Schl\u00e4gen seine Jacke forderten. Er bot ihnen stattdessen eine kurz zuvor gekaufte T\u00fcte mit Fastfood im Wert von zirka 30 Euro an. Damit zeigten sie sich zufrieden und rannten weg. Der eine T\u00e4ter war 14 bis 15 Jahre alt, 180 bis 185 Zentimeter gro\u00df, hatte eine normale Statur und kurze blonde Haare. Er trug einen beigen Pullover. Auff\u00e4llig waren seine bleiche Haut und sehr weit auseinanderliegende Augen. Der andere T\u00e4ter war 15 bis 16 Jahre alt, etwa 190 Zentimeter gro\u00df und bleich. Er hatte eine schlaksige Statur und eine gekr\u00fcmmte Haltung. Bekleidet war er mit einer Baumwolljacke mit Kapuze. Darunter trug er eine M\u00fctze. Zeugen werden gebeten, sich unter der Rufnummer +4971189905778 bei der Kriminalpolizei zu melden.<\/p>\n<p style=\"text-align: justify;\"><strong>Stuttgart-Nord: Auto bleibt auf dem Dach liegen<\/strong><br \/>\nZwei Leichtverletzte und ein Schaden von rund 18.000 Euro sind die Bilanz eines Verkehrsunfalles, der sich am Freitag (28.03.2025) in der Stra\u00dfe Lenzhalde ereignet hat. Eine 89-J\u00e4hrige fuhr mit ihrem VW gegen 14.10 Uhr in der Lenzhalde Richtung Am Kr\u00e4herwald. An der Einm\u00fcndung zur Schottstra\u00dfe stie\u00df die 89-J\u00e4hrige mit dem Peugeot eines 30-j\u00e4hrigen Fahrers zusammen. Dieser fuhr in der Schottstra\u00dfe und wollte nach links in die Lenzhalde abbiegen. Bei dem Zusammensto\u00df \u00fcberschlug sich der Peugeot und blieb auf dem Dach liegen. Ersten Ermittlungen zufolge soll der 30-J\u00e4hrige mutma\u00dflich unter dem Einfluss von Cannabis gestanden haben und musste eine Blutprobe abgeben. Die 89-J\u00e4hrige und der 30-J\u00e4hrige zogen sich bei dem Unfall leichte Verletzungen zu. Rettungskr\u00e4fte k\u00fcmmerten sich um die beiden und brachten sie vorsorglich in ein Krankenhaus. Beide Fahrzeuge waren nicht mehr fahrbereit und mussten abgeschleppt werden.<\/p>\n<p style=\"text-align: justify;\"><strong>Stuttgart-Bad Cannstatt: Kind sexuell bel\u00e4stigt &#8211; Zeugen gesucht<\/strong><br \/>\nEin unbekannter Mann hat am Donnerstagmorgen (27.03.2025) in einem Linienbus der Linie 57 ein neun Jahre altes M\u00e4dchen sexuell bel\u00e4stigt. Das M\u00e4dchen war mit seiner Schulklasse gegen 09.00 Uhr im Bus unterwegs. Nach dem Einsteigen am Pragsattel setzte sich ein unbekannter Mann neben sie, biss ihr pl\u00f6tzlich in den Kragen ihrer Jacke und k\u00fcsste sie auf den Schulterbereich. An der Haltestelle Albert-Luthuli-Platz stieg der Mann mit der Schulklasse aus und fl\u00fcchtete. Der unbekannte Mann ist 55 bis 60 Jahre alt, zirka 175 Zentimeter gro\u00df, hat schwarze kurze Haare und einen schwarzen Schnurrbart. Er war mit einer dunkelblauen Fleecejacke und einer blauen Jeans bekleidet. Zeugen werden gebeten, sich unter der Rufnummer +4971189905778 bei der Kriminalpolizei zu melden.<\/p>\n<p style=\"text-align: justify;\"><strong>Stuttgart-Ost: Kind sexuell bel\u00e4stigt &#8211; Zeugen gesucht<\/strong><br \/>\nEin unbekannter Mann hat am Mittwochnachmittag (26.03.2025) an der Stadtbahnhaltestelle St\u00f6ckach einen drei Jahre alten Jungen sexuell bel\u00e4stigt. Das Kind wartete mit seinem Vater am Bahnsteig, als sie von dem unbekannten Mann auf Englisch angesprochen wurden. Im Verlauf des Gespr\u00e4chs griff der unbekannte Mann unvermittelt dem Kind in den Nacken und k\u00fcsste es. Der Vater ging sofort dazwischen, stellte den Mann zur Rede und stieg dann in die einfahrende Stadtbahn ein. Alarmierte Polizeibeamte fahndeten nach dem Mann, trafen ihn aber nicht mehr an. Der Unbekannte sprach Englisch mit Akzent, ist zirka 180 Zentimeter gro\u00df, hat eine dickliche Statur, kurze schwarze Haare und einen Bart. Er war mit einer d\u00fcnnen schwarzen Jacke, schwarzen Jeans und Sneakern bekleidet. Au\u00dferdem f\u00fchrte er eine Apothekent\u00fcte mit sich. Zeugen werden gebeten, sich unter der Rufnummer +4971189905778 bei der Kriminalpolizei zu melden.<\/p>\n<p style=\"text-align: justify;\"><strong>Stuttgart-Plieningen: Burschen werfen Scheibe ein und fl\u00fcchten &#8211; Zeugen gesucht<\/strong><br \/>\nZwei unbekannte Kinder haben am Mittwoch (26.03.2025) mit einer Flasche eine Scheibe der Bushaltestelle Bernh\u00e4user Stra\u00dfe eingeworfen. Eine Zeugin beobachtete gegen 16.45 Uhr die beiden Burschen, die in Begleitung eines weiteren Jungen waren, bei ihrer Tat. Anschlie\u00dfend fl\u00fcchteten sie in Richtung Zentrum Plieningen. Alarmierte Polizeibeamte fahndeten nach den beiden, trafen sie aber nicht mehr an. Beide waren etwa zehn bis elf Jahre alt und etwa 130 Zentimeter gro\u00df mit dunklen Haaren. Einer der beiden trug eine beige Jacke sowie eine Jeanshose und hatte eine dunkle Tasche dabei. Zeugen werden gebeten, sich unter der Rufnummer +4971189903400 bei den Beamtinnen und Beamten des Polizeireviers 4 Balinger Stra\u00dfe zu melden.<\/p>\n<p style=\"text-align: justify;\"><strong>Stuttgart-Botnang: Komplettr\u00e4der und Kleidung aus Tiefgarage gestohlen &#8211; Zeugen gesucht<\/strong><br \/>\nUnbekannte haben am Mittwoch (26.03.2025) aus einer Tiefgarage an der Gustav-Mahler-Stra\u00dfe Komplettr\u00e4der und Bekleidung im Gesamtwert von mehreren Tausend Euro gestohlen. Die Diebe gelangten zwischen 07.00Uhr und 14.50 Uhr \u00fcber eine frei zug\u00e4ngliche Einfahrt in die Tiefgarage. Dort \u00f6ffneten sie auf unbekannte Weise die Tore von zwei Garagenboxen und stahlen aus einer Box vier Sommerreifen mit Felgen und aus einer anderen ebenfalls vier Sommerreifen mit Felgen sowie hochwertige Kleidungsst\u00fccke. Zum Abtransport der Beute wurde m\u00f6glicherweise ein Fahrzeug benutzt. Zeugen werden gebeten, sich unter der Rufnummer +4971189903300 beim Polizeirevier 3 Gutenbergstra\u00dfe zu melden.<\/p>\n<p style=\"text-align: justify;\"><strong>Stuttgart-Stadtgebiet: Taxi und Mietwagen kontrolliert<\/strong><br \/>\nPolizeibeamte haben am Montag (24.03.2025) im Stadtgebiet Verkehrskontrollen durchgef\u00fchrt, bei denen der Schwerpunkt auf Kontrollen im gewerblichen Personenverkehr lag. Insgesamt kontrollierten die Beamten zwischen 17.00 Uhr und 23.00 Uhr rund 90 Fahrzeuge, darunter 70 Taxis sowie 14 Mietwagen und ahndeten 45 Verst\u00f6\u00dfe. Dabei stellten die Beamten unter anderem das Fehlen von Ordnungsnummern, Verst\u00f6\u00dfe gegen die R\u00fcckkehrpflicht, unzul\u00e4ssige Bef\u00f6rderungen und das Fehlen von Erlaubnissen zur Fahrgastbef\u00f6rderung fest. Mehrere Fahrzeuge waren nicht im vorschriftsm\u00e4\u00dfigen Zustand oder es fehlte das Eichsiegel. Acht Fahrern musste die Weiterfahrt mit Fahrg\u00e4sten untersagt werden.<\/p>\n<p style=\"text-align: justify;\"><strong>Stuttgart \/ Baden-W\u00fcrttemberg\/ Nordrhein-Westfalen\/ Bayern: Empfindlicher Schlag gegen die russisch-eurasisch organisierte Kriminalit\u00e4t &#8211; Dieb im Gesetz festgenommen<\/strong><br \/>\nPolizeibeamte haben am Mittwoch (26.03.2025) drei M\u00e4nner im Alter von 30 bis 51 Jahren vorl\u00e4ufig festgenommen, die im Verdacht steht, banden- und gewerbsm\u00e4\u00dfig unter anderem Wohnungseinbr\u00fcche begangen und Geldw\u00e4sche betrieben zu haben. Nach monatelangen intensiven Ermittlungen der Kriminalpolizei Stuttgart richteten sich die Ermittlungen gegen insgesamt 13 Personen. Am Einsatz waren Kr\u00e4fte der Steuerfahndung, Zollfahndungs\u00e4mter, Beamtinnen und Beamte der jeweils betroffenen Polizeipr\u00e4sidien, Bereitschaftspolizeiabteilungen der jeweiligen Bundesl\u00e4nder sowie die Spezialkr\u00e4fte des Polizeipr\u00e4sidiums Einsatz, unter anderem das Spezialeinsatzkommando Baden-W\u00fcrttemberg, Nordrhein-Westfalen sowie Bayern beteiligt. Die Ermittler durchsuchten insgesamt 18 Objekte in Stuttgart, Nordrhein-Westfalen und Bayern, darunter \u00fcberwiegend Wohn- und Gesch\u00e4ftsr\u00e4ume, sowie Autoh\u00f6fe, die mutma\u00dflich als Bunker zur Lagerung von Diebesgut und inkriminierten Geldern genutzt worden sind. Der Schwerpunkt der Ma\u00dfnahmen lag hierbei im Bereich Stuttgart. Bei den Durchsuchungen stellten die Beamten umfangreiches Diebesgut, Einbruchswerkzeug, verbotene Gegenst\u00e4nde, darunter eine scharfe Schusswaffe, schriftliche Unterlagen und elektronische Datentr\u00e4ger sicher. Das beschlagnahmte umfangreiche Beweismaterial bedarf noch der weiteren Auswertung. Die russisch-eurasische T\u00e4tergruppierung um den sogenannten &#8220;Dieb im Gesetz&#8221;, wie die Anf\u00fchrer von russisch-eurasischen Gruppierungen aus dem Bereich der Organisierten Kriminalit\u00e4t genannt werden, stehen im Verdacht, unter anderem durch planm\u00e4\u00dfige Begehungsweise in wechselnden Besetzungen banden- und gewerbsm\u00e4\u00dfige Wohnungseinbruchsdiebst\u00e4hle begangen zu haben, mit dem Ziel, die hieraus erlangten inkriminierten Verm\u00f6genswerte durch arbeitsteiliges Zusammenwirken wieder in den legalen Wirtschaftskreislauf einzubringen.<br \/>\nDer 51 Jahre alte Mann mit ukrainisch-georgischer Staatsangeh\u00f6rigkeit soll ein Dieb im Gesetz sein. Gegen ihn bestand bereits ein Haftbefehl wegen des Verdachts des banden- und gewerbsm\u00e4\u00dfigen Wohnungseinbruchsdiebstahls. Er soll einem Haftrichter vorgef\u00fchrt werden. Der 47-J\u00e4hrige wurde nach Abschluss der polizeilichen Ma\u00dfnahmen wieder auf freien Fu\u00df gesetzt. Beim 30-J\u00e4hrigen wird die Haftfrage derzeit noch gepr\u00fcft. Die Ermittlungen dauern.<\/p>\n<p style=\"text-align: justify;\"><strong>Stuttgart-Mitte: Mercedes contra Stadtbahn<\/strong><br \/>\nEin 20-j\u00e4hriger Mercedes-Fahrer hat am sp\u00e4ten Dienstagabend (25.03.2025) in der Neckartalstra\u00dfe bei einem Verkehrsunfall einen Schaden von rund 55.000 Euro verursacht. Der 20-J\u00e4hrige war gegen 23:25 Uhr mit seinem Mercedes C180 in der Neckartalstra\u00dfe Richtung M\u00fchlhausen unterwegs. Auf H\u00f6he der Voltastra\u00dfe wechselte er auf die Gegenfahrbahn und wollte an der Einm\u00fcndung Neckartalstra\u00dfe\/Haldenstra\u00dfe wieder auf die Fahrbahn Richtung M\u00fchlhausen wechseln. Beim \u00dcberqueren der Stadtbahngleise stie\u00df er dann mit einer Stadtbahn der Linie U14 zusammen, die in gleicher Richtung unterwegs war. Verletzt wurde niemand, der Mercedes war nicht mehr fahrbereit und musste abgeschleppt werden.<\/p>\n<p style=\"text-align: justify;\"><strong>Stuttgart-Mitte: Bei Gefahrenbremsung Fahrgast gest\u00fcrzt &#8211; Zeugen gesucht<\/strong><br \/>\nEin 83 Jahre alter Fahrgast hat sich am Dienstagnachmittag (25.03.2025) in der Hohenheimer Stra\u00dfe beim Sturz in einer Stadtbahn leichte Verletzungen zugezogen. Ein unbekannter Autofahrer war gegen 15.20 Uhr mit seinem grau-blauen Hyundai i20 in der Dobelstra\u00dfe in Richtung Hohenheimer Stra\u00dfe unterwegs. Dort bog er nach links in die Hohenheimer Stra\u00dfe ab. Der Fahrer einer Stadtbahn der Linie U12, die in Richtung M\u00fcnster unterwegs war musste eine Gefahrenbremsung durchf\u00fchren, dabei st\u00fcrzte der 83-j\u00e4hrige Fahrgast und verletzte sich leicht. &#8216;Anschlie\u00dfend fuhr der Hyundai-Fahrer weiter. Zeugen werden gebeten, sich unter der Rufnummer +4971189904100 bei der Verkehrspolizei Stuttgart zu melden.<\/p>\n<p style=\"text-align: justify;\"><strong>Stuttgart-Nord: Nach mutma\u00dflichem Autorennen &#8211; F\u00fchrerscheine beschlagnahmt<\/strong><br \/>\nPolizeibeamte haben in der Nacht zum Samstag (22.03.2025) die F\u00fchrerscheine eines 21 Jahre alten Mannes und einer 23-j\u00e4hrigen Frau beschlagnahmt, da sie im Verdacht stehen, in der Heilbronner Stra\u00dfe ein verbotenes Kraftfahrzeugrennen durchgef\u00fchrt zu haben. Der 21-J\u00e4hrige fiel einer Polizeistreife, die mit einem zivilen Fahrzeug unterwegs war, gegen 01.10 Uhr bereits in der Theodor-Heuss-Stra\u00dfe auf, als er mit seinem Ford Mustang mit \u00fcberh\u00f6hter Geschwindigkeit Richtung Pragsattel unterwegs war. In der Heilbronner Stra\u00dfe fuhr die 23-J\u00e4hrige mit ihrem Mercedes auf H\u00f6he der M\u00f6nchstra\u00dfe an dem Streifenfahrzeug vorbei neben den Mustang. Anschlie\u00dfend beschleunigten beide ihre Fahrzeuge stark, um dann etwa 200 Meter weiter stark abzubremsen. Nachdem beide Autos nebeneinander fuhren, beschleunigte die 23-J\u00e4hrige erneut. Daraufhin wurden beide einer Verkehrskontrolle unterzogen. Die Beamten beschlagnahmten auf Weisung der Staatsanwaltschaft Stuttgart sowohl den F\u00fchrerschein des Mustang-Fahrers, als auch den der Mercedes-Fahrerin. Gegen beide wurde ein Ermittlungsverfahren wegen des Verdachts des verbotenen Kraftfahrzeugrennens eingeleitet.<\/p>\n<p style=\"text-align: justify;\"><strong>Stuttgart-Mitte: Von der Fahrbahn abgekommen und gegen Verkehrszeichen geprallt<\/strong><br \/>\nEin 62 Jahre alter Hyundai-Fahrer ist am Dienstagvormittag (25.03.2025) in der Hauptst\u00e4tter Stra\u00dfe von der Fahrbahn abgekommen und gegen ein Motorrad und ein Verkehrszeichen geprallt. Der 62-J\u00e4hrige war gegen 08.45 Uhr in der Hauptst\u00e4tter Stra\u00dfe Richtung Marienplatz unterwegs. Auf H\u00f6he der Dornstra\u00dfe kam er ersten Erkenntnissen zufolge aufgrund einer medizinischen Ursache nach rechts von der Fahrbahn ab und prallte gegen ein dort geparktes Motorrad, ein Verkehrszeichen und eine Gr\u00fcnrabatte. Rettungskr\u00e4fte k\u00fcmmerten sich um den Verletzten und brachten ihn in ein Krankenhaus. Es entstand ein Sachschaden von rund 8.000 Euro.<\/p>\n<p style=\"text-align: justify;\"><strong>Stuttgart-Mitte: 34-J\u00e4hrigen geschlagen und bestohlen &#8211; Zeugen gesucht<\/strong><br \/>\nUnbekannte haben am fr\u00fchen Freitagmorgen (21.03.2025) einen 34 Jahre alten Mann bestohlen und geschlagen. Der 34-J\u00e4hrige hielt sich kurz vor 04.00 Uhr an der Hauptst\u00e4tter Stra\u00dfe Ecke Dornstra\u00dfe auf und hielt dabei seine Geldb\u00f6rse in der Hand, als die drei M\u00e4nner auf ihn zukamen. Einer von ihnen riss dem 34-J\u00e4hrigen dann die Geldb\u00f6rse aus der Hand. Als der 34-J\u00e4hrige sie zur\u00fcckforderte, schlug ihm der Dieb gegen die Brust und forderte ihn auf zu gehen. Anschlie\u00dfend ging das Trio Richtung Torstra\u00dfe davon. Der mutma\u00dfliche Dieb ist zirka 185 bis 190 Zentimeter gro\u00df, rund 30 bis 35 Jahre alt und war kr\u00e4ftig gebaut. Er hat schwarze mittellange Haare, einen leichten Bart und trug eine schwarze Jacke mit vier wei\u00dfen Streifen an den \u00c4rmeln sowie eine blaue Jeanshose. Alarmierte Polizeibeamte fahndeten nach dem T\u00e4ter und seinen Begleitern, trafen sie aber nicht mehr an. Zeugen werden gebeten, sich unter der Rufnummer +4971189905778 bei der Kriminalpolizei zu melden.<\/p>\n<hr \/>\n<p style=\"text-align: justify;\">\n","protected":false},"excerpt":{"rendered":"<p>Quelle: ots Stuttgart-Bad Cannstatt: Vier verletzte Fu\u00dfg\u00e4ngerinnen nach Verkehrsunfall &#8211; Zeugen gesucht Zwei schwer verletzte und zwei leicht verletzte Fu\u00dfg\u00e4ngerinnen sowie rund 5.000 Euro Sachschaden ist die Bilanz eines Verkehrsunfalls, der sich am Samstag (29.03.2025) an der Mercedesstra\u00dfe ereignet hat. Eine Gruppe aus drei 21-j\u00e4hrigen Frauen und einer 22-j\u00e4hrigen Frau \u00fcberquerte gegen 17.10 Uhr mutma\u00dflich [&hellip;]<\/p>\n","protected":false},"author":4,"featured_media":152245,"comment_status":"closed","ping_status":"open","sticky":false,"template":"","format":"standard","meta":{"inline_featured_image":false,"_exactmetrics_skip_tracking":false,"_exactmetrics_sitenote_active":false,"_exactmetrics_sitenote_note":"","_exactmetrics_sitenote_category":0,"footnotes":""},"categories":[11241],"tags":[14857,68,205,1625,9,275],"class_list":{"0":"post-155597","1":"post","2":"type-post","3":"status-publish","4":"format-standard","5":"has-post-thumbnail","7":"category-region-stuttgart","8":"tag-die-webzeitung","9":"tag-online-zeitung","10":"tag-polizei","11":"tag-report","12":"tag-schaumedia","13":"tag-stuttgart"},"image_feature":"https:\/\/die-webzeitung.de\/stuttgart\/wp-content\/uploads\/sites\/4\/2024\/02\/Polizei-Pix-scaled.jpg","author_name":"Redaktion","pure_taxonomies":{"categories":[{"term_id":11241,"name":"Polizei-Report Stuttgart","slug":"region-stuttgart","term_group":0,"term_taxonomy_id":11279,"taxonomy":"category","description":"Polizeiberichte aus der Region Stuttgart","parent":1619,"count":68,"filter":"raw","image":""}],"tags":[{"term_id":14857,"name":"Die-Webzeitung","slug":"die-webzeitung","term_group":0,"term_taxonomy_id":14876,"taxonomy":"post_tag","description":"","parent":0,"count":3625,"filter":"raw","image":""},{"term_id":68,"name":"Online-Zeitung","slug":"online-zeitung","term_group":0,"term_taxonomy_id":69,"taxonomy":"post_tag","description":"","parent":0,"count":3595,"filter":"raw","image":""},{"term_id":205,"name":"Polizei","slug":"polizei","term_group":0,"term_taxonomy_id":208,"taxonomy":"post_tag","description":"","parent":0,"count":277,"filter":"raw","image":""},{"term_id":1625,"name":"Report","slug":"report","term_group":0,"term_taxonomy_id":1634,"taxonomy":"post_tag","description":"","parent":0,"count":210,"filter":"raw","image":""},{"term_id":9,"name":"SchauMedia","slug":"schaumedia","term_group":0,"term_taxonomy_id":9,"taxonomy":"post_tag","description":"","parent":0,"count":1607,"filter":"raw","image":""},{"term_id":275,"name":"Stuttgart","slug":"stuttgart","term_group":0,"term_taxonomy_id":281,"taxonomy":"post_tag","description":"","parent":0,"count":1195,"filter":"raw","image":""}]},"_links":{"self":[{"href":"https:\/\/die-webzeitung.de\/stuttgart\/wp-json\/wp\/v2\/posts\/155597","targetHints":{"allow":["GET"]}}],"collection":[{"href":"https:\/\/die-webzeitung.de\/stuttgart\/wp-json\/wp\/v2\/posts"}],"about":[{"href":"https:\/\/die-webzeitung.de\/stuttgart\/wp-json\/wp\/v2\/types\/post"}],"author":[{"embeddable":true,"href":"https:\/\/die-webzeitung.de\/stuttgart\/wp-json\/wp\/v2\/users\/4"}],"replies":[{"embeddable":true,"href":"https:\/\/die-webzeitung.de\/stuttgart\/wp-json\/wp\/v2\/comments?post=155597"}],"version-history":[{"count":10,"href":"https:\/\/die-webzeitung.de\/stuttgart\/wp-json\/wp\/v2\/posts\/155597\/revisions"}],"predecessor-version":[{"id":155661,"href":"https:\/\/die-webzeitung.de\/stuttgart\/wp-json\/wp\/v2\/posts\/155597\/revisions\/155661"}],"wp:featuredmedia":[{"embeddable":true,"href":"https:\/\/die-webzeitung.de\/stuttgart\/wp-json\/wp\/v2\/media\/152245"}],"wp:attachment":[{"href":"https:\/\/die-webzeitung.de\/stuttgart\/wp-json\/wp\/v2\/media?parent=155597"}],"wp:term":[{"taxonomy":"category","embeddable":true,"href":"https:\/\/die-webzeitung.de\/stuttgart\/wp-json\/wp\/v2\/categories?post=155597"},{"taxonomy":"post_tag","embeddable":true,"href":"https:\/\/die-webzeitung.de\/stuttgart\/wp-json\/wp\/v2\/tags?post=155597"}],"curies":[{"name":"wp","href":"https:\/\/api.w.org\/{rel}","templated":true}]}}