{"id":155587,"date":"2025-03-22T12:12:03","date_gmt":"2025-03-22T11:12:03","guid":{"rendered":"https:\/\/die-webzeitung.de\/stuttgart\/2025\/03\/22\/sauschwaenzlebahn-startet-wieder-durch-mit-vielen-tollen-angeboten\/"},"modified":"2025-03-22T12:12:03","modified_gmt":"2025-03-22T11:12:03","slug":"sauschwaenzlebahn-startet-wieder-durch-mit-vielen-tollen-angeboten","status":"publish","type":"post","link":"https:\/\/die-webzeitung.de\/stuttgart\/2025\/03\/22\/sauschwaenzlebahn-startet-wieder-durch-mit-vielen-tollen-angeboten\/","title":{"rendered":"Sauschw\u00e4nzlebahn startet wieder durch mit vielen tollen Angeboten!"},"content":{"rendered":"<h3 style=\"text-align: justify;\"><strong>Wir dampfen los: Saisonstart am 01. Mai!<\/strong><\/h3>\n<p style=\"text-align: justify;\">Blumberg.| Am 01. Mai er\u00f6ffnen Gesch\u00e4ftsf\u00fchrer Christian Brinkmann und Blumbergs B\u00fcrgermeister Markus Keller traditionsgem\u00e4\u00df die neue Sommersaison 2025. Besonderes Highlight: Unser Fassanstich gesponsert durch unseren Partner Rothaus.<\/p>\n<p style=\"text-align: justify;\">Atemberaubene Landschaften, faszinierende Baukunst und einfach Nostaglie pur. Die &#8220;Sauschw\u00e4nzlebahn&#8221; bietet ein tolles Erlebnis f\u00fcr Gro\u00df und Klein, Eisenbahn-Fans und Naturliebhaber.<\/p>\n<h3 style=\"text-align: center;\"><a href=\"https:\/\/sauschwaenzlebahn.de\/fahrplantickets\" target=\"_blank\" rel=\"noopener\"><span style=\"color: #ff0000;\"><strong>Fahrpl\u00e4ne und Tickets<\/strong><\/span><\/a><\/h3>\n<hr \/>\n<p style=\"text-align: justify;\">\n","protected":false},"excerpt":{"rendered":"<p>Wir dampfen los: Saisonstart am 01. Mai! Blumberg.| Am 01. Mai er\u00f6ffnen Gesch\u00e4ftsf\u00fchrer Christian Brinkmann und Blumbergs B\u00fcrgermeister Markus Keller traditionsgem\u00e4\u00df die neue Sommersaison 2025. Besonderes Highlight: Unser Fassanstich gesponsert durch unseren Partner Rothaus. Atemberaubene Landschaften, faszinierende Baukunst und einfach Nostaglie pur. Die &#8220;Sauschw\u00e4nzlebahn&#8221; bietet ein tolles Erlebnis f\u00fcr Gro\u00df und Klein, Eisenbahn-Fans und Naturliebhaber. [&hellip;]<\/p>\n","protected":false},"author":4,"featured_media":0,"comment_status":"closed","ping_status":"open","sticky":false,"template":"","format":"standard","meta":{"inline_featured_image":false,"_exactmetrics_skip_tracking":false,"_exactmetrics_sitenote_active":false,"_exactmetrics_sitenote_note":"","_exactmetrics_sitenote_category":0,"footnotes":""},"categories":[89],"tags":[14857,68,18029,9],"class_list":{"0":"post-155587","1":"post","2":"type-post","3":"status-publish","4":"format-standard","6":"category-reisezeit","7":"tag-die-webzeitung","8":"tag-online-zeitung","9":"tag-sauschwaenzlebahn","10":"tag-schaumedia"},"image_feature":null,"author_name":"Redaktion","pure_taxonomies":{"categories":[{"term_id":89,"name":"Freizeit &amp; Reise","slug":"reisezeit","term_group":0,"term_taxonomy_id":90,"taxonomy":"category","description":"","parent":482,"count":34,"filter":"raw","image":""}],"tags":[{"term_id":14857,"name":"Die-Webzeitung","slug":"die-webzeitung","term_group":0,"term_taxonomy_id":14876,"taxonomy":"post_tag","description":"","parent":0,"count":3625,"filter":"raw","image":""},{"term_id":68,"name":"Online-Zeitung","slug":"online-zeitung","term_group":0,"term_taxonomy_id":69,"taxonomy":"post_tag","description":"","parent":0,"count":3595,"filter":"raw","image":""},{"term_id":18029,"name":"Sauschw\u00e4nzlebahn","slug":"sauschwaenzlebahn","term_group":0,"term_taxonomy_id":18048,"taxonomy":"post_tag","description":"","parent":0,"count":1,"filter":"raw","image":""},{"term_id":9,"name":"SchauMedia","slug":"schaumedia","term_group":0,"term_taxonomy_id":9,"taxonomy":"post_tag","description":"","parent":0,"count":1607,"filter":"raw","image":""}]},"_links":{"self":[{"href":"https:\/\/die-webzeitung.de\/stuttgart\/wp-json\/wp\/v2\/posts\/155587","targetHints":{"allow":["GET"]}}],"collection":[{"href":"https:\/\/die-webzeitung.de\/stuttgart\/wp-json\/wp\/v2\/posts"}],"about":[{"href":"https:\/\/die-webzeitung.de\/stuttgart\/wp-json\/wp\/v2\/types\/post"}],"author":[{"embeddable":true,"href":"https:\/\/die-webzeitung.de\/stuttgart\/wp-json\/wp\/v2\/users\/4"}],"replies":[{"embeddable":true,"href":"https:\/\/die-webzeitung.de\/stuttgart\/wp-json\/wp\/v2\/comments?post=155587"}],"version-history":[{"count":0,"href":"https:\/\/die-webzeitung.de\/stuttgart\/wp-json\/wp\/v2\/posts\/155587\/revisions"}],"wp:attachment":[{"href":"https:\/\/die-webzeitung.de\/stuttgart\/wp-json\/wp\/v2\/media?parent=155587"}],"wp:term":[{"taxonomy":"category","embeddable":true,"href":"https:\/\/die-webzeitung.de\/stuttgart\/wp-json\/wp\/v2\/categories?post=155587"},{"taxonomy":"post_tag","embeddable":true,"href":"https:\/\/die-webzeitung.de\/stuttgart\/wp-json\/wp\/v2\/tags?post=155587"}],"curies":[{"name":"wp","href":"https:\/\/api.w.org\/{rel}","templated":true}]}}