{"id":155550,"date":"2025-03-19T17:45:36","date_gmt":"2025-03-19T16:45:36","guid":{"rendered":"https:\/\/die-webzeitung.de\/stuttgart\/?p=155550"},"modified":"2025-12-05T12:59:19","modified_gmt":"2025-12-05T11:59:19","slug":"moderner-kunstrasenplatz-fuer-scharnhausen","status":"publish","type":"post","link":"https:\/\/die-webzeitung.de\/stuttgart\/2025\/03\/19\/moderner-kunstrasenplatz-fuer-scharnhausen\/","title":{"rendered":"Moderner Kunstrasenplatz f\u00fcr Scharnhausen"},"content":{"rendered":"<p style=\"text-align: justify;\">Ostfildern.| Die Sportanlage im K\u00f6rschtal wird zukunftsf\u00e4hig gemacht: Der sanierungsbed\u00fcrftige Rasenplatz weicht einem modernen Kunstrasenplatz. Der Gemeinderat hat beschlossen, die Spielfl\u00e4che zu erneuern, um eine zuverl\u00e4ssige Nutzung unabh\u00e4ngig von Witterungseinfl\u00fcssen zu gew\u00e4hrleisten.<\/p>\n<p style=\"text-align: justify;\">Der bisherige Rasenplatz ist aufgrund seiner Lage und baulichen M\u00e4ngel nicht mehr f\u00fcr den regelm\u00e4\u00dfigen Spielbetrieb geeignet. Besonders problematisch sind die starken Vern\u00e4ssungen, also eine \u00fcberm\u00e4\u00dfige Durchfeuchtung des Bodens, die das Versickern und Abflie\u00dfen von Wasser erschwert, sowie die unzureichende Drainage. Bei starken Regenf\u00e4llen kommt es regelm\u00e4\u00dfig zu Sperrungen. Zudem gef\u00e4hrdet die Auskolkung \u2013 eine erosionsbedingte Bodenabtragung durch flie\u00dfendes Wasser \u2013 das Fundament eines Flutlichtmasts.<\/p>\n<h4 style=\"text-align: justify;\"><strong>Bessere Bedingungen f\u00fcr den Sportbetrieb<\/strong><\/h4>\n<p style=\"text-align: justify;\">Um die Bedingungen f\u00fcr den Sportbetrieb nachhaltig zu verbessern, wird der neue Kunstrasenplatz um 90 Grad gedreht und mit erweiterten Sicherheitsr\u00e4umen angelegt. Die Bauweise entspricht den aktuellen DIN-Normen f\u00fcr Sportpl\u00e4tze und wurde in enger Abstimmung mit dem TSV Scharnhausen geplant. Die Bauarbeiten sollen in diesem Jahr zwischen Mai und September erfolgen. Den Auftrag f\u00fcr die Umsetzung erhielt die Firma Erhard Gfr\u00f6rer &amp; Sohn Schotterwerk GmbH &amp; Co. KG. Die Kosten belaufen sich auf 1.022.983 Euro.<\/p>\n<p style=\"text-align: justify;\">Mit der Neugestaltung des Platzes wird nicht nur die langfristige Nutzbarkeit der Sportanlage gesichert, sondern auch der Pflegeaufwand reduziert. Der Kunstrasenplatz sorgt zudem f\u00fcr eine ganzj\u00e4hrige Bespielbarkeit \u2013 unabh\u00e4ngig von Wetterbedingungen.<\/p>\n<hr \/>\n<p style=\"text-align: justify;\">\n","protected":false},"excerpt":{"rendered":"<p>Ostfildern.| Die Sportanlage im K\u00f6rschtal wird zukunftsf\u00e4hig gemacht: Der sanierungsbed\u00fcrftige Rasenplatz weicht einem modernen Kunstrasenplatz. Der Gemeinderat hat beschlossen, die Spielfl\u00e4che zu erneuern, um eine zuverl\u00e4ssige Nutzung unabh\u00e4ngig von Witterungseinfl\u00fcssen zu gew\u00e4hrleisten. Der bisherige Rasenplatz ist aufgrund seiner Lage und baulichen M\u00e4ngel nicht mehr f\u00fcr den regelm\u00e4\u00dfigen Spielbetrieb geeignet. Besonders problematisch sind die starken Vern\u00e4ssungen, [&hellip;]<\/p>\n","protected":false},"author":4,"featured_media":155551,"comment_status":"closed","ping_status":"open","sticky":false,"template":"","format":"standard","meta":{"inline_featured_image":false,"_exactmetrics_skip_tracking":false,"_exactmetrics_sitenote_active":false,"_exactmetrics_sitenote_note":"","_exactmetrics_sitenote_category":0,"footnotes":""},"categories":[2247],"tags":[14857,9290,68,14439,7218,9],"class_list":{"0":"post-155550","1":"post","2":"type-post","3":"status-publish","4":"format-standard","5":"has-post-thumbnail","7":"category-kreis-esslingen","8":"tag-die-webzeitung","9":"tag-kunstrasen","10":"tag-online-zeitung","11":"tag-ostfildern","12":"tag-scharnhausen","13":"tag-schaumedia"},"image_feature":"https:\/\/die-webzeitung.de\/stuttgart\/wp-content\/uploads\/sites\/4\/2025\/03\/ball-3492998_1280-scaled.jpg","author_name":"Redaktion","pure_taxonomies":{"categories":[{"term_id":2247,"name":"Kreis Esslingen","slug":"kreis-esslingen","term_group":0,"term_taxonomy_id":2260,"taxonomy":"category","description":"Informationen aus dem Landkreis Esslingen","parent":171,"count":214,"filter":"raw","image":""}],"tags":[{"term_id":14857,"name":"Die-Webzeitung","slug":"die-webzeitung","term_group":0,"term_taxonomy_id":14876,"taxonomy":"post_tag","description":"","parent":0,"count":3625,"filter":"raw","image":""},{"term_id":9290,"name":"Kunstrasen","slug":"kunstrasen","term_group":0,"term_taxonomy_id":9318,"taxonomy":"post_tag","description":"","parent":0,"count":1,"filter":"raw","image":""},{"term_id":68,"name":"Online-Zeitung","slug":"online-zeitung","term_group":0,"term_taxonomy_id":69,"taxonomy":"post_tag","description":"","parent":0,"count":3595,"filter":"raw","image":""},{"term_id":14439,"name":"Ostfildern","slug":"ostfildern","term_group":0,"term_taxonomy_id":1797,"taxonomy":"post_tag","description":"","parent":0,"count":35,"filter":"raw","image":""},{"term_id":7218,"name":"Scharnhausen","slug":"scharnhausen","term_group":0,"term_taxonomy_id":7240,"taxonomy":"post_tag","description":"","parent":0,"count":1,"filter":"raw","image":""},{"term_id":9,"name":"SchauMedia","slug":"schaumedia","term_group":0,"term_taxonomy_id":9,"taxonomy":"post_tag","description":"","parent":0,"count":1607,"filter":"raw","image":""}]},"_links":{"self":[{"href":"https:\/\/die-webzeitung.de\/stuttgart\/wp-json\/wp\/v2\/posts\/155550","targetHints":{"allow":["GET"]}}],"collection":[{"href":"https:\/\/die-webzeitung.de\/stuttgart\/wp-json\/wp\/v2\/posts"}],"about":[{"href":"https:\/\/die-webzeitung.de\/stuttgart\/wp-json\/wp\/v2\/types\/post"}],"author":[{"embeddable":true,"href":"https:\/\/die-webzeitung.de\/stuttgart\/wp-json\/wp\/v2\/users\/4"}],"replies":[{"embeddable":true,"href":"https:\/\/die-webzeitung.de\/stuttgart\/wp-json\/wp\/v2\/comments?post=155550"}],"version-history":[{"count":1,"href":"https:\/\/die-webzeitung.de\/stuttgart\/wp-json\/wp\/v2\/posts\/155550\/revisions"}],"predecessor-version":[{"id":155552,"href":"https:\/\/die-webzeitung.de\/stuttgart\/wp-json\/wp\/v2\/posts\/155550\/revisions\/155552"}],"wp:featuredmedia":[{"embeddable":true,"href":"https:\/\/die-webzeitung.de\/stuttgart\/wp-json\/wp\/v2\/media\/155551"}],"wp:attachment":[{"href":"https:\/\/die-webzeitung.de\/stuttgart\/wp-json\/wp\/v2\/media?parent=155550"}],"wp:term":[{"taxonomy":"category","embeddable":true,"href":"https:\/\/die-webzeitung.de\/stuttgart\/wp-json\/wp\/v2\/categories?post=155550"},{"taxonomy":"post_tag","embeddable":true,"href":"https:\/\/die-webzeitung.de\/stuttgart\/wp-json\/wp\/v2\/tags?post=155550"}],"curies":[{"name":"wp","href":"https:\/\/api.w.org\/{rel}","templated":true}]}}