{"id":155545,"date":"2025-03-19T17:29:44","date_gmt":"2025-03-19T16:29:44","guid":{"rendered":"https:\/\/die-webzeitung.de\/stuttgart\/2025\/03\/19\/naturpark-schwaebisch-fraenkischer-wald-naturpark-aktiv-april-2025\/"},"modified":"2025-03-19T17:30:15","modified_gmt":"2025-03-19T16:30:15","slug":"naturpark-schwaebisch-fraenkischer-wald-naturpark-aktiv-april-2025","status":"publish","type":"post","link":"https:\/\/die-webzeitung.de\/stuttgart\/2025\/03\/19\/naturpark-schwaebisch-fraenkischer-wald-naturpark-aktiv-april-2025\/","title":{"rendered":"Naturpark Schw\u00e4bisch-Fr\u00e4nkischer Wald: Naturpark aktiv April 2025"},"content":{"rendered":"<h3 style=\"text-align: justify;\"><strong>Termine f\u00fcr die gef\u00fchrten Wanderungen mit den Naturparkf\u00fchrerinnen und Naturparkf\u00fchrern im Monat April 2025<\/strong><\/h3>\n<p style=\"text-align: justify;\"><strong>Nachhaltig \u2013 Lebendig \u2013 Verbunden<\/strong><\/p>\n<p style=\"text-align: justify;\"><strong>6. April \u2013 Sonntag<\/strong><br \/>\n<strong>Schatzkammer Naturpark &#8211; gr\u00fcne K\u00f6stlichkeiten im Fr\u00fchjahr<\/strong><br \/>\nMit allen Sinnen nehmen die Teilnehmenden auf dieser ca. 3-st\u00fcndigen Tour mit Naturparkf\u00fchrerin Birgit Gilbert das frische Gr\u00fcn der Wildkr\u00e4uter, jungen Baumbl\u00e4ttern und Fichten\u00adnadeln wahr. Treffpunkt ist um 10 Uhr am Wanderparkplatz Gabrain in Berglen \u2013 St\u00f6ckelhof und die Kosten betragen 10 \u20ac\/Person, Kinder bis 16 Jahre zahlen 5 \u20ac. Anmeldung bis 5. April unter 017 74 21 05 64 oder <a href=\"mailto:gilbert@die-naturparkfuehrer.de\" target=\"_blank\" rel=\"noopener\">gilbert@die-naturparkfuehrer.de<\/a>. Weitere Termin am 29. Juni und 14. September.<\/p>\n<p style=\"text-align: justify;\"><strong>6. April \u2013 Sonntag<\/strong><br \/>\n<strong>25km-Tour rund um Lorch<\/strong><br \/>\nAuf weitgehend unbekannten und naturnahen Pfaden erkunden die Teilnehmenden mit Naturparkf\u00fchrer Prof. Dr. Manfred Krautter den s\u00fcdlichen Naturpark.\u00a0 Treffpunkt dieser ca. 8-st\u00fcndigen Tour ist um 8:30 Uhr Parkplatz am R\u00f6merturm beim Kloster Lorch in Lorch und die Kosten betragen 23 \u20ac\/Person, inkl. Vesper und Getr\u00e4nken. Anmeldung bis 2. April unter 0 71 81 \/ 8 39 94 oder <a href=\"mailto:krautter@die-naturparkfuehrer.de\" target=\"_blank\" rel=\"noopener\">krautter@die-naturparkfuehrer.de<\/a>.<\/p>\n<p style=\"text-align: justify;\"><strong>13. April \u2013 Sonntag<\/strong><br \/>\n<strong>Ankneippen am Kneippbecken an der Friedrichsquelle<br \/>\n<\/strong>Nach einem fr\u00fchlingshaften Waldspaziergang mit Naturparkf\u00fchrerin Sabine Reiss l\u00e4dt das Kneippbecken zum Armbad oder Wassertreten ein. Gemeinsamer Abschluss mit Wei\u00dfw\u00fcrsten und Hefeweizen (alkoholfrei). Treffpunkt der ca. 2-st\u00fcndigen Veranstaltung ist um 9 Uhr am Parkplatz Wellingtonien, Wellingtonienstra\u00dfe in W\u00fcstenrot und die Kosten betragen 8,50 \u20ac\/Person inkl. 1 Wei\u00dfwurstfr\u00fchst\u00fcck. Anmeldung bis 12. April unter 0 71 30 \/ 40 35 88 oder <a href=\"mailto:reiss@die-naturparkfuehrer.de\" target=\"_blank\" rel=\"noopener\">reiss@die-naturparkfuehrer.de<\/a>. Bitte Handtuch mitbringen.<\/p>\n<p style=\"text-align: justify;\"><strong>13. April \u2013 Sonntag<\/strong><br \/>\n<strong>Mit dem Osterhas\u00b4 rund um Allmersbach<\/strong><br \/>\nDie ca. 3-st\u00fcndige Wanderung mit Naturparkf\u00fchrerin Dr. Andrea Schad wird begleitet vom Osterhas\u00b4 und f\u00fchrt die Teilnehmenden mit Geschichten durch sanft h\u00fcgelige Wiesen und Felder. Treffpunkt ist um 14 Uhr am Parkplatz hinter dem Rathaus, Hof\u00e4cker 9 in Allmersbach im Tal und die Kosten betragen 12 \u20ac\/Person, Kinder bis 14 Jahre zahlen 6 \u20ac. Anmeldung bis 12. April unter 017621972718 oder <a href=\"mailto:schad@die-naturparkfuehrer.de\" target=\"_blank\" rel=\"noopener\">schad@die-naturparkfuehrer.de<\/a>. Bitte Tasse mitbringen. Die Tour ist kinderwagentauglich.<\/p>\n<p style=\"text-align: justify;\"><strong>18. April \u2013 Freitag<\/strong><br \/>\n<strong>Das keltische R\u00e4tsel vom Flinsberg<\/strong><br \/>\nAuf der ca. 3-st\u00fcndigen Wanderung mit Naturparkf\u00fchrer Andreas Walz erfahren die Teilnehmenden mehr zum keltischen R\u00e4tsel vom Flinsberg und genie\u00dfen wundersch\u00f6ne Ausblicke. Treffpunkt ist um 9 Uhr am Ebersberg \u2013 Flinsbergst\u00fcble in Oberrot \u2013 Ebersberg. Die Kosten betragen 8 \u20ac\/Person, Kinder bis 14 Jahre k\u00f6nnen kostenlos teilnehmen, inkl. Zaubertrank und Probiererle von Trockenfleisch. Anmeldung bis 16. April unter 0172\/7334554 oder <a href=\"mailto:walz@die-naturparkfuehrer.de\" target=\"_blank\" rel=\"noopener\">walz@die-naturparkfuehrer.de<\/a>.<\/p>\n<p style=\"text-align: justify;\"><strong>20. April \u2013 Sonntag<\/strong><br \/>\n<strong>\u00d6sterliche E-Biketour in den Fr\u00fchling<\/strong><br \/>\nDiese unterhaltsame, ca. 3-st\u00fcndige E-Bike-Tour mit Naturparkf\u00fchrerin Dr. Andrea Schad von etwa 25 Kilome\u00adtern f\u00fchrt die Teilnehmenden zu einem kleinen, leckeren Oster-Event inmitten der Natur. Treffpunkt ist im 14 Uhr am SportErlebnisPark, Schorndorfer Stra\u00dfe 70 in Allmersbach im Tal und die Kosten liegen bei 12 \u20ac\/Person.\u00a0 Anmeldung bis 19. April unter 017621972718 oder <a href=\"mailto:schad@die-naturparkfuehrer.de\" target=\"_blank\" rel=\"noopener\">schad@die-naturparkfuehrer.de<\/a>.<\/p>\n<p style=\"text-align: justify;\"><strong>21. April \u2013 Montag<\/strong><br \/>\n<strong>Ritter, R\u00e4uber und Hausierer<\/strong><br \/>\nDie Teilnehmen\u00adden erfahren bei dieser ca. 2,5-st\u00fcndigen Wanderung mit Naturparkf\u00fchrerin Petra Kuch mehr \u00fcber die Burg Maienfels, die legend\u00e4\u00adre R\u00e4uberbande des Mainhard\u00adter Waldes und \u00fcber das einst \u00e4rmliche Leben der Bewohner des Burgfriedens. Start ist um 15 Uhr in W\u00fcstenrot \u2013 Busch (der genaue Treffpunkt wird mit der Anmeldebest\u00e4tigung mitgeteilt) und die Kosten betragen 8 \u20ac\/Person, Kinder bis 16 Jahre kostenlos. Anmeldung bis 19. April unter <a href=\"mailto:kuch@die-naturparkfuehrer.de\" target=\"_blank\" rel=\"noopener\">kuch@die-naturparkfuehrer.de<\/a>. Die Strecke ist kinderwagentauglich und ca. 4 km lang.<\/p>\n<p style=\"text-align: justify;\"><strong>22. April \u2013 Sonntag<\/strong><br \/>\n<strong>Fr\u00fchling im Wald der Bienen<br \/>\n<\/strong>Auf dieser ca. 2,5-st\u00fcndigen Tour mit Naturparkf\u00fchrer Matthias Motzigemba erfahren die Teilnehmenden mehr \u00fcber das Handwerk der Zeidler und die Honigbiene. Treffpunkt ist um 13:30 Uhr am Wanderparkplatz am Wanderheim Eschelhof (oben) in Sulzbach\/Murr \u2013 Eschelhof und die Kosten betragen 8 \u20ac\/Person, Kinder bis 16 Jahre 2 \u20ac. Anmeldung bis 26. April unter 01 51\/ 41 33 66 15 oder <a href=\"mailto:motzigemba@die-naturparkfuehrer.de\" target=\"_blank\" rel=\"noopener\">motzigemba@die-naturparkfuehrer.de<\/a>. Am Bienenhaus sind Bienen aktiv.<br \/>\nEinkehr am Wanderheim Eschelhof m\u00f6glich. Weiterer Termin am 29. Juni.<\/p>\n<p style=\"text-align: justify;\"><strong>27. April \u2013 Sonntag<\/strong><br \/>\n<strong>Genuss-Walkingtour am Morgen im April<br \/>\n<\/strong>Zusammen starten die Teilneh\u00admenden zu einer ca. 3,5-st\u00fcndigen Walkingrunde mit Naturparkf\u00fchrerin Dr. Andrea Schad, um Wissenswertes zur Natur zu erfahren. Start der Tour ist um 10 Uhr am SportErlebnisPark, Schorndorfer Stra\u00dfe 70 in Allmersbach im Tal und die Kosten betragen 10 \u20ac\/Person. Anmeldung bis 26. April unter 017621972718 oder <a href=\"mailto:schad@die-naturparkfuehrer.de\" target=\"_blank\" rel=\"noopener\">schad@die-naturparkfuehrer.de<\/a>. Die Strecke betr\u00e4gt ca. 9 km. Bitte Tasse mitbringen. Weitere Termine finden am 20. Juli und 16. November statt.<\/p>\n<hr \/>\n<p style=\"text-align: justify;\">\n","protected":false},"excerpt":{"rendered":"<p>Termine f\u00fcr die gef\u00fchrten Wanderungen mit den Naturparkf\u00fchrerinnen und Naturparkf\u00fchrern im Monat April 2025 Nachhaltig \u2013 Lebendig \u2013 Verbunden 6. April \u2013 Sonntag Schatzkammer Naturpark &#8211; gr\u00fcne K\u00f6stlichkeiten im Fr\u00fchjahr Mit allen Sinnen nehmen die Teilnehmenden auf dieser ca. 3-st\u00fcndigen Tour mit Naturparkf\u00fchrerin Birgit Gilbert das frische Gr\u00fcn der Wildkr\u00e4uter, jungen Baumbl\u00e4ttern und Fichten\u00adnadeln wahr. [&hellip;]<\/p>\n","protected":false},"author":4,"featured_media":155547,"comment_status":"closed","ping_status":"open","sticky":false,"template":"","format":"standard","meta":{"inline_featured_image":false,"_exactmetrics_skip_tracking":false,"_exactmetrics_sitenote_active":false,"_exactmetrics_sitenote_note":"","_exactmetrics_sitenote_category":0,"footnotes":""},"categories":[89],"tags":[14857,18021,68,9,18022,18023],"class_list":{"0":"post-155545","1":"post","2":"type-post","3":"status-publish","4":"format-standard","5":"has-post-thumbnail","7":"category-reisezeit","8":"tag-die-webzeitung","9":"tag-fuhrungen","10":"tag-online-zeitung","11":"tag-schaumedia","12":"tag-schwaebisch-fraenkischer-wald","13":"tag-wanderungen"},"image_feature":"https:\/\/die-webzeitung.de\/stuttgart\/wp-content\/uploads\/sites\/4\/2025\/03\/trees-3822149_1280-scaled.jpg","author_name":"Redaktion","pure_taxonomies":{"categories":[{"term_id":89,"name":"Freizeit &amp; Reise","slug":"reisezeit","term_group":0,"term_taxonomy_id":90,"taxonomy":"category","description":"","parent":482,"count":34,"filter":"raw","image":""}],"tags":[{"term_id":14857,"name":"Die-Webzeitung","slug":"die-webzeitung","term_group":0,"term_taxonomy_id":14876,"taxonomy":"post_tag","description":"","parent":0,"count":3625,"filter":"raw","image":""},{"term_id":18021,"name":"F\u00fchrungen","slug":"fuhrungen","term_group":0,"term_taxonomy_id":18040,"taxonomy":"post_tag","description":"","parent":0,"count":1,"filter":"raw","image":""},{"term_id":68,"name":"Online-Zeitung","slug":"online-zeitung","term_group":0,"term_taxonomy_id":69,"taxonomy":"post_tag","description":"","parent":0,"count":3595,"filter":"raw","image":""},{"term_id":9,"name":"SchauMedia","slug":"schaumedia","term_group":0,"term_taxonomy_id":9,"taxonomy":"post_tag","description":"","parent":0,"count":1607,"filter":"raw","image":""},{"term_id":18022,"name":"schw\u00e4bisch-fr\u00e4nkischer-Wald","slug":"schwaebisch-fraenkischer-wald","term_group":0,"term_taxonomy_id":18041,"taxonomy":"post_tag","description":"","parent":0,"count":2,"filter":"raw","image":""},{"term_id":18023,"name":"Wanderungen","slug":"wanderungen","term_group":0,"term_taxonomy_id":18042,"taxonomy":"post_tag","description":"","parent":0,"count":1,"filter":"raw","image":""}]},"_links":{"self":[{"href":"https:\/\/die-webzeitung.de\/stuttgart\/wp-json\/wp\/v2\/posts\/155545","targetHints":{"allow":["GET"]}}],"collection":[{"href":"https:\/\/die-webzeitung.de\/stuttgart\/wp-json\/wp\/v2\/posts"}],"about":[{"href":"https:\/\/die-webzeitung.de\/stuttgart\/wp-json\/wp\/v2\/types\/post"}],"author":[{"embeddable":true,"href":"https:\/\/die-webzeitung.de\/stuttgart\/wp-json\/wp\/v2\/users\/4"}],"replies":[{"embeddable":true,"href":"https:\/\/die-webzeitung.de\/stuttgart\/wp-json\/wp\/v2\/comments?post=155545"}],"version-history":[{"count":1,"href":"https:\/\/die-webzeitung.de\/stuttgart\/wp-json\/wp\/v2\/posts\/155545\/revisions"}],"predecessor-version":[{"id":155546,"href":"https:\/\/die-webzeitung.de\/stuttgart\/wp-json\/wp\/v2\/posts\/155545\/revisions\/155546"}],"wp:featuredmedia":[{"embeddable":true,"href":"https:\/\/die-webzeitung.de\/stuttgart\/wp-json\/wp\/v2\/media\/155547"}],"wp:attachment":[{"href":"https:\/\/die-webzeitung.de\/stuttgart\/wp-json\/wp\/v2\/media?parent=155545"}],"wp:term":[{"taxonomy":"category","embeddable":true,"href":"https:\/\/die-webzeitung.de\/stuttgart\/wp-json\/wp\/v2\/categories?post=155545"},{"taxonomy":"post_tag","embeddable":true,"href":"https:\/\/die-webzeitung.de\/stuttgart\/wp-json\/wp\/v2\/tags?post=155545"}],"curies":[{"name":"wp","href":"https:\/\/api.w.org\/{rel}","templated":true}]}}