{"id":155473,"date":"2025-03-13T11:29:57","date_gmt":"2025-03-13T10:29:57","guid":{"rendered":"https:\/\/die-webzeitung.de\/stuttgart\/2025\/03\/13\/volleyball-als-tabellendritter-in-den-endspurt\/"},"modified":"2025-03-13T11:29:57","modified_gmt":"2025-03-13T10:29:57","slug":"volleyball-als-tabellendritter-in-den-endspurt","status":"publish","type":"post","link":"https:\/\/die-webzeitung.de\/stuttgart\/2025\/03\/13\/volleyball-als-tabellendritter-in-den-endspurt\/","title":{"rendered":"Volleyball: Als Tabellendritter in den Endspurt"},"content":{"rendered":"<h3 style=\"text-align: justify;\"><strong>Barock Volleys MTV Ludwigsburg empfangen zum Doppel-Heimspieltag die Youngstars und Mimmenhausen<\/strong><\/h3>\n<p style=\"text-align: justify;\">Ludwigsburg.| Wird das Dutzend voll? Nach elf Siegen in Folge wollen die Zweitliga-Volleyballer der Barock Volleys MTV Ludwigsburg am Wochenende die Serie weiter ausbauen: Zun\u00e4chst empf\u00e4ngt der Tabellendritte am Samstagabend (19 Uhr, Innenstadtsporthalle) die Nachwuchsspieler der Youngstars Friedrichshafen, bevor am Sonntag (15 Uhr) der TSV Mimmenhausen in der Ludwigsburger Innenstadtsporthalle aufschl\u00e4gt. \u201eDer Plan ist klar: Gegen die jungen Talente aus Friedrichshafen wollen wir ein gutes Spiel abliefern und m\u00f6glichst drei Punkte sichern\u201c, sagt Ludwigsburgs Kapit\u00e4n Ben-Simon Bonin. W\u00e4hrend die Youngstars mit einem Sonderspielrecht als Bundesst\u00fctzpunkt-Mannschaft auf Tabellenplatz-13. nicht absteigen k\u00f6nnen, k\u00e4mpft der Sonntag-Gegner Mimmenhausen als Tabellen-Zw\u00f6lfter noch um den Klassenverbleib. Untersch\u00e4tzen darf man die Mannschaft von Trainer Christian Pampel deshalb aber nicht: \u201eMimmenhausen hat sich im Vergleich zur Hinrunde deutlich verbessert. Wir wollen aber keine Punkte abgeben und unsere Position auf Tabellenplatz 3 festigen\u201c, k\u00fcndigt der 22-j\u00e4hrige Au\u00dfenangreifer an.<\/p>\n<h4 style=\"text-align: justify;\"><strong>Mit vollem Fokus und klarem Ziel in beide Spiele<\/strong><\/h4>\n<p style=\"text-align: justify;\">Auch wenn die Tabellensituation der beiden Gegner auf den ersten Blick deutlich ist, gehen die Barockst\u00e4dter mit vollem Fokus und einem klaren Ziel in die beiden Spiele. \u201eWir haben diese Woche gut trainiert und sind gut vorbereitet. Wir treffen auf zwei Mannschaften, die sehr wechselhaft spielen\u201c, sagt Ludwigsburgs Trainer Michael Dornheim. \u201eSie k\u00f6nnen teilweise sehr starke Leistungen abrufen, spielen aber auch sehr schwankend und sind fehleranf\u00e4llig. Wir freuen uns auf unser Heimpublikum und hoffen auf m\u00f6glichst gro\u00dfe Unterst\u00fctzung im Saison-Endspurt.\u201c<\/p>\n<p style=\"text-align: justify;\">F\u00fcnf Spieltage vor Saisonschluss sind die Barock Volleys mit 39 Punkten auf Tabellenplatz 3 ger\u00fcckt. Der Tabellenf\u00fchrer Blue Volleys Gotha (57 Punkte) hat sich am vergangenen Wochenende mit dem Sieg gegen Rottenburg bereits die Meisterschaft in der 2. Liga S\u00fcd gesichert. Der Tabellenzweite TuS Kriftel liegt mit einem Spiel mehr auf dem Konto derzeit f\u00fcnf Punkte vor den Barock Volleys.<\/p>\n<hr \/>\n<p style=\"text-align: justify;\">\n","protected":false},"excerpt":{"rendered":"<p>Barock Volleys MTV Ludwigsburg empfangen zum Doppel-Heimspieltag die Youngstars und Mimmenhausen Ludwigsburg.| Wird das Dutzend voll? Nach elf Siegen in Folge wollen die Zweitliga-Volleyballer der Barock Volleys MTV Ludwigsburg am Wochenende die Serie weiter ausbauen: Zun\u00e4chst empf\u00e4ngt der Tabellendritte am Samstagabend (19 Uhr, Innenstadtsporthalle) die Nachwuchsspieler der Youngstars Friedrichshafen, bevor am Sonntag (15 Uhr) der [&hellip;]<\/p>\n","protected":false},"author":4,"featured_media":0,"comment_status":"closed","ping_status":"open","sticky":false,"template":"","format":"standard","meta":{"inline_featured_image":false,"_exactmetrics_skip_tracking":false,"_exactmetrics_sitenote_active":false,"_exactmetrics_sitenote_note":"","_exactmetrics_sitenote_category":0,"footnotes":""},"categories":[110],"tags":[17904,14857,6,13736,68,9,10629],"class_list":{"0":"post-155473","1":"post","2":"type-post","3":"status-publish","4":"format-standard","6":"category-sport","7":"tag-barock-volleys","8":"tag-die-webzeitung","9":"tag-ludwigsburg","10":"tag-mtv","11":"tag-online-zeitung","12":"tag-schaumedia","13":"tag-volleyball"},"image_feature":null,"author_name":"Redaktion","pure_taxonomies":{"categories":[{"term_id":110,"name":"Sport","slug":"sport","term_group":0,"term_taxonomy_id":112,"taxonomy":"category","description":"Sportberichte","parent":0,"count":1043,"filter":"raw","image":""}],"tags":[{"term_id":17904,"name":"Barock-Volleys","slug":"barock-volleys","term_group":0,"term_taxonomy_id":17923,"taxonomy":"post_tag","description":"","parent":0,"count":39,"filter":"raw","image":""},{"term_id":14857,"name":"Die-Webzeitung","slug":"die-webzeitung","term_group":0,"term_taxonomy_id":14876,"taxonomy":"post_tag","description":"","parent":0,"count":3625,"filter":"raw","image":""},{"term_id":6,"name":"Ludwigsburg","slug":"ludwigsburg","term_group":0,"term_taxonomy_id":6,"taxonomy":"post_tag","description":"","parent":0,"count":180,"filter":"raw","image":""},{"term_id":13736,"name":"MTV","slug":"mtv","term_group":0,"term_taxonomy_id":13778,"taxonomy":"post_tag","description":"","parent":0,"count":22,"filter":"raw","image":""},{"term_id":68,"name":"Online-Zeitung","slug":"online-zeitung","term_group":0,"term_taxonomy_id":69,"taxonomy":"post_tag","description":"","parent":0,"count":3595,"filter":"raw","image":""},{"term_id":9,"name":"SchauMedia","slug":"schaumedia","term_group":0,"term_taxonomy_id":9,"taxonomy":"post_tag","description":"","parent":0,"count":1607,"filter":"raw","image":""},{"term_id":10629,"name":"Volleyball","slug":"volleyball","term_group":0,"term_taxonomy_id":10665,"taxonomy":"post_tag","description":"","parent":0,"count":90,"filter":"raw","image":""}]},"_links":{"self":[{"href":"https:\/\/die-webzeitung.de\/stuttgart\/wp-json\/wp\/v2\/posts\/155473","targetHints":{"allow":["GET"]}}],"collection":[{"href":"https:\/\/die-webzeitung.de\/stuttgart\/wp-json\/wp\/v2\/posts"}],"about":[{"href":"https:\/\/die-webzeitung.de\/stuttgart\/wp-json\/wp\/v2\/types\/post"}],"author":[{"embeddable":true,"href":"https:\/\/die-webzeitung.de\/stuttgart\/wp-json\/wp\/v2\/users\/4"}],"replies":[{"embeddable":true,"href":"https:\/\/die-webzeitung.de\/stuttgart\/wp-json\/wp\/v2\/comments?post=155473"}],"version-history":[{"count":0,"href":"https:\/\/die-webzeitung.de\/stuttgart\/wp-json\/wp\/v2\/posts\/155473\/revisions"}],"wp:attachment":[{"href":"https:\/\/die-webzeitung.de\/stuttgart\/wp-json\/wp\/v2\/media?parent=155473"}],"wp:term":[{"taxonomy":"category","embeddable":true,"href":"https:\/\/die-webzeitung.de\/stuttgart\/wp-json\/wp\/v2\/categories?post=155473"},{"taxonomy":"post_tag","embeddable":true,"href":"https:\/\/die-webzeitung.de\/stuttgart\/wp-json\/wp\/v2\/tags?post=155473"}],"curies":[{"name":"wp","href":"https:\/\/api.w.org\/{rel}","templated":true}]}}