{"id":155459,"date":"2025-03-12T13:11:33","date_gmt":"2025-03-12T12:11:33","guid":{"rendered":"https:\/\/die-webzeitung.de\/stuttgart\/2025\/03\/12\/dfb-reicht-vorlaeufige-bewerbungsunterlagen-fuer-uefa-womens-euro-2029-ein\/"},"modified":"2025-03-12T13:11:33","modified_gmt":"2025-03-12T12:11:33","slug":"dfb-reicht-vorlaeufige-bewerbungsunterlagen-fuer-uefa-womens-euro-2029-ein","status":"publish","type":"post","link":"https:\/\/die-webzeitung.de\/stuttgart\/2025\/03\/12\/dfb-reicht-vorlaeufige-bewerbungsunterlagen-fuer-uefa-womens-euro-2029-ein\/","title":{"rendered":"DFB reicht vorl\u00e4ufige Bewerbungsunterlagen f\u00fcr UEFA Women&#8217;s EURO 2029 ein"},"content":{"rendered":"<p style=\"text-align: justify;\">Der Deutsche Fu\u00dfball-Bund (DFB) hat am heutigen Mittwoch seine vorl\u00e4ufigen Bewerbungsunterlagen \u2013 das so genannte Preliminary-Bid Book \u2013 f\u00fcr die Ausrichtung der UEFA Women&#8217;s EURO 2029 bei der UEFA eingereicht. Nach sechsmonatiger intensiver Arbeit in zahlreichen Projektgruppen aus den verschiedensten Fachbereichen ist damit ein weiterer Schritt auf dem Weg zur Vergabe des Turniers im Dezember getan.<\/p>\n<p style=\"text-align: justify;\">Das Bid Book umfasst elf Kapitel, die sich ausgiebig mit von der UEFA vorgegebenen Fragestellungen auseinandersetzen. Thematisch werden unter anderem die Bereiche Vision und Wirkung, Nachhaltigkeit, Recht, Stadien, Sicherheit, Mobilit\u00e4t, Logistik und Finanzen bearbeitet. Das Bid Book umfasst rund 650 Seiten. Die UEFA wird die eingereichten Unterlagen in den n\u00e4chsten Monaten pr\u00fcfen und dann eventuell noch zu kl\u00e4rende Fragen bei den Bewerbern hinterlegen. Fristende f\u00fcr die finale Version des Bid Books ist Ende August 2025.<\/p>\n<p style=\"text-align: justify;\">Kern der DFB-Bewerbung ist die Vision, die in dem Slogan \u201eTogether WE Rise\u201c zum Ausdruck kommt. Die Frauen-EM soll einen Rekorderl\u00f6s erzielen, um den Frauenfu\u00dfball in ganz Europa nachhaltig in allen Bereichen zu st\u00e4rken.<\/p>\n<p style=\"text-align: justify;\">DFB-Pr\u00e4sident Bernd Neuendorf sagt: \u201eIch danke den Mitgliedern des Projektteams sowie allen Beteiligten der St\u00e4dte und Stadien f\u00fcr die engagierte Arbeit in den vergangenen Monaten. Das vorliegende Bid Book untermauert unseren Anspruch, mit dem\u00a0Turnier den Frauenfu\u00dfball in Europa in s\u00e4mtlichen Bereichen nachhaltig zu st\u00e4rken. Wir wollen mehr als eine Millionen Menschen in unseren Stadien willkommen hei\u00dfen und die UEFA-Women\u2018s EURO zu einem \u00f6konomischen Erfolg werden lassen.\u201c<\/p>\n<p style=\"text-align: justify;\">DFB-Generalsekret\u00e4rin Heike Ullrich erg\u00e4nzt: \u201eDie Abgabe des vorl\u00e4ufigen Bid Books ist ein weiterer Meilenstein.\u00a0Wir haben in den vergangenen Monaten gemeinsam innerhalb des DFB-Projektteams und mit unseren starken Partnern der St\u00e4dte und Stadienbetreiber intensiv an den Inhalten gearbeitet. In den verschiedenen Bereichen konnten wir umfassend die geforderten Fakten zusammentragen und dabei unsere Vision mit konkreten und zahlreichen Ma\u00dfnahmen untermauern. F\u00fcr uns ist das vorl\u00e4ufige Bid Book nun die Basis, um in den kommenden Monaten im Dialog mit der UFEA und unseren Bidding-Partnern unsere Bewerbung noch besser zu machen.\u201c<\/p>\n<hr \/>\n<p style=\"text-align: justify;\">\n","protected":false},"excerpt":{"rendered":"<p>Der Deutsche Fu\u00dfball-Bund (DFB) hat am heutigen Mittwoch seine vorl\u00e4ufigen Bewerbungsunterlagen \u2013 das so genannte Preliminary-Bid Book \u2013 f\u00fcr die Ausrichtung der UEFA Women&#8217;s EURO 2029 bei der UEFA eingereicht. Nach sechsmonatiger intensiver Arbeit in zahlreichen Projektgruppen aus den verschiedensten Fachbereichen ist damit ein weiterer Schritt auf dem Weg zur Vergabe des Turniers im Dezember [&hellip;]<\/p>\n","protected":false},"author":4,"featured_media":147453,"comment_status":"closed","ping_status":"open","sticky":false,"template":"","format":"standard","meta":{"inline_featured_image":false,"_exactmetrics_skip_tracking":false,"_exactmetrics_sitenote_active":false,"_exactmetrics_sitenote_note":"","_exactmetrics_sitenote_category":0,"footnotes":""},"categories":[110],"tags":[11983,14857,9736,129,68,9],"class_list":{"0":"post-155459","1":"post","2":"type-post","3":"status-publish","4":"format-standard","5":"has-post-thumbnail","7":"category-sport","8":"tag-dfb","9":"tag-die-webzeitung","10":"tag-frauen","11":"tag-fusball","12":"tag-online-zeitung","13":"tag-schaumedia"},"image_feature":"https:\/\/die-webzeitung.de\/stuttgart\/wp-content\/uploads\/sites\/4\/2022\/10\/fussball-scaled.jpg","author_name":"Redaktion","pure_taxonomies":{"categories":[{"term_id":110,"name":"Sport","slug":"sport","term_group":0,"term_taxonomy_id":112,"taxonomy":"category","description":"Sportberichte","parent":0,"count":1043,"filter":"raw","image":""}],"tags":[{"term_id":11983,"name":"DFB","slug":"dfb","term_group":0,"term_taxonomy_id":12021,"taxonomy":"post_tag","description":"","parent":0,"count":46,"filter":"raw","image":""},{"term_id":14857,"name":"Die-Webzeitung","slug":"die-webzeitung","term_group":0,"term_taxonomy_id":14876,"taxonomy":"post_tag","description":"","parent":0,"count":3625,"filter":"raw","image":""},{"term_id":9736,"name":"Frauen","slug":"frauen","term_group":0,"term_taxonomy_id":9767,"taxonomy":"post_tag","description":"","parent":0,"count":20,"filter":"raw","image":""},{"term_id":129,"name":"Fu\u00dfball","slug":"fusball","term_group":0,"term_taxonomy_id":131,"taxonomy":"post_tag","description":"","parent":0,"count":171,"filter":"raw","image":""},{"term_id":68,"name":"Online-Zeitung","slug":"online-zeitung","term_group":0,"term_taxonomy_id":69,"taxonomy":"post_tag","description":"","parent":0,"count":3595,"filter":"raw","image":""},{"term_id":9,"name":"SchauMedia","slug":"schaumedia","term_group":0,"term_taxonomy_id":9,"taxonomy":"post_tag","description":"","parent":0,"count":1607,"filter":"raw","image":""}]},"_links":{"self":[{"href":"https:\/\/die-webzeitung.de\/stuttgart\/wp-json\/wp\/v2\/posts\/155459","targetHints":{"allow":["GET"]}}],"collection":[{"href":"https:\/\/die-webzeitung.de\/stuttgart\/wp-json\/wp\/v2\/posts"}],"about":[{"href":"https:\/\/die-webzeitung.de\/stuttgart\/wp-json\/wp\/v2\/types\/post"}],"author":[{"embeddable":true,"href":"https:\/\/die-webzeitung.de\/stuttgart\/wp-json\/wp\/v2\/users\/4"}],"replies":[{"embeddable":true,"href":"https:\/\/die-webzeitung.de\/stuttgart\/wp-json\/wp\/v2\/comments?post=155459"}],"version-history":[{"count":0,"href":"https:\/\/die-webzeitung.de\/stuttgart\/wp-json\/wp\/v2\/posts\/155459\/revisions"}],"wp:featuredmedia":[{"embeddable":true,"href":"https:\/\/die-webzeitung.de\/stuttgart\/wp-json\/wp\/v2\/media\/147453"}],"wp:attachment":[{"href":"https:\/\/die-webzeitung.de\/stuttgart\/wp-json\/wp\/v2\/media?parent=155459"}],"wp:term":[{"taxonomy":"category","embeddable":true,"href":"https:\/\/die-webzeitung.de\/stuttgart\/wp-json\/wp\/v2\/categories?post=155459"},{"taxonomy":"post_tag","embeddable":true,"href":"https:\/\/die-webzeitung.de\/stuttgart\/wp-json\/wp\/v2\/tags?post=155459"}],"curies":[{"name":"wp","href":"https:\/\/api.w.org\/{rel}","templated":true}]}}