{"id":155441,"date":"2025-03-11T11:21:53","date_gmt":"2025-03-11T10:21:53","guid":{"rendered":"https:\/\/die-webzeitung.de\/stuttgart\/?p=155441"},"modified":"2025-03-11T11:21:53","modified_gmt":"2025-03-11T10:21:53","slug":"dr-jan-neidhardt-wird-neuer-geschaeftsfuehrer-beim-vvs","status":"publish","type":"post","link":"https:\/\/die-webzeitung.de\/stuttgart\/2025\/03\/11\/dr-jan-neidhardt-wird-neuer-geschaeftsfuehrer-beim-vvs\/","title":{"rendered":"Dr. Jan Neidhardt wird neuer Gesch\u00e4ftsf\u00fchrer beim VVS"},"content":{"rendered":"<p style=\"text-align: justify;\">Stuttgart.| Der bisherige Prokurist und Abteilungsleiter beim VVS wurde von der Gesellschafterversammlung der Verkehrs- und Tarifverbund Stuttgart GmbH einstimmig zum Gesch\u00e4ftsf\u00fchrer der Gesellschaft bestellt.<\/p>\n<p style=\"text-align: justify;\">Die Gesellschafterversammlung der Verkehrs- und Tarifverbund Stuttgart GmbH hat in ihrer Sitzung vom 10. M\u00e4rz Dr. Jan Neidhardt mit einstimmigem Beschluss zum Gesch\u00e4ftsf\u00fchrer der Gesellschaft bestellt. Der 37-j\u00e4hrige Jan Neidhardt war seither Abteilungsleiter Betriebswirtschaft und Prokurist beim VVS. Zum 15. M\u00e4rz wechselt Neidhardt in die Gesch\u00e4ftsf\u00fchrung des VVS.<\/p>\n<p style=\"text-align: justify;\">Oberb\u00fcrgermeister Dr. Frank Nopper, Vorsitzender des VVS-Aufsichtsrates, freut sich, dass \u201ewir mit Herrn Dr. Neidhardt einen anerkannten Fachmann gewinnen konnten, der \u00d6PNV im Blut hat. Seine Pers\u00f6nlichkeit steht einerseits f\u00fcr frischen und jungen Elan sowie andererseits f\u00fcr gereifte Erfahrung in jahrelangen Diensten des VVS. Mit dem neuen Gesch\u00e4ftsf\u00fchrer-Duo Cornelia Christian und Jan Neidhardt ist der VVS hervorragend aufgestellt, um den \u00f6ffentlichen Nahverkehr in der Region Stuttgart auch in schwierigen Zeiten voranzutreiben.\u201c<\/p>\n<p style=\"text-align: justify;\">\u201eIch bedanke mich f\u00fcr das Vertrauen der Gesellschafter. Der Nahverkehr in der Region steht auf einem guten Fundament, aber auch vor gro\u00dfen Herausforderungen. Ich freue mich darauf, sie mit dem fantastischen Team beim VVS und gemeinsam mit den Verkehrsunternehmen und Aufgabentr\u00e4gern anzugehen!\u201c, sagt der neue Gesch\u00e4ftsf\u00fchrer Dr. Jan Neidhardt.<\/p>\n<p style=\"text-align: justify;\">Jan Neidhardt folgt auf Thomas Hachenberger, der Ende des Jahres nach 20 Jahren in der VVS-Gesch\u00e4ftsf\u00fchrung aus der Gesellschaft ausgeschieden ist. Er f\u00fchrt den VVS k\u00fcnftig gemeinsam mit Cornelia Christian.<\/p>\n<hr \/>\n<p style=\"text-align: justify;\">\n","protected":false},"excerpt":{"rendered":"<p>Stuttgart.| Der bisherige Prokurist und Abteilungsleiter beim VVS wurde von der Gesellschafterversammlung der Verkehrs- und Tarifverbund Stuttgart GmbH einstimmig zum Gesch\u00e4ftsf\u00fchrer der Gesellschaft bestellt. Die Gesellschafterversammlung der Verkehrs- und Tarifverbund Stuttgart GmbH hat in ihrer Sitzung vom 10. M\u00e4rz Dr. Jan Neidhardt mit einstimmigem Beschluss zum Gesch\u00e4ftsf\u00fchrer der Gesellschaft bestellt. Der 37-j\u00e4hrige Jan Neidhardt war [&hellip;]<\/p>\n","protected":false},"author":4,"featured_media":155442,"comment_status":"closed","ping_status":"open","sticky":false,"template":"","format":"standard","meta":{"inline_featured_image":false,"_exactmetrics_skip_tracking":false,"_exactmetrics_sitenote_active":false,"_exactmetrics_sitenote_note":"","_exactmetrics_sitenote_category":0,"footnotes":""},"categories":[479],"tags":[14857,1084,68,9,275,9258,317],"class_list":{"0":"post-155441","1":"post","2":"type-post","3":"status-publish","4":"format-standard","5":"has-post-thumbnail","7":"category-wirtschaft","8":"tag-die-webzeitung","9":"tag-geschaftsfuhrung","10":"tag-online-zeitung","11":"tag-schaumedia","12":"tag-stuttgart","13":"tag-vorstand","14":"tag-vvs"},"image_feature":"https:\/\/die-webzeitung.de\/stuttgart\/wp-content\/uploads\/sites\/4\/2025\/03\/Presse2-Nopper-Neidhardt-Christian-scaled.jpg","author_name":"Redaktion","pure_taxonomies":{"categories":[{"term_id":479,"name":"Wirtschaft","slug":"wirtschaft","term_group":0,"term_taxonomy_id":1941,"taxonomy":"category","description":"","parent":0,"count":282,"filter":"raw","image":""}],"tags":[{"term_id":14857,"name":"Die-Webzeitung","slug":"die-webzeitung","term_group":0,"term_taxonomy_id":14876,"taxonomy":"post_tag","description":"","parent":0,"count":3625,"filter":"raw","image":""},{"term_id":1084,"name":"Gesch\u00e4ftsf\u00fchrung","slug":"geschaftsfuhrung","term_group":0,"term_taxonomy_id":1093,"taxonomy":"post_tag","description":"","parent":0,"count":2,"filter":"raw","image":""},{"term_id":68,"name":"Online-Zeitung","slug":"online-zeitung","term_group":0,"term_taxonomy_id":69,"taxonomy":"post_tag","description":"","parent":0,"count":3595,"filter":"raw","image":""},{"term_id":9,"name":"SchauMedia","slug":"schaumedia","term_group":0,"term_taxonomy_id":9,"taxonomy":"post_tag","description":"","parent":0,"count":1607,"filter":"raw","image":""},{"term_id":275,"name":"Stuttgart","slug":"stuttgart","term_group":0,"term_taxonomy_id":281,"taxonomy":"post_tag","description":"","parent":0,"count":1195,"filter":"raw","image":""},{"term_id":9258,"name":"Vorstand","slug":"vorstand","term_group":0,"term_taxonomy_id":9286,"taxonomy":"post_tag","description":"","parent":0,"count":8,"filter":"raw","image":""},{"term_id":317,"name":"VVS","slug":"vvs","term_group":0,"term_taxonomy_id":323,"taxonomy":"post_tag","description":"","parent":0,"count":25,"filter":"raw","image":""}]},"_links":{"self":[{"href":"https:\/\/die-webzeitung.de\/stuttgart\/wp-json\/wp\/v2\/posts\/155441","targetHints":{"allow":["GET"]}}],"collection":[{"href":"https:\/\/die-webzeitung.de\/stuttgart\/wp-json\/wp\/v2\/posts"}],"about":[{"href":"https:\/\/die-webzeitung.de\/stuttgart\/wp-json\/wp\/v2\/types\/post"}],"author":[{"embeddable":true,"href":"https:\/\/die-webzeitung.de\/stuttgart\/wp-json\/wp\/v2\/users\/4"}],"replies":[{"embeddable":true,"href":"https:\/\/die-webzeitung.de\/stuttgart\/wp-json\/wp\/v2\/comments?post=155441"}],"version-history":[{"count":1,"href":"https:\/\/die-webzeitung.de\/stuttgart\/wp-json\/wp\/v2\/posts\/155441\/revisions"}],"predecessor-version":[{"id":155443,"href":"https:\/\/die-webzeitung.de\/stuttgart\/wp-json\/wp\/v2\/posts\/155441\/revisions\/155443"}],"wp:featuredmedia":[{"embeddable":true,"href":"https:\/\/die-webzeitung.de\/stuttgart\/wp-json\/wp\/v2\/media\/155442"}],"wp:attachment":[{"href":"https:\/\/die-webzeitung.de\/stuttgart\/wp-json\/wp\/v2\/media?parent=155441"}],"wp:term":[{"taxonomy":"category","embeddable":true,"href":"https:\/\/die-webzeitung.de\/stuttgart\/wp-json\/wp\/v2\/categories?post=155441"},{"taxonomy":"post_tag","embeddable":true,"href":"https:\/\/die-webzeitung.de\/stuttgart\/wp-json\/wp\/v2\/tags?post=155441"}],"curies":[{"name":"wp","href":"https:\/\/api.w.org\/{rel}","templated":true}]}}