{"id":155435,"date":"2025-03-10T17:29:55","date_gmt":"2025-03-10T16:29:55","guid":{"rendered":"https:\/\/die-webzeitung.de\/stuttgart\/2025\/03\/10\/dresden-whs-startet-verkauf-des-eva-buettner-carre\/"},"modified":"2025-03-10T17:29:55","modified_gmt":"2025-03-10T16:29:55","slug":"dresden-whs-startet-verkauf-des-eva-buettner-carre","status":"publish","type":"post","link":"https:\/\/die-webzeitung.de\/stuttgart\/2025\/03\/10\/dresden-whs-startet-verkauf-des-eva-buettner-carre\/","title":{"rendered":"Dresden: WHS startet Verkauf des \u201eEva-B\u00fcttner-Carr\u00e9\u201c"},"content":{"rendered":"<p style=\"text-align: justify;\"><strong>Die W\u00fcstenrot Haus- und St\u00e4dtebau GmbH (WHS) mit Hauptsitz in Ludwigsburg startet mit dem Verkauf von 64 Eigentumswohnungen in der Dresdner Neustadt im Bereich der Albertstadt. Die 2- bis 4-Zimmer-Wohnungen mit Wohnfl\u00e4chen von ca. 62 bis ca. 125 Quadratmetern bieten Familien, Paaren und Singles ein modernes Zuhause in zentraler Lage. Bezugsfertig sollen die Wohnungen in der Eva-B\u00fcttner-Stra\u00dfe 16, 18, 18 a-c Ende 2027 sein. <\/strong><\/p>\n<p style=\"text-align: justify;\">Das Erscheinungsbild des Mehrfamilienhauses mit geneigten Walm- bzw. Mansarddachfl\u00e4chen passt sich dem historischen Stadtbild an. Die 64 Wohnungen bieten eine gro\u00dfe Vielfalt an Grundrissen sowie eine attraktive Ausstattung. Dazu z\u00e4hlen unter anderem Fu\u00dfbodenheizung, bodenebene oder bodennahe Duschen, moderne Aufzugsanlagen und, je nach Grundrissvariante, Terrassen, Balkone oder beheizbare Winterg\u00e4rten. Eine Tiefgarage und gemeinschaftliche Au\u00dfenanlagen mit Kinderspielplatz runden das Gesamtbild ab.<\/p>\n<p style=\"text-align: justify;\">Dem Thema Nachhaltigkeit tr\u00e4gt die WHS mit dem Projekt \u201eEva-B\u00fcttner-Carr\u00e9\u201c ebenfalls Rechnung. Der Neubau wird im Energie-Effizienzhaus-40-EE-Standard errichtet und erf\u00fcllt die Anforderungen des Qualit\u00e4tssiegels Nachhaltiges Geb\u00e4ude Plus (QNG-Plus). \u201eDaf\u00fcr werden wir auch das Nachhaltigkeitszertifikat \u201eNachhaltiger Wohnungsbau (Nawoh)\u201c erhalten\u201c, sagt Marcus Ziemer, Gesch\u00e4ftsf\u00fchrer der WHS. Die Versorgung des Geb\u00e4udes mit Heizung und Warmwasser erfolgt \u00fcber das Fernw\u00e4rmenetz des \u00f6rtlichen Versorgers.<\/p>\n<p style=\"text-align: justify;\">J\u00f6rg Tigges, weiterer Gesch\u00e4ftsf\u00fchrer der WHS, zur Lage des Projekts: \u201eDie Innenstadt, die Sehensw\u00fcrdigkeiten der Altstadt, Universit\u00e4ten, die Elbauen oder zahlreiche Hightech-Unternehmen befinden sich in unmittelbarer N\u00e4he oder sind verkehrstechnisch schnell erreichbar.\u201c<\/p>\n<p style=\"text-align: justify;\">Weitere Informationen stellt die WHS unter <a href=\"https:\/\/www.whs-wuestenrot.de\/projekte\/dresden\/\" target=\"_blank\" rel=\"noopener\" data-saferedirecturl=\"https:\/\/www.google.com\/url?q=https:\/\/www.whs-wuestenrot.de\/projekte\/dresden\/&amp;source=gmail&amp;ust=1741699884974000&amp;usg=AOvVaw3fLpv-8cBIz65mUJ--6vNt\">www.eva-buettner-carre.de<\/a> bereit.<\/p>\n<hr \/>\n<p style=\"text-align: justify;\">\n","protected":false},"excerpt":{"rendered":"<p>Die W\u00fcstenrot Haus- und St\u00e4dtebau GmbH (WHS) mit Hauptsitz in Ludwigsburg startet mit dem Verkauf von 64 Eigentumswohnungen in der Dresdner Neustadt im Bereich der Albertstadt. Die 2- bis 4-Zimmer-Wohnungen mit Wohnfl\u00e4chen von ca. 62 bis ca. 125 Quadratmetern bieten Familien, Paaren und Singles ein modernes Zuhause in zentraler Lage. Bezugsfertig sollen die Wohnungen in [&hellip;]<\/p>\n","protected":false},"author":4,"featured_media":0,"comment_status":"closed","ping_status":"open","sticky":false,"template":"","format":"standard","meta":{"inline_featured_image":false,"_exactmetrics_skip_tracking":false,"_exactmetrics_sitenote_active":false,"_exactmetrics_sitenote_note":"","_exactmetrics_sitenote_category":0,"footnotes":""},"categories":[479],"tags":[14857,13237,6,68,9,2018,19],"class_list":{"0":"post-155435","1":"post","2":"type-post","3":"status-publish","4":"format-standard","6":"category-wirtschaft","7":"tag-die-webzeitung","8":"tag-dresden","9":"tag-ludwigsburg","10":"tag-online-zeitung","11":"tag-schaumedia","12":"tag-whs","13":"tag-wustenrot"},"image_feature":null,"author_name":"Redaktion","pure_taxonomies":{"categories":[{"term_id":479,"name":"Wirtschaft","slug":"wirtschaft","term_group":0,"term_taxonomy_id":1941,"taxonomy":"category","description":"","parent":0,"count":282,"filter":"raw","image":""}],"tags":[{"term_id":14857,"name":"Die-Webzeitung","slug":"die-webzeitung","term_group":0,"term_taxonomy_id":14876,"taxonomy":"post_tag","description":"","parent":0,"count":3625,"filter":"raw","image":""},{"term_id":13237,"name":"Dresden","slug":"dresden","term_group":0,"term_taxonomy_id":13278,"taxonomy":"post_tag","description":"","parent":0,"count":2,"filter":"raw","image":""},{"term_id":6,"name":"Ludwigsburg","slug":"ludwigsburg","term_group":0,"term_taxonomy_id":6,"taxonomy":"post_tag","description":"","parent":0,"count":180,"filter":"raw","image":""},{"term_id":68,"name":"Online-Zeitung","slug":"online-zeitung","term_group":0,"term_taxonomy_id":69,"taxonomy":"post_tag","description":"","parent":0,"count":3595,"filter":"raw","image":""},{"term_id":9,"name":"SchauMedia","slug":"schaumedia","term_group":0,"term_taxonomy_id":9,"taxonomy":"post_tag","description":"","parent":0,"count":1607,"filter":"raw","image":""},{"term_id":2018,"name":"WHS","slug":"whs","term_group":0,"term_taxonomy_id":2030,"taxonomy":"post_tag","description":"","parent":0,"count":24,"filter":"raw","image":""},{"term_id":19,"name":"W\u00fcstenrot","slug":"wustenrot","term_group":0,"term_taxonomy_id":19,"taxonomy":"post_tag","description":"","parent":0,"count":171,"filter":"raw","image":""}]},"_links":{"self":[{"href":"https:\/\/die-webzeitung.de\/stuttgart\/wp-json\/wp\/v2\/posts\/155435","targetHints":{"allow":["GET"]}}],"collection":[{"href":"https:\/\/die-webzeitung.de\/stuttgart\/wp-json\/wp\/v2\/posts"}],"about":[{"href":"https:\/\/die-webzeitung.de\/stuttgart\/wp-json\/wp\/v2\/types\/post"}],"author":[{"embeddable":true,"href":"https:\/\/die-webzeitung.de\/stuttgart\/wp-json\/wp\/v2\/users\/4"}],"replies":[{"embeddable":true,"href":"https:\/\/die-webzeitung.de\/stuttgart\/wp-json\/wp\/v2\/comments?post=155435"}],"version-history":[{"count":0,"href":"https:\/\/die-webzeitung.de\/stuttgart\/wp-json\/wp\/v2\/posts\/155435\/revisions"}],"wp:attachment":[{"href":"https:\/\/die-webzeitung.de\/stuttgart\/wp-json\/wp\/v2\/media?parent=155435"}],"wp:term":[{"taxonomy":"category","embeddable":true,"href":"https:\/\/die-webzeitung.de\/stuttgart\/wp-json\/wp\/v2\/categories?post=155435"},{"taxonomy":"post_tag","embeddable":true,"href":"https:\/\/die-webzeitung.de\/stuttgart\/wp-json\/wp\/v2\/tags?post=155435"}],"curies":[{"name":"wp","href":"https:\/\/api.w.org\/{rel}","templated":true}]}}